{"id":44669,"date":"2024-07-31T22:08:55","date_gmt":"2024-08-01T01:08:55","guid":{"rendered":"https:\/\/radiorevelacionfm.cl\/?p=44669"},"modified":"2024-07-31T22:08:55","modified_gmt":"2024-08-01T01:08:55","slug":"senadora-ordenes-sobre-falta-de-un-sistema-instrumental-de-aterrizaje-en-aerodromo-de-balmaceda-es-la-puerta-de-entrada-a-una-region-que-ademas-tiene-vocacion-turistica","status":"publish","type":"post","link":"https:\/\/radiorevelacionfm.cl\/?p=44669","title":{"rendered":"Senadora \u00d3rdenes sobre falta de un sistema instrumental de aterrizaje en aer\u00f3dromo de Balmaceda: \u201cEs la puerta de entrada a una regi\u00f3n que adem\u00e1s tiene vocaci\u00f3n tur\u00edstica\u201d"},"content":{"rendered":"<div class=\"flex_column av_one_full  flex_column_div av-zero-column-padding first  avia-builder-el-0  el_before_av_one_full  avia-builder-el-first  \" style='border-radius:0px; '><div  class='avia-image-container  av-styling-    avia-builder-el-1  avia-builder-el-no-sibling  avia-align-center '  itemprop=\"image\" itemscope=\"itemscope\" itemtype=\"https:\/\/schema.org\/ImageObject\"  ><div class='avia-image-container-inner'><div class='avia-image-overlay-wrap'><img decoding=\"async\" class='wp-image-44670 avia-img-lazy-loading-not-44670 avia_image' src=\"https:\/\/radiorevelacionfm.cl\/wp-content\/uploads\/2024\/07\/SENADORA-FOTO-1-9-1-1.jpeg\" alt='' title='SENADORA FOTO #1 (9) (1) (1)' height=\"600\" width=\"900\"  itemprop=\"thumbnailUrl\" srcset=\"https:\/\/radiorevelacionfm.cl\/wp-content\/uploads\/2024\/07\/SENADORA-FOTO-1-9-1-1.jpeg 900w, https:\/\/radiorevelacionfm.cl\/wp-content\/uploads\/2024\/07\/SENADORA-FOTO-1-9-1-1-300x200.jpeg 300w, https:\/\/radiorevelacionfm.cl\/wp-content\/uploads\/2024\/07\/SENADORA-FOTO-1-9-1-1-768x512.jpeg 768w, https:\/\/radiorevelacionfm.cl\/wp-content\/uploads\/2024\/07\/SENADORA-FOTO-1-9-1-1-705x470.jpeg 705w, https:\/\/radiorevelacionfm.cl\/wp-content\/uploads\/2024\/07\/SENADORA-FOTO-1-9-1-1-450x300.jpeg 450w, https:\/\/radiorevelacionfm.cl\/wp-content\/uploads\/2024\/07\/SENADORA-FOTO-1-9-1-1-600x400.jpeg 600w\" sizes=\"(max-width: 900px) 100vw, 900px\" \/><\/div><\/div><\/div><\/div><div class=\"flex_column av_one_full  flex_column_div av-zero-column-padding first  avia-builder-el-2  el_after_av_one_full  el_before_av_one_full  column-top-margin\" style='border-radius:0px; '><section class=\"av_textblock_section \"  itemscope=\"itemscope\" itemtype=\"https:\/\/schema.org\/BlogPosting\" itemprop=\"blogPost\" ><div class='avia_textblock  '   itemprop=\"text\" ><p style=\"text-align: center;\"><strong><span style=\"font-size: 18pt;\">Senadora \u00d3rdenes sobre falta de un sistema instrumental de aterrizaje en aer\u00f3dromo de Balmaceda: \u201cEs la puerta de entrada a una regi\u00f3n que adem\u00e1s tiene vocaci\u00f3n tur\u00edstica\u201d<\/span><\/strong><\/p>\n<div id=\"gtx-trans\" style=\"position: absolute; left: -50px; top: 4.31534px;\">\n<div class=\"gtx-trans-icon\"><\/div>\n<\/div>\n<\/div><\/section><\/div><div class=\"flex_column av_one_full  flex_column_div av-zero-column-padding first  avia-builder-el-4  el_after_av_one_full  el_before_av_hr  column-top-margin\" style='border-radius:0px; '><section class=\"av_textblock_section \"  itemscope=\"itemscope\" itemtype=\"https:\/\/schema.org\/BlogPosting\" itemprop=\"blogPost\" ><div class='avia_textblock  '   itemprop=\"text\" ><p style=\"text-align: justify;\">Luego de las complicaciones que presentaron algunos aeropuertos de la Zona Austral, como El Tepual, en Puerto Montt o el aer\u00f3dromo de Balmaceda -una de las principales entradas a la regi\u00f3n de Ays\u00e9n-, registrando suspensiones de vuelos y retrasos de hasta un d\u00eda por las condiciones de visibilidad, la senadora por la regi\u00f3n de Ays\u00e9n, Ximena \u00d3rdenes Neira, qui\u00e9n preside la Comisi\u00f3n de Transportes y Telecomunicaciones, r\u00e1pidamente dio cuenta de esta situaci\u00f3n, oficiando a todos los actores involucrados, como a la Direcci\u00f3n General de Aeron\u00e1utica Civil -DGAC-, al Ministerio de Obras P\u00fablicas, a la Direcci\u00f3n de Aeropuertos y a la Junta Nacional de Aeron\u00e1utica Civil, a cargo del Ministerio de Transportes y Telecomunicaciones, para saber qu\u00e9 sistema de aproximaci\u00f3n ILS se proyectar\u00e1 en cada caso.<\/p>\n<p style=\"text-align: justify;\">En la sesi\u00f3n de la Comisi\u00f3n de este mi\u00e9rcoles, particip\u00f3 como invitada la directora nacional de aeropuertos, Claudia Silva, quien dio cuenta sobre qu\u00e9 medidas se est\u00e1n tomando y cu\u00e1l ser\u00e1 el alcance de estas medidas. Por su parte, y luego de que la directora le respondiera una serie de inquietudes sobre las proyecciones para el aer\u00f3dromo de Balmaceda, la representante de la regi\u00f3n de Ays\u00e9n en el Senado, sostuvo que las metodolog\u00edas deben revisarse.<\/p>\n<p style=\"text-align: justify;\">\u201cCreo que la metodolog\u00eda la tienen que revisar\u201d, le coment\u00f3 la parlamentaria a la directora. \u201cLo digo porque en APR la cambiamos, sino no pod\u00edamos seguir haciendo APR. La Carretera Austral no se habr\u00eda pavimentado ni un kil\u00f3metro si esto no ocurre\u201d, se\u00f1al\u00f3, argumentando que \u201clos costos son los que son. 10 mil millones son varios lotos, pero son menos de 10 kil\u00f3metros de pavimento y estamos hablando de la misma conectividad. Entonces, para que tambi\u00e9n lo pongamos en esa perspectiva, 10 kil\u00f3metros de pavimento es poco en una regi\u00f3n como Ays\u00e9n o Magallanes y la Ant\u00e1rtica Chilena\u201d.<\/p>\n<p style=\"text-align: justify;\">\u201cEs una reflexi\u00f3n sobre c\u00f3mo vamos a hacer los avances en conectividad en regiones de esta naturaleza. Por el n\u00famero de habitantes, nunca. Por eso son prioridades presidenciales o pasamos de costo eficiencia, costo beneficio y creo que esa es una tarea\u201d, continu\u00f3 la parlamentaria, referenciando otras situaciones relacionadas a la zona austral. \u201cLa regi\u00f3n de Ays\u00e9n es la \u00fanica que no tiene este sistema instrumental de aterrizaje, si lo comparamos con El Tepual y Magallanes y esto tiene un plazo de por lo menos de un a\u00f1o m\u00e1s, si es que las licitaciones y las aperturas se dan en las condiciones \u00f3ptimas\u201d, recalc\u00f3.<\/p>\n<p style=\"text-align: justify;\">Esta es \u201cla puerta de entrada a una regi\u00f3n, que adem\u00e1s tiene una vocaci\u00f3n tur\u00edstica y que sigue creciendo\u201d, insisti\u00f3 la representante aisenina. \u201cEl Plan Maestro es del 2009-2010, es decir, llevamos harto tiempo en eso. Magallanes est\u00e1 pensando ya en el tema del hielo y estas condiciones son las mismas en toda la Zona Austral. Entonces, si ac\u00e1 exist\u00eda la oportunidad de hacer algo distinto en la categor\u00eda del ILS, quiz\u00e1s, aunque hubiese sido m\u00e1s complejo\u2026 Porque el nuevo salto, a un nuevo tipo de categor\u00eda, va tardar a\u00f1os y conociendo el sistema p\u00fablico, la repuesta va a ser \u2018pero si el a\u00f1o pasado instalamos el otro\u2019, entonces ser\u00e1 otra d\u00e9cada m\u00e1s\u201d, concluy\u00f3 \u00d3rdenes.<\/p>\n<p style=\"text-align: justify;\">Cabe aclarar que los Sistemas de Aproximaci\u00f3n Instrumental ILS &#8211;<em>Instrument Langing System<\/em>&#8211; es una radioayuda, que asiste la aproximaci\u00f3n y aterrizaje de una aeronave, entregando gu\u00edas horizontales y verticales. La directora nacional de aeropuertos, asegur\u00f3 que esta semana se tendr\u00e1 la apertura econ\u00f3mica para, por un lado extender la pista de aterrizaje del aer\u00f3dromo de Balmaceda y por otro, integrar un ILS CAT I, que permitir\u00e1 un alcance visual de 550 metros, contemplando 17 mil millones de pesos en la primera etapa de ejecuci\u00f3n.<\/p>\n<\/div><\/section><\/div><div  style='height:50px' class='hr hr-invisible   avia-builder-el-6  el_after_av_one_full  el_before_av_social_share '><span class='hr-inner ' ><span class='hr-inner-style'><\/span><\/span><\/div><\/p>\n<div  class='av-social-sharing-box  avia-builder-el-7  el_after_av_hr  el_before_av_hr  '><div class='av-share-box'><h5 class='av-share-link-description av-no-toc '>Compartir esta noticia<\/h5><ul class='av-share-box-list noLightbox'><li class='av-share-link av-social-link-facebook' ><a target=\"_blank\" aria-label=\"Compartir en Facebook\" href='https:\/\/www.facebook.com\/sharer.php?u=https:\/\/radiorevelacionfm.cl\/?p=44669&#038;t=Senadora%20%C3%93rdenes%20sobre%20falta%20de%20un%20sistema%20instrumental%20de%20aterrizaje%20en%20aer%C3%B3dromo%20de%20Balmaceda%3A%20%E2%80%9CEs%20la%20puerta%20de%20entrada%20a%20una%20regi%C3%B3n%20que%20adem%C3%A1s%20tiene%20vocaci%C3%B3n%20tur%C3%ADstica%E2%80%9D' aria-hidden='false' data-av_icon='\ue8f3' data-av_iconfont='entypo-fontello' title='' data-avia-related-tooltip='Compartir en Facebook' rel=\"noopener\"><span class='avia_hidden_link_text'>Compartir en Facebook<\/span><\/a><\/li><li class='av-share-link av-social-link-twitter' ><a target=\"_blank\" aria-label=\"Compartir en Twitter\" href='https:\/\/twitter.com\/share?text=Senadora%20%C3%93rdenes%20sobre%20falta%20de%20un%20sistema%20instrumental%20de%20aterrizaje%20en%20aer%C3%B3dromo%20de%20Balmaceda%3A%20%E2%80%9CEs%20la%20puerta%20de%20entrada%20a%20una%20regi%C3%B3n%20que%20adem%C3%A1s%20tiene%20vocaci%C3%B3n%20tur%C3%ADstica%E2%80%9D&#038;url=https:\/\/radiorevelacionfm.cl\/?p=44669' aria-hidden='false' data-av_icon='\ue8f1' data-av_iconfont='entypo-fontello' title='' data-avia-related-tooltip='Compartir en Twitter' rel=\"noopener\"><span class='avia_hidden_link_text'>Compartir en Twitter<\/span><\/a><\/li><li class='av-share-link av-social-link-whatsapp' ><a target=\"_blank\" aria-label=\"Compartir en Whatsapp\" href='https:\/\/api.whatsapp.com\/send?text=https:\/\/radiorevelacionfm.cl\/?p=44669' aria-hidden='false' data-av_icon='\uf232' data-av_iconfont='entypo-fontello' title='' data-avia-related-tooltip='Compartir en Whatsapp' rel=\"noopener\"><span class='avia_hidden_link_text'>Compartir en Whatsapp<\/span><\/a><\/li><li class='av-share-link av-social-link-linkedin' ><a target=\"_blank\" aria-label=\"Compartir en LinkedIn\" href='https:\/\/linkedin.com\/shareArticle?mini=true&#038;title=Senadora%20%C3%93rdenes%20sobre%20falta%20de%20un%20sistema%20instrumental%20de%20aterrizaje%20en%20aer%C3%B3dromo%20de%20Balmaceda%3A%20%E2%80%9CEs%20la%20puerta%20de%20entrada%20a%20una%20regi%C3%B3n%20que%20adem%C3%A1s%20tiene%20vocaci%C3%B3n%20tur%C3%ADstica%E2%80%9D&#038;url=https:\/\/radiorevelacionfm.cl\/?p=44669' aria-hidden='false' data-av_icon='\ue8fc' data-av_iconfont='entypo-fontello' title='' data-avia-related-tooltip='Compartir en LinkedIn' rel=\"noopener\"><span class='avia_hidden_link_text'>Compartir en LinkedIn<\/span><\/a><\/li><li class='av-share-link av-social-link-mail' ><a  aria-label=\"Compartir por correo\" href='mailto:?subject=Senadora%20%C3%93rdenes%20sobre%20falta%20de%20un%20sistema%20instrumental%20de%20aterrizaje%20en%20aer%C3%B3dromo%20de%20Balmaceda%3A%20%E2%80%9CEs%20la%20puerta%20de%20entrada%20a%20una%20regi%C3%B3n%20que%20adem%C3%A1s%20tiene%20vocaci%C3%B3n%20tur%C3%ADstica%E2%80%9D&#038;body=https:\/\/radiorevelacionfm.cl\/?p=44669' aria-hidden='false' data-av_icon='\ue805' data-av_iconfont='entypo-fontello' title='' data-avia-related-tooltip='Compartir por correo'><span class='avia_hidden_link_text'>Compartir por correo<\/span><\/a><\/li><\/ul><\/div><\/div>\n<div  style='height:50px' class='hr hr-invisible   avia-builder-el-8  el_after_av_social_share  el_before_av_comments_list '><span class='hr-inner ' ><span class='hr-inner-style'><\/span><\/span><\/div>\n<div  class='av-buildercomment  av-blog-meta-html-info-disabled av-blog-meta-tag-disabled  '><\/div>\n","protected":false},"excerpt":{"rendered":"","protected":false},"author":1,"featured_media":44670,"comment_status":"open","ping_status":"open","sticky":false,"template":"","format":"standard","meta":{"footnotes":""},"categories":[35],"tags":[],"class_list":["post-44669","post","type-post","status-publish","format-standard","has-post-thumbnail","hentry","category-politica"],"jetpack_featured_media_url":"https:\/\/radiorevelacionfm.cl\/wp-content\/uploads\/2024\/07\/SENADORA-FOTO-1-9-1-1.jpeg","_links":{"self":[{"href":"https:\/\/radiorevelacionfm.cl\/index.php?rest_route=\/wp\/v2\/posts\/44669","targetHints":{"allow":["GET"]}}],"collection":[{"href":"https:\/\/radiorevelacionfm.cl\/index.php?rest_route=\/wp\/v2\/posts"}],"about":[{"href":"https:\/\/radiorevelacionfm.cl\/index.php?rest_route=\/wp\/v2\/types\/post"}],"author":[{"embeddable":true,"href":"https:\/\/radiorevelacionfm.cl\/index.php?rest_route=\/wp\/v2\/users\/1"}],"replies":[{"embeddable":true,"href":"https:\/\/radiorevelacionfm.cl\/index.php?rest_route=%2Fwp%2Fv2%2Fcomments&post=44669"}],"version-history":[{"count":1,"href":"https:\/\/radiorevelacionfm.cl\/index.php?rest_route=\/wp\/v2\/posts\/44669\/revisions"}],"predecessor-version":[{"id":44671,"href":"https:\/\/radiorevelacionfm.cl\/index.php?rest_route=\/wp\/v2\/posts\/44669\/revisions\/44671"}],"wp:featuredmedia":[{"embeddable":true,"href":"https:\/\/radiorevelacionfm.cl\/index.php?rest_route=\/wp\/v2\/media\/44670"}],"wp:attachment":[{"href":"https:\/\/radiorevelacionfm.cl\/index.php?rest_route=%2Fwp%2Fv2%2Fmedia&parent=44669"}],"wp:term":[{"taxonomy":"category","embeddable":true,"href":"https:\/\/radiorevelacionfm.cl\/index.php?rest_route=%2Fwp%2Fv2%2Fcategories&post=44669"},{"taxonomy":"post_tag","embeddable":true,"href":"https:\/\/radiorevelacionfm.cl\/index.php?rest_route=%2Fwp%2Fv2%2Ftags&post=44669"}],"curies":[{"name":"wp","href":"https:\/\/api.w.org\/{rel}","templated":true}]}}