{"id":44666,"date":"2024-07-31T21:49:34","date_gmt":"2024-08-01T00:49:34","guid":{"rendered":"https:\/\/radiorevelacionfm.cl\/?p=44666"},"modified":"2024-07-31T21:49:34","modified_gmt":"2024-08-01T00:49:34","slug":"injuv-aysen-lanza-parrilla-de-actividades-para-el-mes-de-las-juventudes","status":"publish","type":"post","link":"https:\/\/radiorevelacionfm.cl\/?p=44666","title":{"rendered":"INJUV Ays\u00e9n lanza parrilla de actividades para el Mes de las Juventudes"},"content":{"rendered":"<div class=\"flex_column av_one_full  flex_column_div av-zero-column-padding first  avia-builder-el-0  el_before_av_one_full  avia-builder-el-first  \" style='border-radius:0px; '><div  class='avia-image-container  av-styling-    avia-builder-el-1  avia-builder-el-no-sibling  avia-align-center '  itemprop=\"image\" itemscope=\"itemscope\" itemtype=\"https:\/\/schema.org\/ImageObject\"  ><div class='avia-image-container-inner'><div class='avia-image-overlay-wrap'><img decoding=\"async\" class='wp-image-44702 avia-img-lazy-loading-not-44702 avia_image' src=\"https:\/\/radiorevelacionfm.cl\/wp-content\/uploads\/2024\/07\/453042590_847887860737554_7942358149639878713_n-1_optimized.jpg\" alt='' title='453042590_847887860737554_7942358149639878713_n-(1)_optimized' height=\"600\" width=\"800\"  itemprop=\"thumbnailUrl\" srcset=\"https:\/\/radiorevelacionfm.cl\/wp-content\/uploads\/2024\/07\/453042590_847887860737554_7942358149639878713_n-1_optimized.jpg 800w, https:\/\/radiorevelacionfm.cl\/wp-content\/uploads\/2024\/07\/453042590_847887860737554_7942358149639878713_n-1_optimized-300x225.jpg 300w, https:\/\/radiorevelacionfm.cl\/wp-content\/uploads\/2024\/07\/453042590_847887860737554_7942358149639878713_n-1_optimized-768x576.jpg 768w, https:\/\/radiorevelacionfm.cl\/wp-content\/uploads\/2024\/07\/453042590_847887860737554_7942358149639878713_n-1_optimized-705x529.jpg 705w, https:\/\/radiorevelacionfm.cl\/wp-content\/uploads\/2024\/07\/453042590_847887860737554_7942358149639878713_n-1_optimized-450x338.jpg 450w, https:\/\/radiorevelacionfm.cl\/wp-content\/uploads\/2024\/07\/453042590_847887860737554_7942358149639878713_n-1_optimized-600x450.jpg 600w\" sizes=\"(max-width: 800px) 100vw, 800px\" \/><\/div><\/div><\/div><\/div><div class=\"flex_column av_one_full  flex_column_div av-zero-column-padding first  avia-builder-el-2  el_after_av_one_full  el_before_av_one_full  column-top-margin\" style='border-radius:0px; '><section class=\"av_textblock_section \"  itemscope=\"itemscope\" itemtype=\"https:\/\/schema.org\/BlogPosting\" itemprop=\"blogPost\" ><div class='avia_textblock  '   itemprop=\"text\" ><p style=\"text-align: center;\"><strong><span style=\"font-size: 18pt;\">INJUV Ays\u00e9n lanza parrilla de actividades para el Mes de las Juventudes<\/span><\/strong><\/p>\n<div id=\"gtx-trans\" style=\"position: absolute; left: -50px; top: 4.31534px;\">\n<div class=\"gtx-trans-icon\"><\/div>\n<\/div>\n<\/div><\/section><\/div><\/p>\n<div class=\"flex_column av_one_full  flex_column_div av-zero-column-padding first  avia-builder-el-4  el_after_av_one_full  el_before_av_hr  column-top-margin\" style='border-radius:0px; '><section class=\"av_textblock_section \"  itemscope=\"itemscope\" itemtype=\"https:\/\/schema.org\/BlogPosting\" itemprop=\"blogPost\" ><div class='avia_textblock  '   itemprop=\"text\" ><p style=\"text-align: justify;\"><em>Firmas de convenios enfocados en salud mental, talleres, jornadas recreativas, trekking, encuentros juveniles e\u00a0 importantes alianzas con el intersecto, \u00a0ser\u00e1n parte de la parrilla program\u00e1tica que INJUV tiene preparado para agosto.<\/em><\/p>\n<p style=\"text-align: justify;\">Para el \u00a0Instituto Nacional de la Juventud de la regi\u00f3n de Ays\u00e9n, el mes de agosto es sin\u00f3nimo de celebraci\u00f3n, es por ello que se han preparado una serie de actividades que ser\u00e1n informadas siendo informadas en un amplio calendario regional y que est\u00e1n enfocadas en propiciar la participaci\u00f3n y visualizaci\u00f3n de las juventudes, intentando abarcar todas las comunas de la regi\u00f3n.<\/p>\n<p style=\"text-align: justify;\">Entre las actividades que destacan son las significativas alianzas que se realizar\u00e1n priorizando la salud mental de las y los j\u00f3venes de la regi\u00f3n, actividades relacionadas con el deporte y vida sana, diferentes talleres recreativos, encuentros juveniles, capacitaciones, jornadas medio ambientales, entre otras.<\/p>\n<p style=\"text-align: justify;\">Las actividades ser\u00e1n informadas de manera peri\u00f3dica por las redes sociales de la instituci\u00f3n @injuvaysen, tanto en Instagram como Facebook y tambi\u00e9n compartidas por cada una de las instituciones y organizaciones colaboradoras.<\/p>\n<p style=\"text-align: justify;\">El Director Regional \u00a0INJUV Ays\u00e9n, Camilo Trivi\u00f1o Urtubia, destac\u00f3 el gran abanico de actividades que habr\u00e1 en agosto para las juventudes y sostuvo que \u201csiempre es necesario remontarnos al por qu\u00e9 agosto es el mes de las juventudes y es que, con el objetivo de promover el papel de las juventudes como agentes de cambio en los procesos y al mismo tiempo, generar un espacio para concientizar sobre los desaf\u00edos y problemas que enfrentan las sociedades, en 1999 la Asamblea General de las Naciones Unidades design\u00f3 el 12 de agosto como el D\u00eda Internacional de la Juventud. Claramente este concepto se ha ampliado, por lo que actualmente hablamos de \u201cjuventudes\u201d, reconociendo la diversidad de mundos presentes en estas.<\/p>\n<p style=\"text-align: justify;\">En la misma l\u00ednea, indic\u00f3 que \u201cjustamente esta diversidad es lo que queremos destacar en este mes, y tambi\u00e9n, poder consolidar el trabajo que hemos venido realizando en diferentes comunas, como Ays\u00e9n, Guaitecas y Coyhaique a trav\u00e9s de nuestros ejes program\u00e1ticos. El foco de este mes estar\u00e1 puesto en la salud mental de las juventudes, poniendo a disposici\u00f3n una serie de actividades junto a agrupaciones e instituciones, pero tambi\u00e9n, generando propuestas program\u00e1ticas innovadoras que permitan dar una respuesta oportuna a las necesidades de atenci\u00f3n y orientaci\u00f3n que han expresado las juventudes en los diversos espacios en que nos hemos encontrado. Invitamos a toda la comunidad a informarse a trav\u00e9s de nuestras redes sociales y participar de las actividades que estaremos desarrollando en el mes de agosto\u201d, puntualiz\u00f3 el Director Regional de INJUV Ays\u00e9n.<\/p>\n<\/div><\/section><\/div>\n<div  style='height:50px' class='hr hr-invisible   avia-builder-el-6  el_after_av_one_full  el_before_av_social_share '><span class='hr-inner ' ><span class='hr-inner-style'><\/span><\/span><\/div>\n<div  class='av-social-sharing-box  avia-builder-el-7  el_after_av_hr  el_before_av_hr  '><div class='av-share-box'><h5 class='av-share-link-description av-no-toc '>Compartir esta noticia<\/h5><ul class='av-share-box-list noLightbox'><li class='av-share-link av-social-link-facebook' ><a target=\"_blank\" aria-label=\"Compartir en Facebook\" href='https:\/\/www.facebook.com\/sharer.php?u=https:\/\/radiorevelacionfm.cl\/?p=44666&#038;t=INJUV%20Ays%C3%A9n%20lanza%20parrilla%20de%20actividades%20para%20el%20Mes%20de%20las%20Juventudes' aria-hidden='false' data-av_icon='\ue8f3' data-av_iconfont='entypo-fontello' title='' data-avia-related-tooltip='Compartir en Facebook' rel=\"noopener\"><span class='avia_hidden_link_text'>Compartir en Facebook<\/span><\/a><\/li><li class='av-share-link av-social-link-twitter' ><a target=\"_blank\" aria-label=\"Compartir en Twitter\" href='https:\/\/twitter.com\/share?text=INJUV%20Ays%C3%A9n%20lanza%20parrilla%20de%20actividades%20para%20el%20Mes%20de%20las%20Juventudes&#038;url=https:\/\/radiorevelacionfm.cl\/?p=44666' aria-hidden='false' data-av_icon='\ue8f1' data-av_iconfont='entypo-fontello' title='' data-avia-related-tooltip='Compartir en Twitter' rel=\"noopener\"><span class='avia_hidden_link_text'>Compartir en Twitter<\/span><\/a><\/li><li class='av-share-link av-social-link-whatsapp' ><a target=\"_blank\" aria-label=\"Compartir en Whatsapp\" href='https:\/\/api.whatsapp.com\/send?text=https:\/\/radiorevelacionfm.cl\/?p=44666' aria-hidden='false' data-av_icon='\uf232' data-av_iconfont='entypo-fontello' title='' data-avia-related-tooltip='Compartir en Whatsapp' rel=\"noopener\"><span class='avia_hidden_link_text'>Compartir en Whatsapp<\/span><\/a><\/li><li class='av-share-link av-social-link-linkedin' ><a target=\"_blank\" aria-label=\"Compartir en LinkedIn\" href='https:\/\/linkedin.com\/shareArticle?mini=true&#038;title=INJUV%20Ays%C3%A9n%20lanza%20parrilla%20de%20actividades%20para%20el%20Mes%20de%20las%20Juventudes&#038;url=https:\/\/radiorevelacionfm.cl\/?p=44666' aria-hidden='false' data-av_icon='\ue8fc' data-av_iconfont='entypo-fontello' title='' data-avia-related-tooltip='Compartir en LinkedIn' rel=\"noopener\"><span class='avia_hidden_link_text'>Compartir en LinkedIn<\/span><\/a><\/li><li class='av-share-link av-social-link-mail' ><a  aria-label=\"Compartir por correo\" href='mailto:?subject=INJUV%20Ays%C3%A9n%20lanza%20parrilla%20de%20actividades%20para%20el%20Mes%20de%20las%20Juventudes&#038;body=https:\/\/radiorevelacionfm.cl\/?p=44666' aria-hidden='false' data-av_icon='\ue805' data-av_iconfont='entypo-fontello' title='' data-avia-related-tooltip='Compartir por correo'><span class='avia_hidden_link_text'>Compartir por correo<\/span><\/a><\/li><\/ul><\/div><\/div>\n<div  style='height:50px' class='hr hr-invisible   avia-builder-el-8  el_after_av_social_share  el_before_av_comments_list '><span class='hr-inner ' ><span class='hr-inner-style'><\/span><\/span><\/div>\n<div  class='av-buildercomment  av-blog-meta-html-info-disabled av-blog-meta-tag-disabled  '><\/div>\n","protected":false},"excerpt":{"rendered":"","protected":false},"author":1,"featured_media":44702,"comment_status":"open","ping_status":"open","sticky":false,"template":"","format":"standard","meta":{"footnotes":""},"categories":[38],"tags":[],"class_list":["post-44666","post","type-post","status-publish","format-standard","has-post-thumbnail","hentry","category-regional"],"jetpack_featured_media_url":"https:\/\/radiorevelacionfm.cl\/wp-content\/uploads\/2024\/07\/453042590_847887860737554_7942358149639878713_n-1_optimized.jpg","_links":{"self":[{"href":"https:\/\/radiorevelacionfm.cl\/index.php?rest_route=\/wp\/v2\/posts\/44666","targetHints":{"allow":["GET"]}}],"collection":[{"href":"https:\/\/radiorevelacionfm.cl\/index.php?rest_route=\/wp\/v2\/posts"}],"about":[{"href":"https:\/\/radiorevelacionfm.cl\/index.php?rest_route=\/wp\/v2\/types\/post"}],"author":[{"embeddable":true,"href":"https:\/\/radiorevelacionfm.cl\/index.php?rest_route=\/wp\/v2\/users\/1"}],"replies":[{"embeddable":true,"href":"https:\/\/radiorevelacionfm.cl\/index.php?rest_route=%2Fwp%2Fv2%2Fcomments&post=44666"}],"version-history":[{"count":2,"href":"https:\/\/radiorevelacionfm.cl\/index.php?rest_route=\/wp\/v2\/posts\/44666\/revisions"}],"predecessor-version":[{"id":44703,"href":"https:\/\/radiorevelacionfm.cl\/index.php?rest_route=\/wp\/v2\/posts\/44666\/revisions\/44703"}],"wp:featuredmedia":[{"embeddable":true,"href":"https:\/\/radiorevelacionfm.cl\/index.php?rest_route=\/wp\/v2\/media\/44702"}],"wp:attachment":[{"href":"https:\/\/radiorevelacionfm.cl\/index.php?rest_route=%2Fwp%2Fv2%2Fmedia&parent=44666"}],"wp:term":[{"taxonomy":"category","embeddable":true,"href":"https:\/\/radiorevelacionfm.cl\/index.php?rest_route=%2Fwp%2Fv2%2Fcategories&post=44666"},{"taxonomy":"post_tag","embeddable":true,"href":"https:\/\/radiorevelacionfm.cl\/index.php?rest_route=%2Fwp%2Fv2%2Ftags&post=44666"}],"curies":[{"name":"wp","href":"https:\/\/api.w.org\/{rel}","templated":true}]}}