{"id":44663,"date":"2024-07-31T16:23:11","date_gmt":"2024-07-31T19:23:11","guid":{"rendered":"https:\/\/radiorevelacionfm.cl\/?p=44663"},"modified":"2024-07-31T16:23:11","modified_gmt":"2024-07-31T19:23:11","slug":"campana-viaje-escolar-seguro-refuerza-normativa-de-transito-y-promueve-convivencia-vial-libre-de-violencia","status":"publish","type":"post","link":"https:\/\/radiorevelacionfm.cl\/?p=44663","title":{"rendered":"Campa\u00f1a \u201cViaje Escolar Seguro\u201d refuerza normativa de tr\u00e1nsito y promueve convivencia vial libre de violencia"},"content":{"rendered":"<div class=\"flex_column av_one_full  flex_column_div av-zero-column-padding first  avia-builder-el-0  el_before_av_one_full  avia-builder-el-first  \" style='border-radius:0px; '><div  class='avia-image-container  av-styling-    avia-builder-el-1  avia-builder-el-no-sibling  avia-align-center '  itemprop=\"image\" itemscope=\"itemscope\" itemtype=\"https:\/\/schema.org\/ImageObject\"  ><div class='avia-image-container-inner'><div class='avia-image-overlay-wrap'><img decoding=\"async\" class='wp-image-44664 avia-img-lazy-loading-not-44664 avia_image' src=\"https:\/\/radiorevelacionfm.cl\/wp-content\/uploads\/2024\/07\/dsc_8651-1_optimized.jpg\" alt='' title='dsc_8651-(1)_optimized' height=\"600\" width=\"903\"  itemprop=\"thumbnailUrl\" srcset=\"https:\/\/radiorevelacionfm.cl\/wp-content\/uploads\/2024\/07\/dsc_8651-1_optimized.jpg 903w, https:\/\/radiorevelacionfm.cl\/wp-content\/uploads\/2024\/07\/dsc_8651-1_optimized-300x199.jpg 300w, https:\/\/radiorevelacionfm.cl\/wp-content\/uploads\/2024\/07\/dsc_8651-1_optimized-768x510.jpg 768w, https:\/\/radiorevelacionfm.cl\/wp-content\/uploads\/2024\/07\/dsc_8651-1_optimized-705x468.jpg 705w, https:\/\/radiorevelacionfm.cl\/wp-content\/uploads\/2024\/07\/dsc_8651-1_optimized-450x299.jpg 450w, https:\/\/radiorevelacionfm.cl\/wp-content\/uploads\/2024\/07\/dsc_8651-1_optimized-600x399.jpg 600w\" sizes=\"(max-width: 903px) 100vw, 903px\" \/><\/div><\/div><\/div><\/div><div class=\"flex_column av_one_full  flex_column_div av-zero-column-padding first  avia-builder-el-2  el_after_av_one_full  el_before_av_one_full  column-top-margin\" style='border-radius:0px; '><section class=\"av_textblock_section \"  itemscope=\"itemscope\" itemtype=\"https:\/\/schema.org\/BlogPosting\" itemprop=\"blogPost\" ><div class='avia_textblock  '   itemprop=\"text\" ><p style=\"text-align: center;\"><span style=\"font-size: 18pt;\"><b>Campa\u00f1a \u201cViaje Escolar Seguro\u201d refuerza normativa de tr\u00e1nsito y promueve convivencia vial libre de violencia<\/b><\/span><\/p>\n<div id=\"gtx-trans\" style=\"position: absolute; left: -50px; top: 4.31534px;\">\n<div class=\"gtx-trans-icon\"><\/div>\n<\/div>\n<\/div><\/section><\/div><div class=\"flex_column av_one_full  flex_column_div av-zero-column-padding first  avia-builder-el-4  el_after_av_one_full  el_before_av_hr  column-top-margin\" style='border-radius:0px; '><section class=\"av_textblock_section \"  itemscope=\"itemscope\" itemtype=\"https:\/\/schema.org\/BlogPosting\" itemprop=\"blogPost\" ><div class='avia_textblock  '   itemprop=\"text\" ><p style=\"text-align: justify;\"><em>Iniciativa surge a instancia de transportistas escolares que han sufrido violencia verbal, y en algunos casos agresiones f\u00edsicas, por parte de algunos apoderados o apoderadas en horarios de ingreso a clase.<\/em><b><\/b><\/p>\n<p style=\"text-align: justify;\">En el marco del reingreso a clases tras vacaciones de invierno, se lanz\u00f3 la campa\u00f1a \u201cViaje Escolar Seguro\u201d en donde tanto la seremiTT con SernaMEG han relevado aspectos de seguridad de suma importancia para el tr\u00e1nsito de estudiantes hacia sus escuelas y colegios. Este trabajo se origina a partir del requerimiento de las y los trabajadores del transporte escolar, a fin de buscar condiciones que faciliten su labor y garanticen el cuidado de los ni\u00f1os y ni\u00f1as que se trasladan por esta v\u00eda.<\/p>\n<p style=\"text-align: justify;\">Seg\u00fan lo relatado por el gremio, adem\u00e1s de ver dificultado su trabajo por veh\u00edculos mal estacionados, tambi\u00e9n han sido objeto de agresiones verbales, e incluso f\u00edsicas por parte de otras personas conductoras. Estas problem\u00e1ticas adem\u00e1s de generar problemas en su labor, tambi\u00e9n conlleva un riesgo para los propios estudiantes usuarios\/usuarias de sus servicios.<\/p>\n<p style=\"text-align: justify;\">En este sentido, la autoridad de transportes, Hans Zimmermann, se refiri\u00f3 a la Ley de Tr\u00e1nsito en lo que respecta a estacionamientos, en donde el transporte escolar cuenta con espacios de uso exclusivo en los horarios de ingreso y retiro de clases, que deben ser respetados: \u201cEl mensaje del Ministerio de Transportes y Telecomunicaciones es uno solo y es claro, los conductores deben respetar los espacios demarcados para el transporte escolar. No solamente porque esto sea una contravenci\u00f3n a la Ley de Tr\u00e1nsito y que tiene aparejado una serie de sanciones establecidas en la ley, sino porque este tipo de conductas afectan la convivencia vial, pero por sobre todo ponen en riesgo la integridad de los ni\u00f1os, ni\u00f1as y adolescentes que son transportados en estos servicios que son vitales y que constituyen una real herramienta para el acceso a la educaci\u00f3n\u201d.<\/p>\n<p style=\"text-align: justify;\">Desde SernamEG, la directora regional Patricia Baeza explic\u00f3 que lamentablemente tambi\u00e9n existe un sesgo de g\u00e9nero, ya que ha afectado a las mujeres conductoras del transporte escolar. \u201cHemos tenido conocimiento de que las mujeres transportistas han sido v\u00edctimas de estos episodios de violencia, han sido agredidas por los mismos padres, madres y familiares de los ni\u00f1os y ni\u00f1as que asisten a los colegios a buscarlos, a retirarlos de su jornada escolar y por lo tanto el llamado es un poco a eso, a tener empat\u00eda y a disminuir efectivamente estos espacios de violencia porque tenemos plena conciencia que hay que erradicarlos y que la violencia en ninguna de sus formas es buena para la sociedad\u201d.<\/p>\n<p style=\"text-align: justify;\">El dirigente del gremio del transporte escolar, William Salas se uni\u00f3 al llamado de las autoridades y apel\u00f3 a la conciencia de conductores, recalcando que los veh\u00edculos mal estacionados ponen en peligro a los estudiantes, especialmente a aquellos con discapacidad, siendo el principal foco de situaciones conflictivas el estacionamiento de la escuela San Jos\u00e9 Obrero. Adem\u00e1s, los ataques sufridos tambi\u00e9n afectan emocionalmente a los ni\u00f1os y ni\u00f1as que presencian estos episodios. \u201cLa verdad nosotros necesitamos sensibilizar a los padres y apoderados. Los letreros dicen bien claro que los estacionamientos son para los buses escolares. Si nosotros fu\u00e9ramos a sus trabajos, a estorbarles su trabajo, no les gustar\u00eda. Nosotros tambi\u00e9n tenemos que bajar seguros a nuestros ni\u00f1os que son discapacitados.\u00a0 Por eso es que es rec\u00edproco esto. Si nosotros no los molestamos a ellos o a las personas que se estacionan en los lugares debidamente marcados por los buses escolares, nosotros queremos justamente eso, que no nos ocupen nuestros lugares\u201d.<\/p>\n<p style=\"text-align: justify;\">Rosa Jara, transportista escolar, relat\u00f3 su experiencia a cargo de estos medios de transporte y c\u00f3mo se pone en riesgo a los escolares por conductas imprudentes de algunas personas conductoras. \u201cEn el caso de los buses escolares en donde la puerta da hacia la calle, los apoderados pasan r\u00e1pido, no tienen precauci\u00f3n. Los ni\u00f1os son ni\u00f1os, y van a actuar como ni\u00f1os, a nosotros nos faltan manos de repente, entonces tenemos que estar con mucho cuidado en esos colegios para que no los pasen a llevar. Pedimos encarecidamente a los apoderados que disminuyan la velocidad, que est\u00e9n pendientes, que el ni\u00f1o se puede cruzar, que se les puede caer la mochila. Por favor, la seguridad ante todo con los peque\u00f1os\u201d.<\/p>\n<p style=\"text-align: justify;\">En lo que va del a\u00f1o, se ha presentado una denuncia por agresiones f\u00edsicas y verbales, ocasionadas por un apoderado a una conductora de transporte escolar.\u00a0 Para evitar nuevos casos, la campa\u00f1a \u201cViaje Escolar Seguro\u201d tambi\u00e9n contempla la difusi\u00f3n en colegios y fiscalizaciones para reforzar el cumplimiento de la normativa.<\/p>\n<div style=\"text-align: justify;\"><\/div>\n<\/div><\/section><\/div><div  style='height:50px' class='hr hr-invisible   avia-builder-el-6  el_after_av_one_full  el_before_av_social_share '><span class='hr-inner ' ><span class='hr-inner-style'><\/span><\/span><\/div><\/p>\n<div  class='av-social-sharing-box  avia-builder-el-7  el_after_av_hr  el_before_av_hr  '><div class='av-share-box'><h5 class='av-share-link-description av-no-toc '>Compartir esta noticia<\/h5><ul class='av-share-box-list noLightbox'><li class='av-share-link av-social-link-facebook' ><a target=\"_blank\" aria-label=\"Compartir en Facebook\" href='https:\/\/www.facebook.com\/sharer.php?u=https:\/\/radiorevelacionfm.cl\/?p=44663&#038;t=Campa%C3%B1a%20%E2%80%9CViaje%20Escolar%20Seguro%E2%80%9D%20refuerza%20normativa%20de%20tr%C3%A1nsito%20y%20promueve%20convivencia%20vial%20libre%20de%20violencia' aria-hidden='false' data-av_icon='\ue8f3' data-av_iconfont='entypo-fontello' title='' data-avia-related-tooltip='Compartir en Facebook' rel=\"noopener\"><span class='avia_hidden_link_text'>Compartir en Facebook<\/span><\/a><\/li><li class='av-share-link av-social-link-twitter' ><a target=\"_blank\" aria-label=\"Compartir en Twitter\" href='https:\/\/twitter.com\/share?text=Campa%C3%B1a%20%E2%80%9CViaje%20Escolar%20Seguro%E2%80%9D%20refuerza%20normativa%20de%20tr%C3%A1nsito%20y%20promueve%20convivencia%20vial%20libre%20de%20violencia&#038;url=https:\/\/radiorevelacionfm.cl\/?p=44663' aria-hidden='false' data-av_icon='\ue8f1' data-av_iconfont='entypo-fontello' title='' data-avia-related-tooltip='Compartir en Twitter' rel=\"noopener\"><span class='avia_hidden_link_text'>Compartir en Twitter<\/span><\/a><\/li><li class='av-share-link av-social-link-whatsapp' ><a target=\"_blank\" aria-label=\"Compartir en Whatsapp\" href='https:\/\/api.whatsapp.com\/send?text=https:\/\/radiorevelacionfm.cl\/?p=44663' aria-hidden='false' data-av_icon='\uf232' data-av_iconfont='entypo-fontello' title='' data-avia-related-tooltip='Compartir en Whatsapp' rel=\"noopener\"><span class='avia_hidden_link_text'>Compartir en Whatsapp<\/span><\/a><\/li><li class='av-share-link av-social-link-linkedin' ><a target=\"_blank\" aria-label=\"Compartir en LinkedIn\" href='https:\/\/linkedin.com\/shareArticle?mini=true&#038;title=Campa%C3%B1a%20%E2%80%9CViaje%20Escolar%20Seguro%E2%80%9D%20refuerza%20normativa%20de%20tr%C3%A1nsito%20y%20promueve%20convivencia%20vial%20libre%20de%20violencia&#038;url=https:\/\/radiorevelacionfm.cl\/?p=44663' aria-hidden='false' data-av_icon='\ue8fc' data-av_iconfont='entypo-fontello' title='' data-avia-related-tooltip='Compartir en LinkedIn' rel=\"noopener\"><span class='avia_hidden_link_text'>Compartir en LinkedIn<\/span><\/a><\/li><li class='av-share-link av-social-link-mail' ><a  aria-label=\"Compartir por correo\" href='mailto:?subject=Campa%C3%B1a%20%E2%80%9CViaje%20Escolar%20Seguro%E2%80%9D%20refuerza%20normativa%20de%20tr%C3%A1nsito%20y%20promueve%20convivencia%20vial%20libre%20de%20violencia&#038;body=https:\/\/radiorevelacionfm.cl\/?p=44663' aria-hidden='false' data-av_icon='\ue805' data-av_iconfont='entypo-fontello' title='' data-avia-related-tooltip='Compartir por correo'><span class='avia_hidden_link_text'>Compartir por correo<\/span><\/a><\/li><\/ul><\/div><\/div>\n<div  style='height:50px' class='hr hr-invisible   avia-builder-el-8  el_after_av_social_share  el_before_av_comments_list '><span class='hr-inner ' ><span class='hr-inner-style'><\/span><\/span><\/div>\n<div  class='av-buildercomment  av-blog-meta-html-info-disabled av-blog-meta-tag-disabled  '><\/div>\n","protected":false},"excerpt":{"rendered":"","protected":false},"author":1,"featured_media":44664,"comment_status":"open","ping_status":"open","sticky":false,"template":"","format":"standard","meta":{"footnotes":""},"categories":[59],"tags":[],"class_list":["post-44663","post","type-post","status-publish","format-standard","has-post-thumbnail","hentry","category-transporte"],"jetpack_featured_media_url":"https:\/\/radiorevelacionfm.cl\/wp-content\/uploads\/2024\/07\/dsc_8651-1_optimized.jpg","_links":{"self":[{"href":"https:\/\/radiorevelacionfm.cl\/index.php?rest_route=\/wp\/v2\/posts\/44663","targetHints":{"allow":["GET"]}}],"collection":[{"href":"https:\/\/radiorevelacionfm.cl\/index.php?rest_route=\/wp\/v2\/posts"}],"about":[{"href":"https:\/\/radiorevelacionfm.cl\/index.php?rest_route=\/wp\/v2\/types\/post"}],"author":[{"embeddable":true,"href":"https:\/\/radiorevelacionfm.cl\/index.php?rest_route=\/wp\/v2\/users\/1"}],"replies":[{"embeddable":true,"href":"https:\/\/radiorevelacionfm.cl\/index.php?rest_route=%2Fwp%2Fv2%2Fcomments&post=44663"}],"version-history":[{"count":1,"href":"https:\/\/radiorevelacionfm.cl\/index.php?rest_route=\/wp\/v2\/posts\/44663\/revisions"}],"predecessor-version":[{"id":44665,"href":"https:\/\/radiorevelacionfm.cl\/index.php?rest_route=\/wp\/v2\/posts\/44663\/revisions\/44665"}],"wp:featuredmedia":[{"embeddable":true,"href":"https:\/\/radiorevelacionfm.cl\/index.php?rest_route=\/wp\/v2\/media\/44664"}],"wp:attachment":[{"href":"https:\/\/radiorevelacionfm.cl\/index.php?rest_route=%2Fwp%2Fv2%2Fmedia&parent=44663"}],"wp:term":[{"taxonomy":"category","embeddable":true,"href":"https:\/\/radiorevelacionfm.cl\/index.php?rest_route=%2Fwp%2Fv2%2Fcategories&post=44663"},{"taxonomy":"post_tag","embeddable":true,"href":"https:\/\/radiorevelacionfm.cl\/index.php?rest_route=%2Fwp%2Fv2%2Ftags&post=44663"}],"curies":[{"name":"wp","href":"https:\/\/api.w.org\/{rel}","templated":true}]}}