{"id":44660,"date":"2024-07-31T15:48:37","date_gmt":"2024-07-31T18:48:37","guid":{"rendered":"https:\/\/radiorevelacionfm.cl\/?p=44660"},"modified":"2024-07-31T15:48:37","modified_gmt":"2024-07-31T18:48:37","slug":"escuela-de-puerto-sanchez-inauguro-nueva-sala-de-clases","status":"publish","type":"post","link":"https:\/\/radiorevelacionfm.cl\/?p=44660","title":{"rendered":"Escuela de Puerto S\u00e1nchez inaugur\u00f3 nueva sala de clases"},"content":{"rendered":"<div class=\"flex_column av_one_full  flex_column_div av-zero-column-padding first  avia-builder-el-0  el_before_av_one_full  avia-builder-el-first  \" style='border-radius:0px; '><div  class='avia-image-container  av-styling-    avia-builder-el-1  avia-builder-el-no-sibling  avia-align-center '  itemprop=\"image\" itemscope=\"itemscope\" itemtype=\"https:\/\/schema.org\/ImageObject\"  ><div class='avia-image-container-inner'><div class='avia-image-overlay-wrap'><img decoding=\"async\" class='wp-image-44661 avia-img-lazy-loading-not-44661 avia_image' src=\"https:\/\/radiorevelacionfm.cl\/wp-content\/uploads\/2024\/07\/01-9-3_optimized-1-1.jpg\" alt='' title='01-(9)-(3)_optimized (1) (1)' height=\"600\" width=\"1066\"  itemprop=\"thumbnailUrl\" srcset=\"https:\/\/radiorevelacionfm.cl\/wp-content\/uploads\/2024\/07\/01-9-3_optimized-1-1.jpg 1066w, https:\/\/radiorevelacionfm.cl\/wp-content\/uploads\/2024\/07\/01-9-3_optimized-1-1-300x169.jpg 300w, https:\/\/radiorevelacionfm.cl\/wp-content\/uploads\/2024\/07\/01-9-3_optimized-1-1-1030x580.jpg 1030w, https:\/\/radiorevelacionfm.cl\/wp-content\/uploads\/2024\/07\/01-9-3_optimized-1-1-768x432.jpg 768w, https:\/\/radiorevelacionfm.cl\/wp-content\/uploads\/2024\/07\/01-9-3_optimized-1-1-705x397.jpg 705w, https:\/\/radiorevelacionfm.cl\/wp-content\/uploads\/2024\/07\/01-9-3_optimized-1-1-450x253.jpg 450w, https:\/\/radiorevelacionfm.cl\/wp-content\/uploads\/2024\/07\/01-9-3_optimized-1-1-600x338.jpg 600w\" sizes=\"(max-width: 1066px) 100vw, 1066px\" \/><\/div><\/div><\/div><\/div><div class=\"flex_column av_one_full  flex_column_div av-zero-column-padding first  avia-builder-el-2  el_after_av_one_full  el_before_av_one_full  column-top-margin\" style='border-radius:0px; '><section class=\"av_textblock_section \"  itemscope=\"itemscope\" itemtype=\"https:\/\/schema.org\/BlogPosting\" itemprop=\"blogPost\" ><div class='avia_textblock  '   itemprop=\"text\" ><p style=\"text-align: center;\"><strong><span style=\"font-size: 18pt;\">Escuela de Puerto S\u00e1nchez inaugur\u00f3 nueva sala de clases<\/span><\/strong><\/p>\n<div id=\"gtx-trans\" style=\"position: absolute; left: -50px; top: 4.31534px;\">\n<div class=\"gtx-trans-icon\"><\/div>\n<\/div>\n<\/div><\/section><\/div><div class=\"flex_column av_one_full  flex_column_div av-zero-column-padding first  avia-builder-el-4  el_after_av_one_full  el_before_av_hr  column-top-margin\" style='border-radius:0px; '><section class=\"av_textblock_section \"  itemscope=\"itemscope\" itemtype=\"https:\/\/schema.org\/BlogPosting\" itemprop=\"blogPost\" ><div class='avia_textblock  '   itemprop=\"text\" ><p style=\"text-align: justify;\">Un proyecto muy esperado y anhelado por la comunidad educativa de Puerto S\u00e1nchez finalmente se concret\u00f3. Este lunes 29 de julio el Alcalde de la comuna de R\u00edo Ib\u00e1\u00f1ez, Juan Saldivia Cea, en compa\u00f1\u00eda de la concejala, Ver\u00f3nica Rojas, junto a profesores, estudiantes y vecinas\/os de la localidad inauguraron las obras de conservaci\u00f3n de la Escuela Mar\u00eda Antonieta Parra.<\/p>\n<p style=\"text-align: justify;\">Por un monto de inversi\u00f3n cercano a los 57 millones de pesos, esta iniciativa FRIL elaborada por nuestros profesionales y financiada por el Gobierno Regional de Ays\u00e9n, contempl\u00f3 la ampliaci\u00f3n del edificio con la construcci\u00f3n de un\u00a0 pasillo y nueva aula para ni\u00f1as y ni\u00f1os de 6\u00b0 y 7\u00b0 B\u00e1sico de 36.6 m2 aproximadamente. Adem\u00e1s se realizaron trabajos de mejoramiento de la estructura de techumbre pertenecientes a salas de director, ba\u00f1o, bodega y acceso a la infraestructura educacional.<\/p>\n<p style=\"text-align: justify;\">\u201cEsto es algo que est\u00e1bamos esperando hace tiempo ya. Nos va a servir mucho porque el lugar que us\u00e1bamos antes no era una sala, nos hicieron un espacio en la biblioteca que est\u00e1bamos ocupando para las clases\u201d, se\u00f1al\u00f3 Millaray Hueitra, estudiante de 6\u00b0 B\u00e1sico de la Escuela Mar\u00eda Antonieta Parra.<\/p>\n<p style=\"text-align: justify;\">\u201cEsta sala viene a contribuir con un espacio m\u00e1s c\u00f3modo, m\u00e1s bonito, que necesit\u00e1bamos, por cierto, para desarrollar mejor nuestras clases. As\u00ed que nuestras ni\u00f1as y ni\u00f1os de 6\u00b0 y 7\u00b0 B\u00e1sico est\u00e1n s\u00faper contentos porque ya van a poder ocupar estas instalaciones\u201d, argument\u00f3 Leslie Villagr\u00e1n, profesora encargada de la Escuela Mar\u00eda Antonieta Parra.<\/p>\n<p style=\"text-align: justify;\">\u201cNos importa mucho la educaci\u00f3n en nuestra comuna. As\u00ed lo hemos manifestado independiente que hoy d\u00eda est\u00e9 el Servicio Local de Educaci\u00f3n P\u00fablica. El compromiso est\u00e1 con nuestra comunidad y, por supuesto, particularmente ac\u00e1 en Puerto S\u00e1nchez\u201d, concluy\u00f3 el Alcalde Saldivia.<\/p>\n<\/div><\/section><\/div><div  style='height:50px' class='hr hr-invisible   avia-builder-el-6  el_after_av_one_full  el_before_av_social_share '><span class='hr-inner ' ><span class='hr-inner-style'><\/span><\/span><\/div><\/p>\n<div  class='av-social-sharing-box  avia-builder-el-7  el_after_av_hr  el_before_av_hr  '><div class='av-share-box'><h5 class='av-share-link-description av-no-toc '>Compartir esta noticia<\/h5><ul class='av-share-box-list noLightbox'><li class='av-share-link av-social-link-facebook' ><a target=\"_blank\" aria-label=\"Compartir en Facebook\" href='https:\/\/www.facebook.com\/sharer.php?u=https:\/\/radiorevelacionfm.cl\/?p=44660&#038;t=Escuela%20de%20Puerto%20S%C3%A1nchez%20inaugur%C3%B3%20nueva%20sala%20de%20clases' aria-hidden='false' data-av_icon='\ue8f3' data-av_iconfont='entypo-fontello' title='' data-avia-related-tooltip='Compartir en Facebook' rel=\"noopener\"><span class='avia_hidden_link_text'>Compartir en Facebook<\/span><\/a><\/li><li class='av-share-link av-social-link-twitter' ><a target=\"_blank\" aria-label=\"Compartir en Twitter\" href='https:\/\/twitter.com\/share?text=Escuela%20de%20Puerto%20S%C3%A1nchez%20inaugur%C3%B3%20nueva%20sala%20de%20clases&#038;url=https:\/\/radiorevelacionfm.cl\/?p=44660' aria-hidden='false' data-av_icon='\ue8f1' data-av_iconfont='entypo-fontello' title='' data-avia-related-tooltip='Compartir en Twitter' rel=\"noopener\"><span class='avia_hidden_link_text'>Compartir en Twitter<\/span><\/a><\/li><li class='av-share-link av-social-link-whatsapp' ><a target=\"_blank\" aria-label=\"Compartir en Whatsapp\" href='https:\/\/api.whatsapp.com\/send?text=https:\/\/radiorevelacionfm.cl\/?p=44660' aria-hidden='false' data-av_icon='\uf232' data-av_iconfont='entypo-fontello' title='' data-avia-related-tooltip='Compartir en Whatsapp' rel=\"noopener\"><span class='avia_hidden_link_text'>Compartir en Whatsapp<\/span><\/a><\/li><li class='av-share-link av-social-link-linkedin' ><a target=\"_blank\" aria-label=\"Compartir en LinkedIn\" href='https:\/\/linkedin.com\/shareArticle?mini=true&#038;title=Escuela%20de%20Puerto%20S%C3%A1nchez%20inaugur%C3%B3%20nueva%20sala%20de%20clases&#038;url=https:\/\/radiorevelacionfm.cl\/?p=44660' aria-hidden='false' data-av_icon='\ue8fc' data-av_iconfont='entypo-fontello' title='' data-avia-related-tooltip='Compartir en LinkedIn' rel=\"noopener\"><span class='avia_hidden_link_text'>Compartir en LinkedIn<\/span><\/a><\/li><li class='av-share-link av-social-link-mail' ><a  aria-label=\"Compartir por correo\" href='mailto:?subject=Escuela%20de%20Puerto%20S%C3%A1nchez%20inaugur%C3%B3%20nueva%20sala%20de%20clases&#038;body=https:\/\/radiorevelacionfm.cl\/?p=44660' aria-hidden='false' data-av_icon='\ue805' data-av_iconfont='entypo-fontello' title='' data-avia-related-tooltip='Compartir por correo'><span class='avia_hidden_link_text'>Compartir por correo<\/span><\/a><\/li><\/ul><\/div><\/div>\n<div  style='height:50px' class='hr hr-invisible   avia-builder-el-8  el_after_av_social_share  el_before_av_comments_list '><span class='hr-inner ' ><span class='hr-inner-style'><\/span><\/span><\/div>\n<div  class='av-buildercomment  av-blog-meta-html-info-disabled av-blog-meta-tag-disabled  '><\/div>\n","protected":false},"excerpt":{"rendered":"","protected":false},"author":1,"featured_media":44661,"comment_status":"open","ping_status":"open","sticky":false,"template":"","format":"standard","meta":{"footnotes":""},"categories":[38],"tags":[],"class_list":["post-44660","post","type-post","status-publish","format-standard","has-post-thumbnail","hentry","category-regional"],"jetpack_featured_media_url":"https:\/\/radiorevelacionfm.cl\/wp-content\/uploads\/2024\/07\/01-9-3_optimized-1-1.jpg","_links":{"self":[{"href":"https:\/\/radiorevelacionfm.cl\/index.php?rest_route=\/wp\/v2\/posts\/44660","targetHints":{"allow":["GET"]}}],"collection":[{"href":"https:\/\/radiorevelacionfm.cl\/index.php?rest_route=\/wp\/v2\/posts"}],"about":[{"href":"https:\/\/radiorevelacionfm.cl\/index.php?rest_route=\/wp\/v2\/types\/post"}],"author":[{"embeddable":true,"href":"https:\/\/radiorevelacionfm.cl\/index.php?rest_route=\/wp\/v2\/users\/1"}],"replies":[{"embeddable":true,"href":"https:\/\/radiorevelacionfm.cl\/index.php?rest_route=%2Fwp%2Fv2%2Fcomments&post=44660"}],"version-history":[{"count":1,"href":"https:\/\/radiorevelacionfm.cl\/index.php?rest_route=\/wp\/v2\/posts\/44660\/revisions"}],"predecessor-version":[{"id":44662,"href":"https:\/\/radiorevelacionfm.cl\/index.php?rest_route=\/wp\/v2\/posts\/44660\/revisions\/44662"}],"wp:featuredmedia":[{"embeddable":true,"href":"https:\/\/radiorevelacionfm.cl\/index.php?rest_route=\/wp\/v2\/media\/44661"}],"wp:attachment":[{"href":"https:\/\/radiorevelacionfm.cl\/index.php?rest_route=%2Fwp%2Fv2%2Fmedia&parent=44660"}],"wp:term":[{"taxonomy":"category","embeddable":true,"href":"https:\/\/radiorevelacionfm.cl\/index.php?rest_route=%2Fwp%2Fv2%2Fcategories&post=44660"},{"taxonomy":"post_tag","embeddable":true,"href":"https:\/\/radiorevelacionfm.cl\/index.php?rest_route=%2Fwp%2Fv2%2Ftags&post=44660"}],"curies":[{"name":"wp","href":"https:\/\/api.w.org\/{rel}","templated":true}]}}