{"id":44655,"date":"2024-08-02T12:31:29","date_gmt":"2024-08-02T15:31:29","guid":{"rendered":"https:\/\/radiorevelacionfm.cl\/?p=44655"},"modified":"2024-08-02T12:31:29","modified_gmt":"2024-08-02T15:31:29","slug":"destacan-llamado-de-vicepresidenta-toha-a-denunciar-trata-de-personas","status":"publish","type":"post","link":"https:\/\/radiorevelacionfm.cl\/?p=44655","title":{"rendered":"Destacan llamado de vicepresidenta Toh\u00e1 a denunciar trata de personas"},"content":{"rendered":"<div class=\"flex_column av_one_full  flex_column_div av-zero-column-padding first  avia-builder-el-0  el_before_av_one_full  avia-builder-el-first  \" style='border-radius:0px; '><div  class='avia-image-container  av-styling-    avia-builder-el-1  avia-builder-el-no-sibling  avia-align-center '  itemprop=\"image\" itemscope=\"itemscope\" itemtype=\"https:\/\/schema.org\/ImageObject\"  ><div class='avia-image-container-inner'><div class='avia-image-overlay-wrap'><img decoding=\"async\" class='wp-image-44656 avia-img-lazy-loading-not-44656 avia_image' src=\"https:\/\/radiorevelacionfm.cl\/wp-content\/uploads\/2024\/07\/WhatsApp-Image-2024-07-30-at-13.27.03-2-1-1.jpeg\" alt='' title='WhatsApp Image 2024-07-30 at 13.27.03 (2) (1) (1)' height=\"600\" width=\"900\"  itemprop=\"thumbnailUrl\" srcset=\"https:\/\/radiorevelacionfm.cl\/wp-content\/uploads\/2024\/07\/WhatsApp-Image-2024-07-30-at-13.27.03-2-1-1.jpeg 900w, https:\/\/radiorevelacionfm.cl\/wp-content\/uploads\/2024\/07\/WhatsApp-Image-2024-07-30-at-13.27.03-2-1-1-300x200.jpeg 300w, https:\/\/radiorevelacionfm.cl\/wp-content\/uploads\/2024\/07\/WhatsApp-Image-2024-07-30-at-13.27.03-2-1-1-768x512.jpeg 768w, https:\/\/radiorevelacionfm.cl\/wp-content\/uploads\/2024\/07\/WhatsApp-Image-2024-07-30-at-13.27.03-2-1-1-705x470.jpeg 705w, https:\/\/radiorevelacionfm.cl\/wp-content\/uploads\/2024\/07\/WhatsApp-Image-2024-07-30-at-13.27.03-2-1-1-450x300.jpeg 450w, https:\/\/radiorevelacionfm.cl\/wp-content\/uploads\/2024\/07\/WhatsApp-Image-2024-07-30-at-13.27.03-2-1-1-600x400.jpeg 600w\" sizes=\"(max-width: 900px) 100vw, 900px\" \/><\/div><\/div><\/div><\/div><div class=\"flex_column av_one_full  flex_column_div av-zero-column-padding first  avia-builder-el-2  el_after_av_one_full  el_before_av_one_full  column-top-margin\" style='border-radius:0px; '><section class=\"av_textblock_section \"  itemscope=\"itemscope\" itemtype=\"https:\/\/schema.org\/BlogPosting\" itemprop=\"blogPost\" ><div class='avia_textblock  '   itemprop=\"text\" ><p style=\"text-align: center;\"><strong><span style=\"font-size: 18pt;\">Destacan llamado de vicepresidenta Toh\u00e1 a denunciar trata de personas<\/span><\/strong><\/p>\n<div id=\"gtx-trans\" style=\"position: absolute; left: -50px; top: 4.31534px;\">\n<div class=\"gtx-trans-icon\"><\/div>\n<\/div>\n<\/div><\/section><\/div><div class=\"flex_column av_one_full  flex_column_div av-zero-column-padding first  avia-builder-el-4  el_after_av_one_full  el_before_av_hr  column-top-margin\" style='border-radius:0px; '><section class=\"av_textblock_section \"  itemscope=\"itemscope\" itemtype=\"https:\/\/schema.org\/BlogPosting\" itemprop=\"blogPost\" ><div class='avia_textblock  '   itemprop=\"text\" ><p style=\"text-align: justify;\">Este martes la Vicepresidenta de la Rep\u00fablica, Carolina Toh\u00e1, junto a las ministras de Desarrollo Social y Familia, Javiera Toro; de la Mujer y la Equidad de G\u00e9nero, Antonia Orellana; y el director general de la PDI, Eduardo Cerna; hicieron un llamado a denunciar la trata de personas, en el marco del D\u00eda Internacional que busca generar conciencia frente a este delito que afecta principalmente a mujeres, ni\u00f1os y ni\u00f1as.<\/p>\n<p style=\"text-align: justify;\">Desde el Complejo fronterizo Los Libertadores, la titular de Interior se\u00f1al\u00f3 que \u201cuna tarea fundamental que se hace en las fronteras -y se hace tambi\u00e9n dentro del territorio y se hace tambi\u00e9n al controlar la migraci\u00f3n irregular- es vigilar la trata de personas. La trata de personas es, ni m\u00e1s ni menos, que esclavitud moderna. Personas que son tra\u00eddas a nuestro territorio para ser utilizadas con fines laborales o sexuales, secuestrando su identidad y su posibilidad de insertarse en la sociedad\u201d.<\/p>\n<p style=\"text-align: justify;\">La autoridad explic\u00f3 que el Ministerio del Interior y Seguridad P\u00fablica lidera la Mesa Intersectorial contra la Trata de Personas (MITP), comisi\u00f3n asesora de car\u00e1cter permanente encargada de coordinar el Plan de Acci\u00f3n Nacional contra la Trata de Personas con acciones en prevenci\u00f3n, protecci\u00f3n de v\u00edctimas, sanci\u00f3n y cooperaci\u00f3n internacional contra este delito. Esta instancia est\u00e1 compuesta por 22 instituciones del Estado, Sociedad Civil y Organismos Internacionales y es la encargada de ejecutar el Plan de Acci\u00f3n Nacional contra la Trata de Personas.<\/p>\n<p style=\"text-align: justify;\">En este contexto, Toh\u00e1 adelant\u00f3 que en los pr\u00f3ximos d\u00edas se dar\u00e1 a conocer una nueva etapa del plan de acci\u00f3n donde ser\u00e1 fundamental \u201cinvolucrar activamente a toda la ciudadan\u00eda para que entendamos qu\u00e9 es la trata de personas, aprendamos a identificarla, que sepamos orientar a las v\u00edctimas, que nos atrevamos a denunciarla y generemos una red alerta para impedir que este delito se asiente en nuestro pa\u00eds. Estamos a tiempo de hacerlo\u201d.<\/p>\n<p style=\"text-align: justify;\">\u201cHoy en d\u00eda, con el trabajo que se realiza a trav\u00e9s de las polic\u00edas y la Mesa Intersectorial, logramos identificar muchos casos de trata y liberar a muchas personas que son v\u00edctimas. Solo el d\u00eda de hoy 20 personas en la Regi\u00f3n de Tarapac\u00e1 quedaron liberadas de la condici\u00f3n de v\u00edctimas de trata en que estaban y durante el transcurso del a\u00f1o 2024 llevamos 222 personas liberadas de su situaci\u00f3n de trata de personas\u201d, confirm\u00f3 la Vicepresidenta y anunci\u00f3 que se distribuir\u00e1 en los pasos fronterizos del pa\u00eds material informativo con los canales oficiales para denunciar este delito, as\u00ed como las redes de apoyo con las que cuentan las v\u00edctimas.<\/p>\n<p style=\"text-align: justify;\">La ministra de la Mujer y la Equidad de G\u00e9nero, Antonia Orellana, enfatiz\u00f3 que la trata de personas con fines de explotaci\u00f3n laboral o sexual y comercial, que afecta principalmente a mujeres y ni\u00f1as, \u201ces la esclavitud moderna y es adem\u00e1s un fen\u00f3meno que est\u00e1 asociado a un mont\u00f3n de otros delitos y, por lo tanto, combati\u00e9ndola estamos tambi\u00e9n mejorando la seguridad de nuestro pa\u00eds, pero tambi\u00e9n de toda la regi\u00f3n\u201d.<\/p>\n<p style=\"text-align: justify;\">En este sentido, se\u00f1al\u00f3 que \u201cen materia de trata de personas, desde el a\u00f1o 2022 hemos estado delineando una nueva estrategia, lo que se suma a lo ya avanzado en la \u00faltima d\u00e9cada. Esto tiene que ver, principalmente, con adaptarnos a un nuevo fen\u00f3meno, lo que ha requerido la modernizaci\u00f3n de todas las instituciones y el establecimiento de medidas contra el crimen organizado\u201d. En este sentido, la ministra Orellana destac\u00f3 la adaptaci\u00f3n de SernamEG, que atiende a m\u00e1s de 120.000 mujeres al a\u00f1o, para \u201csaber detectar y acoger a las v\u00edctimas de trata, para que adhieran al proceso de persecuci\u00f3n penal y no caigan nuevamente en estas redes\u201d.<\/p>\n<p style=\"text-align: justify;\">Por otra parte la Seremi (S) de la Mujer y la Equidad de G\u00e9nero, Mar\u00eda Eugenia\u00a0 Dur\u00e1n Jara, hizo un llamado\u00a0 a la comunidad, que en el caso de ser testigo de este tipo de afectaci\u00f3n, como es la trata de personas, es importante denunciar al tel\u00e9fono: Denuncia Seguro: *4242 o a la Polic\u00eda de Investigaciones: +56940729659, \u00a0considerando que este delito afecta a un 80% de mujeres,\u00a0 de las cuales en un 43% de las v\u00edctimas ingresadas al protocolo, poseen una edad entre los 18 y 29 a\u00f1os\u201d, puntualiz\u00f3.<\/p>\n<p style=\"text-align: justify;\"><strong>Algunas cifras que da cuenta de la magnitud del problema<\/strong><\/p>\n<p style=\"text-align: justify;\">De acuerdo con cifras del Programa Apoyo a V\u00edctimas de la Subsecretar\u00eda de Prevenci\u00f3n del Delito:<\/p>\n<ul style=\"text-align: justify;\">\n<li>Entre enero y diciembre de 2023, ingresaron 54 personas al Protocolo Intersectorial de Trata de Personas, todas ellas como v\u00edctimas directas de este delito. Este protocolo es aplicado a v\u00edctimas sobrevivientes del delito de trata de personas, implementado por el Programa de Apoyo a V\u00edctimas de la Subsecretar\u00eda de Prevenci\u00f3n del Delito.<\/li>\n<li>De acuerdo con su nacionalidad, ingresaron al Protocolo principalmente v\u00edctimas de nacionalidad venezolana (43%) -manteniendo una tendencia desde 2020- seguido de v\u00edctimas de nacionalidad colombiana (26%) y boliviana (13%).<\/li>\n<li>El 59% de los ingresados a dicho protocolo se\u00f1al\u00f3 que sufri\u00f3 explotaci\u00f3n sexual y el 35% debi\u00f3 realizar trabajos o servicios forzados.<\/li>\n<\/ul>\n<\/div><\/section><\/div><div  style='height:50px' class='hr hr-invisible   avia-builder-el-6  el_after_av_one_full  el_before_av_social_share '><span class='hr-inner ' ><span class='hr-inner-style'><\/span><\/span><\/div><\/p>\n<div  class='av-social-sharing-box  avia-builder-el-7  el_after_av_hr  el_before_av_hr  '><div class='av-share-box'><h5 class='av-share-link-description av-no-toc '>Compartir esta noticia<\/h5><ul class='av-share-box-list noLightbox'><li class='av-share-link av-social-link-facebook' ><a target=\"_blank\" aria-label=\"Compartir en Facebook\" href='https:\/\/www.facebook.com\/sharer.php?u=https:\/\/radiorevelacionfm.cl\/?p=44655&#038;t=Destacan%20llamado%20de%20vicepresidenta%20Toh%C3%A1%20a%20denunciar%20trata%20de%20personas' aria-hidden='false' data-av_icon='\ue8f3' data-av_iconfont='entypo-fontello' title='' data-avia-related-tooltip='Compartir en Facebook' rel=\"noopener\"><span class='avia_hidden_link_text'>Compartir en Facebook<\/span><\/a><\/li><li class='av-share-link av-social-link-twitter' ><a target=\"_blank\" aria-label=\"Compartir en Twitter\" href='https:\/\/twitter.com\/share?text=Destacan%20llamado%20de%20vicepresidenta%20Toh%C3%A1%20a%20denunciar%20trata%20de%20personas&#038;url=https:\/\/radiorevelacionfm.cl\/?p=44655' aria-hidden='false' data-av_icon='\ue8f1' data-av_iconfont='entypo-fontello' title='' data-avia-related-tooltip='Compartir en Twitter' rel=\"noopener\"><span class='avia_hidden_link_text'>Compartir en Twitter<\/span><\/a><\/li><li class='av-share-link av-social-link-whatsapp' ><a target=\"_blank\" aria-label=\"Compartir en Whatsapp\" href='https:\/\/api.whatsapp.com\/send?text=https:\/\/radiorevelacionfm.cl\/?p=44655' aria-hidden='false' data-av_icon='\uf232' data-av_iconfont='entypo-fontello' title='' data-avia-related-tooltip='Compartir en Whatsapp' rel=\"noopener\"><span class='avia_hidden_link_text'>Compartir en Whatsapp<\/span><\/a><\/li><li class='av-share-link av-social-link-linkedin' ><a target=\"_blank\" aria-label=\"Compartir en LinkedIn\" href='https:\/\/linkedin.com\/shareArticle?mini=true&#038;title=Destacan%20llamado%20de%20vicepresidenta%20Toh%C3%A1%20a%20denunciar%20trata%20de%20personas&#038;url=https:\/\/radiorevelacionfm.cl\/?p=44655' aria-hidden='false' data-av_icon='\ue8fc' data-av_iconfont='entypo-fontello' title='' data-avia-related-tooltip='Compartir en LinkedIn' rel=\"noopener\"><span class='avia_hidden_link_text'>Compartir en LinkedIn<\/span><\/a><\/li><li class='av-share-link av-social-link-mail' ><a  aria-label=\"Compartir por correo\" href='mailto:?subject=Destacan%20llamado%20de%20vicepresidenta%20Toh%C3%A1%20a%20denunciar%20trata%20de%20personas&#038;body=https:\/\/radiorevelacionfm.cl\/?p=44655' aria-hidden='false' data-av_icon='\ue805' data-av_iconfont='entypo-fontello' title='' data-avia-related-tooltip='Compartir por correo'><span class='avia_hidden_link_text'>Compartir por correo<\/span><\/a><\/li><\/ul><\/div><\/div>\n<div  style='height:50px' class='hr hr-invisible   avia-builder-el-8  el_after_av_social_share  el_before_av_comments_list '><span class='hr-inner ' ><span class='hr-inner-style'><\/span><\/span><\/div>\n<div  class='av-buildercomment  av-blog-meta-html-info-disabled av-blog-meta-tag-disabled  '><\/div>\n","protected":false},"excerpt":{"rendered":"","protected":false},"author":1,"featured_media":44656,"comment_status":"open","ping_status":"open","sticky":false,"template":"","format":"standard","meta":{"footnotes":""},"categories":[61],"tags":[],"class_list":["post-44655","post","type-post","status-publish","format-standard","has-post-thumbnail","hentry","category-nacional"],"jetpack_featured_media_url":"https:\/\/radiorevelacionfm.cl\/wp-content\/uploads\/2024\/07\/WhatsApp-Image-2024-07-30-at-13.27.03-2-1-1.jpeg","_links":{"self":[{"href":"https:\/\/radiorevelacionfm.cl\/index.php?rest_route=\/wp\/v2\/posts\/44655","targetHints":{"allow":["GET"]}}],"collection":[{"href":"https:\/\/radiorevelacionfm.cl\/index.php?rest_route=\/wp\/v2\/posts"}],"about":[{"href":"https:\/\/radiorevelacionfm.cl\/index.php?rest_route=\/wp\/v2\/types\/post"}],"author":[{"embeddable":true,"href":"https:\/\/radiorevelacionfm.cl\/index.php?rest_route=\/wp\/v2\/users\/1"}],"replies":[{"embeddable":true,"href":"https:\/\/radiorevelacionfm.cl\/index.php?rest_route=%2Fwp%2Fv2%2Fcomments&post=44655"}],"version-history":[{"count":1,"href":"https:\/\/radiorevelacionfm.cl\/index.php?rest_route=\/wp\/v2\/posts\/44655\/revisions"}],"predecessor-version":[{"id":44657,"href":"https:\/\/radiorevelacionfm.cl\/index.php?rest_route=\/wp\/v2\/posts\/44655\/revisions\/44657"}],"wp:featuredmedia":[{"embeddable":true,"href":"https:\/\/radiorevelacionfm.cl\/index.php?rest_route=\/wp\/v2\/media\/44656"}],"wp:attachment":[{"href":"https:\/\/radiorevelacionfm.cl\/index.php?rest_route=%2Fwp%2Fv2%2Fmedia&parent=44655"}],"wp:term":[{"taxonomy":"category","embeddable":true,"href":"https:\/\/radiorevelacionfm.cl\/index.php?rest_route=%2Fwp%2Fv2%2Fcategories&post=44655"},{"taxonomy":"post_tag","embeddable":true,"href":"https:\/\/radiorevelacionfm.cl\/index.php?rest_route=%2Fwp%2Fv2%2Ftags&post=44655"}],"curies":[{"name":"wp","href":"https:\/\/api.w.org\/{rel}","templated":true}]}}