{"id":44652,"date":"2024-07-31T18:02:54","date_gmt":"2024-07-31T21:02:54","guid":{"rendered":"https:\/\/radiorevelacionfm.cl\/?p=44652"},"modified":"2024-07-31T18:02:54","modified_gmt":"2024-07-31T21:02:54","slug":"programa-patagonia-ponte-las-pilas-suma-a-serviu-como-nuevo-aliado-regional","status":"publish","type":"post","link":"https:\/\/radiorevelacionfm.cl\/?p=44652","title":{"rendered":"Programa \u201cPatagonia ponte las pilas\u201d suma a Serviu como nuevo aliado regional"},"content":{"rendered":"<div class=\"flex_column av_one_full  flex_column_div av-zero-column-padding first  avia-builder-el-0  el_before_av_one_full  avia-builder-el-first  \" style='border-radius:0px; '><div  class='avia-image-container  av-styling-    avia-builder-el-1  avia-builder-el-no-sibling  avia-align-center '  itemprop=\"image\" itemscope=\"itemscope\" itemtype=\"https:\/\/schema.org\/ImageObject\"  ><div class='avia-image-container-inner'><div class='avia-image-overlay-wrap'><img decoding=\"async\" class='wp-image-44653 avia-img-lazy-loading-not-44653 avia_image' src=\"https:\/\/radiorevelacionfm.cl\/wp-content\/uploads\/2024\/07\/alianza-serviu-1_optimized.jpeg\" alt='' title='alianza-serviu-(1)_optimized' height=\"600\" width=\"905\"  itemprop=\"thumbnailUrl\" srcset=\"https:\/\/radiorevelacionfm.cl\/wp-content\/uploads\/2024\/07\/alianza-serviu-1_optimized.jpeg 905w, https:\/\/radiorevelacionfm.cl\/wp-content\/uploads\/2024\/07\/alianza-serviu-1_optimized-300x199.jpeg 300w, https:\/\/radiorevelacionfm.cl\/wp-content\/uploads\/2024\/07\/alianza-serviu-1_optimized-768x509.jpeg 768w, https:\/\/radiorevelacionfm.cl\/wp-content\/uploads\/2024\/07\/alianza-serviu-1_optimized-705x467.jpeg 705w, https:\/\/radiorevelacionfm.cl\/wp-content\/uploads\/2024\/07\/alianza-serviu-1_optimized-450x298.jpeg 450w, https:\/\/radiorevelacionfm.cl\/wp-content\/uploads\/2024\/07\/alianza-serviu-1_optimized-600x398.jpeg 600w\" sizes=\"(max-width: 905px) 100vw, 905px\" \/><\/div><\/div><\/div><\/div><div class=\"flex_column av_one_full  flex_column_div av-zero-column-padding first  avia-builder-el-2  el_after_av_one_full  el_before_av_one_full  column-top-margin\" style='border-radius:0px; '><section class=\"av_textblock_section \"  itemscope=\"itemscope\" itemtype=\"https:\/\/schema.org\/BlogPosting\" itemprop=\"blogPost\" ><div class='avia_textblock  '   itemprop=\"text\" ><p style=\"text-align: center;\"><strong><span style=\"font-size: 18pt;\">Programa \u201cPatagonia ponte las pilas\u201d suma a Serviu como nuevo aliado regional<\/span><\/strong><\/p>\n<div id=\"gtx-trans\" style=\"position: absolute; left: -50px; top: 4.31534px;\">\n<div class=\"gtx-trans-icon\"><\/div>\n<\/div>\n<\/div><\/section><\/div><div class=\"flex_column av_one_full  flex_column_div av-zero-column-padding first  avia-builder-el-4  el_after_av_one_full  el_before_av_hr  column-top-margin\" style='border-radius:0px; '><section class=\"av_textblock_section \"  itemscope=\"itemscope\" itemtype=\"https:\/\/schema.org\/BlogPosting\" itemprop=\"blogPost\" ><div class='avia_textblock  '   itemprop=\"text\" ><p style=\"text-align: justify;\">La el\u00e9ctrica comprometida con la sostenibilidad y el cuidado del medio ambiente, form\u00f3 una nueva alianza, en esta ocasi\u00f3n, con el Servicio de Vivienda y Urbanismo de la regi\u00f3n de Ays\u00e9n. Esta colaboraci\u00f3n se enmarca en el programa de la empresa \u201cPatagonia ponte las pilas\u201d, una iniciativa que busca incentivar el almacenaje de pilas en toda la regi\u00f3n.<\/p>\n<p style=\"text-align: justify;\">La iniciativa que lidera Edelaysen, ha ganado un nuevo impulso con la participaci\u00f3n del Serviu Regional, en ese sentido, Patricio Raimilla, jefe de Servicio al Cliente agreg\u00f3 que: \u201cEstamos muy contentos de contar con el apoyo de Serviu en esta importante cruzada. Juntos, podemos llegar a m\u00e1s personas y educar sobre la importancia del almacenaje de pilas en desuso de manera correcta, evitando as\u00ed la contaminaci\u00f3n y protegiendo nuestro entorno natural\u201d.<\/p>\n<p style=\"text-align: justify;\">De esta manera, la entidad p\u00fablica facilitar\u00e1 puntos de almacenaje en sus oficinas, promoviendo la iniciativa entre sus colaboradores y la comunidad, as\u00ed mismo, mencionaron la disposici\u00f3n de sumar a nuevas instituciones p\u00fablicas que est\u00e9n interesadas en cooperar en esta acci\u00f3n sustentable para la regi\u00f3n de Ays\u00e9n.<\/p>\n<p style=\"text-align: justify;\">V\u00edctor Contreras, director regional de Serviu agreg\u00f3 que: \u201cNosotros tenemos pocas alianzas publico-privadas, no es parte de lo que hagamos regularmente por lo tanto se valora la disposici\u00f3n no solo de los funcionarios quienes han estado interesados en esta tem\u00e1tica, sino que tambi\u00e9n la disposici\u00f3n de Edelaysen, porque est\u00e1n presentes en la regi\u00f3n, permiten llegar a otros lugares que es m\u00e1s dif\u00edcil que nosotros podemos llegar y con esto nos permite descontaminar y realizar un buen manejo de los residuos en la regi\u00f3n. Tenemos un edificio donde atendemos p\u00fablico, en Freire N\u00ba5, antes de llegar al mirador y podemos disponer espacio para que podamos recopilar pilas en ese sector o buscar alianzas con otras instituciones que trabajan con nosotros\u201d.<\/p>\n<p style=\"text-align: justify;\">Con esta iniciativa, Edelaysen reafirma su compromiso con la sostenibilidad y el desarrollo de las pr\u00e1cticas responsables que contribuyan a la conservaci\u00f3n del medio ambiente. Asimismo, la empresa asegura que continuar\u00e1 trabajando en proyectos que promuevan el reciclaje y la educaci\u00f3n ambiental, siempre en colaboraci\u00f3n de la comunidad e instituciones tanto privadas como p\u00fablicas que deseen sumarse.<\/p>\n<p style=\"text-align: justify;\">De esta manera, los contendores para almacenar pilas, los puedes encontrar en todas las oficinas de Edelaysen, as\u00ed como en las oficinas de Conaf, Sag, Serviu, Seremi de Medio Ambiente, Tesorer\u00eda General de la Rep\u00fablica, Municipios y establecimientos educacionales.<\/p>\n<\/div><\/section><\/div><div  style='height:50px' class='hr hr-invisible   avia-builder-el-6  el_after_av_one_full  el_before_av_social_share '><span class='hr-inner ' ><span class='hr-inner-style'><\/span><\/span><\/div><\/p>\n<div  class='av-social-sharing-box  avia-builder-el-7  el_after_av_hr  el_before_av_hr  '><div class='av-share-box'><h5 class='av-share-link-description av-no-toc '>Compartir esta noticia<\/h5><ul class='av-share-box-list noLightbox'><li class='av-share-link av-social-link-facebook' ><a target=\"_blank\" aria-label=\"Compartir en Facebook\" href='https:\/\/www.facebook.com\/sharer.php?u=https:\/\/radiorevelacionfm.cl\/?p=44652&#038;t=Programa%20%E2%80%9CPatagonia%20ponte%20las%20pilas%E2%80%9D%20suma%20a%20Serviu%20como%20nuevo%20aliado%20regional' aria-hidden='false' data-av_icon='\ue8f3' data-av_iconfont='entypo-fontello' title='' data-avia-related-tooltip='Compartir en Facebook' rel=\"noopener\"><span class='avia_hidden_link_text'>Compartir en Facebook<\/span><\/a><\/li><li class='av-share-link av-social-link-twitter' ><a target=\"_blank\" aria-label=\"Compartir en Twitter\" href='https:\/\/twitter.com\/share?text=Programa%20%E2%80%9CPatagonia%20ponte%20las%20pilas%E2%80%9D%20suma%20a%20Serviu%20como%20nuevo%20aliado%20regional&#038;url=https:\/\/radiorevelacionfm.cl\/?p=44652' aria-hidden='false' data-av_icon='\ue8f1' data-av_iconfont='entypo-fontello' title='' data-avia-related-tooltip='Compartir en Twitter' rel=\"noopener\"><span class='avia_hidden_link_text'>Compartir en Twitter<\/span><\/a><\/li><li class='av-share-link av-social-link-whatsapp' ><a target=\"_blank\" aria-label=\"Compartir en Whatsapp\" href='https:\/\/api.whatsapp.com\/send?text=https:\/\/radiorevelacionfm.cl\/?p=44652' aria-hidden='false' data-av_icon='\uf232' data-av_iconfont='entypo-fontello' title='' data-avia-related-tooltip='Compartir en Whatsapp' rel=\"noopener\"><span class='avia_hidden_link_text'>Compartir en Whatsapp<\/span><\/a><\/li><li class='av-share-link av-social-link-linkedin' ><a target=\"_blank\" aria-label=\"Compartir en LinkedIn\" href='https:\/\/linkedin.com\/shareArticle?mini=true&#038;title=Programa%20%E2%80%9CPatagonia%20ponte%20las%20pilas%E2%80%9D%20suma%20a%20Serviu%20como%20nuevo%20aliado%20regional&#038;url=https:\/\/radiorevelacionfm.cl\/?p=44652' aria-hidden='false' data-av_icon='\ue8fc' data-av_iconfont='entypo-fontello' title='' data-avia-related-tooltip='Compartir en LinkedIn' rel=\"noopener\"><span class='avia_hidden_link_text'>Compartir en LinkedIn<\/span><\/a><\/li><li class='av-share-link av-social-link-mail' ><a  aria-label=\"Compartir por correo\" href='mailto:?subject=Programa%20%E2%80%9CPatagonia%20ponte%20las%20pilas%E2%80%9D%20suma%20a%20Serviu%20como%20nuevo%20aliado%20regional&#038;body=https:\/\/radiorevelacionfm.cl\/?p=44652' aria-hidden='false' data-av_icon='\ue805' data-av_iconfont='entypo-fontello' title='' data-avia-related-tooltip='Compartir por correo'><span class='avia_hidden_link_text'>Compartir por correo<\/span><\/a><\/li><\/ul><\/div><\/div>\n<div  style='height:50px' class='hr hr-invisible   avia-builder-el-8  el_after_av_social_share  el_before_av_comments_list '><span class='hr-inner ' ><span class='hr-inner-style'><\/span><\/span><\/div>\n<div  class='av-buildercomment  av-blog-meta-html-info-disabled av-blog-meta-tag-disabled  '><\/div>\n","protected":false},"excerpt":{"rendered":"","protected":false},"author":1,"featured_media":44653,"comment_status":"open","ping_status":"open","sticky":false,"template":"","format":"standard","meta":{"footnotes":""},"categories":[38],"tags":[],"class_list":["post-44652","post","type-post","status-publish","format-standard","has-post-thumbnail","hentry","category-regional"],"jetpack_featured_media_url":"https:\/\/radiorevelacionfm.cl\/wp-content\/uploads\/2024\/07\/alianza-serviu-1_optimized.jpeg","_links":{"self":[{"href":"https:\/\/radiorevelacionfm.cl\/index.php?rest_route=\/wp\/v2\/posts\/44652","targetHints":{"allow":["GET"]}}],"collection":[{"href":"https:\/\/radiorevelacionfm.cl\/index.php?rest_route=\/wp\/v2\/posts"}],"about":[{"href":"https:\/\/radiorevelacionfm.cl\/index.php?rest_route=\/wp\/v2\/types\/post"}],"author":[{"embeddable":true,"href":"https:\/\/radiorevelacionfm.cl\/index.php?rest_route=\/wp\/v2\/users\/1"}],"replies":[{"embeddable":true,"href":"https:\/\/radiorevelacionfm.cl\/index.php?rest_route=%2Fwp%2Fv2%2Fcomments&post=44652"}],"version-history":[{"count":1,"href":"https:\/\/radiorevelacionfm.cl\/index.php?rest_route=\/wp\/v2\/posts\/44652\/revisions"}],"predecessor-version":[{"id":44654,"href":"https:\/\/radiorevelacionfm.cl\/index.php?rest_route=\/wp\/v2\/posts\/44652\/revisions\/44654"}],"wp:featuredmedia":[{"embeddable":true,"href":"https:\/\/radiorevelacionfm.cl\/index.php?rest_route=\/wp\/v2\/media\/44653"}],"wp:attachment":[{"href":"https:\/\/radiorevelacionfm.cl\/index.php?rest_route=%2Fwp%2Fv2%2Fmedia&parent=44652"}],"wp:term":[{"taxonomy":"category","embeddable":true,"href":"https:\/\/radiorevelacionfm.cl\/index.php?rest_route=%2Fwp%2Fv2%2Fcategories&post=44652"},{"taxonomy":"post_tag","embeddable":true,"href":"https:\/\/radiorevelacionfm.cl\/index.php?rest_route=%2Fwp%2Fv2%2Ftags&post=44652"}],"curies":[{"name":"wp","href":"https:\/\/api.w.org\/{rel}","templated":true}]}}