{"id":4465,"date":"2021-05-24T19:53:08","date_gmt":"2021-05-24T22:53:08","guid":{"rendered":"https:\/\/radiorevelacionfm.cl\/?p=4465"},"modified":"2021-05-24T19:53:37","modified_gmt":"2021-05-24T22:53:37","slug":"obras-en-la-sede-del-club-deportivo-la-junta-f-c-presentan-un-90-de-avance","status":"publish","type":"post","link":"https:\/\/radiorevelacionfm.cl\/?p=4465","title":{"rendered":"Obras en la sede del Club Deportivo \u201cLa Junta F.C.\u201d presentan un 90% de avance"},"content":{"rendered":"<div class=\"flex_column av_one_full  flex_column_div av-zero-column-padding first  avia-builder-el-0  el_before_av_one_full  avia-builder-el-first  \" style='border-radius:0px; '><div  class='avia-image-container  av-styling-    avia-builder-el-1  avia-builder-el-no-sibling  avia-align-center '  itemprop=\"image\" itemscope=\"itemscope\" itemtype=\"https:\/\/schema.org\/ImageObject\"  ><div class='avia-image-container-inner'><div class='avia-image-overlay-wrap'><img decoding=\"async\" class='wp-image-4466 avia-img-lazy-loading-not-4466 avia_image' src=\"https:\/\/radiorevelacionfm.cl\/wp-content\/uploads\/2021\/05\/LA-JUNTA-FC-4-1.jpeg\" alt='' title='LA JUNTA FC 4 (1)' height=\"600\" width=\"1331\"  itemprop=\"thumbnailUrl\" srcset=\"https:\/\/radiorevelacionfm.cl\/wp-content\/uploads\/2021\/05\/LA-JUNTA-FC-4-1.jpeg 1331w, https:\/\/radiorevelacionfm.cl\/wp-content\/uploads\/2021\/05\/LA-JUNTA-FC-4-1-300x135.jpeg 300w, https:\/\/radiorevelacionfm.cl\/wp-content\/uploads\/2021\/05\/LA-JUNTA-FC-4-1-1030x464.jpeg 1030w, https:\/\/radiorevelacionfm.cl\/wp-content\/uploads\/2021\/05\/LA-JUNTA-FC-4-1-768x346.jpeg 768w, https:\/\/radiorevelacionfm.cl\/wp-content\/uploads\/2021\/05\/LA-JUNTA-FC-4-1-705x318.jpeg 705w, https:\/\/radiorevelacionfm.cl\/wp-content\/uploads\/2021\/05\/LA-JUNTA-FC-4-1-600x270.jpeg 600w\" sizes=\"(max-width: 1331px) 100vw, 1331px\" \/><\/div><\/div><\/div><\/div><div class=\"flex_column av_one_full  flex_column_div av-zero-column-padding first  avia-builder-el-2  el_after_av_one_full  el_before_av_one_full  column-top-margin\" style='border-radius:0px; '><section class=\"av_textblock_section \"  itemscope=\"itemscope\" itemtype=\"https:\/\/schema.org\/BlogPosting\" itemprop=\"blogPost\" ><div class='avia_textblock  '   itemprop=\"text\" ><p style=\"text-align: center;\"><strong><span style=\"font-size: 18pt;\">Obras en la sede del Club Deportivo \u201cLa Junta F.C.\u201d presentan un 90% de avance<\/span><\/strong><\/p>\n<div id=\"gtx-trans\" style=\"position: absolute; left: -50px; top: 4.31534px;\">\n<div class=\"gtx-trans-icon\"><\/div>\n<\/div>\n<\/div><\/section><\/div><div class=\"flex_column av_one_full  flex_column_div av-zero-column-padding first  avia-builder-el-4  el_after_av_one_full  el_before_av_hr  column-top-margin\" style='border-radius:0px; '><section class=\"av_textblock_section \"  itemscope=\"itemscope\" itemtype=\"https:\/\/schema.org\/BlogPosting\" itemprop=\"blogPost\" ><div class='avia_textblock  '   itemprop=\"text\" ><p style=\"text-align: justify;\">Porque el apoyo a las organizaciones de base, que re\u00fanen a la comunidad y les permite realizar sus actividades, siempre han sido prioridad en la gesti\u00f3n del Alcalde Francisco Roncagliolo Lepio. Muestra de aquello, son algunos proyectos orientados a organizaciones deportivas de la comuna de Cisnes, particularmente la construcci\u00f3n de la sede social del Club Deportivo \u201cLa Junta F.C.\u201d.<\/p>\n<p style=\"text-align: justify;\">Para el edil, esta es una iniciativa que los integrantes de la entidad beneficiada requer\u00edan hace mucho tiempo y que adem\u00e1s se merec\u00edan, demostrando con hechos el compromiso que ha mantenido con el deporte, remarc\u00f3.<\/p>\n<p style=\"text-align: justify;\">\u201cNuestro compromiso con el deporte en la comuna de Cisnes, no solamente esta en apoyar en las actividades, fortalecer la competencia o tambi\u00e9n valorar que nos representen como comuna. Sino que buscamos de una u otra forma, generar espacios donde se puedan reunir, espacios donde puedan concretar su trabajo como equipo y es por eso que nos hemos comprometido con las distintas localidades, con los distintos clubes de la comuna. La idea es ir generando espacios o sedes, donde desarrollen sus actividades e inviten a compartir y tambi\u00e9n a apoyar a la comunidad. Destacar que, con la Junta F.C., tenemos un trabajo de hartos a\u00f1os, en el cual se ha ido generando un fortalecimiento del club, lo que ha permitido que aumente la cantidad de socios y sea muy representativo de su localidad. Es de esta forma que hoy estamos concretamos con este apoyo de Subdere la sede para el club, donde sabemos que una vez finalizada la obra, se le va a dar un muy buen uso y ser\u00e1 un gran aporte a la comunidad\u201d.<\/p>\n<p style=\"text-align: justify;\">Desde la Subsedere se entregaron los recursos mediante el Programa de Mejoramiento Urbano (PMU), para llevar a cabo el proyecto \u201cconstrucci\u00f3n sede club deportivo La Junta F.C.\u201d. El encargado regional de este servicio, Sebasti\u00e1n Ponce, relev\u00f3 el trabajo coordinado con el Alcalde Roncagliolo y el equipo de la Municipalidad de Cisnes.<\/p>\n<p style=\"text-align: justify;\">\u201cPara nosotros es muy importante, ya que, todas las obras son muy significativas, porque detr\u00e1s de ellas hay un vecino que tiene un sue\u00f1o, un anhelo y en este caso un club deportivo. En su oportunidad todos sus socios y nosotros nos juntamos con el Alcalde, hicimos un compromiso y hoy d\u00eda se hace realidad, ya lleva m\u00e1s de un 90% de avance, as\u00ed es que, estamos muy felices como Gobierno de poder cumplir con nuestros compromisos. Este es un proyecto que se financio a trav\u00e9s del Programa de Mejoramiento Urbano, es una obra que consiste en poco m\u00e1s de 55 millones de pesos, que est\u00e1 generando mano de obra local, por lo tanto, es un circulo virtuoso que se genera a trav\u00e9s del trabajo incansable del Alcalde, de su equipo y nosotros como Gobierno felices de poder colaborar, para seguir cumpliendo con las necesidades de todos nuestros vecinos\u201d.<\/p>\n<p style=\"text-align: justify;\">El proyecto de construcci\u00f3n de la sede del Club Deportivo \u201cLa Junta F.C.\u201d, contempla una inversi\u00f3n que supera los 55 millones de pesos, fue dise\u00f1ado por el equipo de profesionales de la Municipalidad de Cisnes y presentado a la Subdere, entidad que otorg\u00f3 el financiamiento que hoy se traduce en una obra con un 90% de avance y que pronto ser\u00e1 entregada para uso de la organizaci\u00f3n.<\/p>\n<\/div><\/section><\/div><div  style='height:50px' class='hr hr-invisible   avia-builder-el-6  el_after_av_one_full  el_before_av_social_share '><span class='hr-inner ' ><span class='hr-inner-style'><\/span><\/span><\/div><\/p>\n<div  class='av-social-sharing-box  avia-builder-el-7  el_after_av_hr  el_before_av_hr  '><div class='av-share-box'><h5 class='av-share-link-description av-no-toc '>Compartir esta noticia<\/h5><ul class='av-share-box-list noLightbox'><li class='av-share-link av-social-link-facebook' ><a target=\"_blank\" aria-label=\"Compartir en Facebook\" href='https:\/\/www.facebook.com\/sharer.php?u=https:\/\/radiorevelacionfm.cl\/?p=4465&#038;t=Obras%20en%20la%20sede%20del%20Club%20Deportivo%20%E2%80%9CLa%20Junta%20F.C.%E2%80%9D%20presentan%20un%2090%25%20de%20avance' aria-hidden='false' data-av_icon='\ue8f3' data-av_iconfont='entypo-fontello' title='' data-avia-related-tooltip='Compartir en Facebook' rel=\"noopener\"><span class='avia_hidden_link_text'>Compartir en Facebook<\/span><\/a><\/li><li class='av-share-link av-social-link-twitter' ><a target=\"_blank\" aria-label=\"Compartir en Twitter\" href='https:\/\/twitter.com\/share?text=Obras%20en%20la%20sede%20del%20Club%20Deportivo%20%E2%80%9CLa%20Junta%20F.C.%E2%80%9D%20presentan%20un%2090%25%20de%20avance&#038;url=https:\/\/radiorevelacionfm.cl\/?p=4465' aria-hidden='false' data-av_icon='\ue8f1' data-av_iconfont='entypo-fontello' title='' data-avia-related-tooltip='Compartir en Twitter' rel=\"noopener\"><span class='avia_hidden_link_text'>Compartir en Twitter<\/span><\/a><\/li><li class='av-share-link av-social-link-whatsapp' ><a target=\"_blank\" aria-label=\"Compartir en Whatsapp\" href='https:\/\/api.whatsapp.com\/send?text=https:\/\/radiorevelacionfm.cl\/?p=4465' aria-hidden='false' data-av_icon='\uf232' data-av_iconfont='entypo-fontello' title='' data-avia-related-tooltip='Compartir en Whatsapp' rel=\"noopener\"><span class='avia_hidden_link_text'>Compartir en Whatsapp<\/span><\/a><\/li><li class='av-share-link av-social-link-linkedin' ><a target=\"_blank\" aria-label=\"Compartir en LinkedIn\" href='https:\/\/linkedin.com\/shareArticle?mini=true&#038;title=Obras%20en%20la%20sede%20del%20Club%20Deportivo%20%E2%80%9CLa%20Junta%20F.C.%E2%80%9D%20presentan%20un%2090%25%20de%20avance&#038;url=https:\/\/radiorevelacionfm.cl\/?p=4465' aria-hidden='false' data-av_icon='\ue8fc' data-av_iconfont='entypo-fontello' title='' data-avia-related-tooltip='Compartir en LinkedIn' rel=\"noopener\"><span class='avia_hidden_link_text'>Compartir en LinkedIn<\/span><\/a><\/li><li class='av-share-link av-social-link-mail' ><a  aria-label=\"Compartir por correo\" href='mailto:?subject=Obras%20en%20la%20sede%20del%20Club%20Deportivo%20%E2%80%9CLa%20Junta%20F.C.%E2%80%9D%20presentan%20un%2090%25%20de%20avance&#038;body=https:\/\/radiorevelacionfm.cl\/?p=4465' aria-hidden='false' data-av_icon='\ue805' data-av_iconfont='entypo-fontello' title='' data-avia-related-tooltip='Compartir por correo'><span class='avia_hidden_link_text'>Compartir por correo<\/span><\/a><\/li><\/ul><\/div><\/div>\n<div  style='height:50px' class='hr hr-invisible   avia-builder-el-8  el_after_av_social_share  el_before_av_comments_list '><span class='hr-inner ' ><span class='hr-inner-style'><\/span><\/span><\/div>\n<div  class='av-buildercomment  av-blog-meta-html-info-disabled av-blog-meta-tag-disabled  '><\/div>\n","protected":false},"excerpt":{"rendered":"","protected":false},"author":1,"featured_media":4466,"comment_status":"open","ping_status":"open","sticky":false,"template":"","format":"standard","meta":{"footnotes":""},"categories":[38],"tags":[],"class_list":["post-4465","post","type-post","status-publish","format-standard","has-post-thumbnail","hentry","category-regional"],"jetpack_featured_media_url":"https:\/\/radiorevelacionfm.cl\/wp-content\/uploads\/2021\/05\/LA-JUNTA-FC-4-1.jpeg","_links":{"self":[{"href":"https:\/\/radiorevelacionfm.cl\/index.php?rest_route=\/wp\/v2\/posts\/4465","targetHints":{"allow":["GET"]}}],"collection":[{"href":"https:\/\/radiorevelacionfm.cl\/index.php?rest_route=\/wp\/v2\/posts"}],"about":[{"href":"https:\/\/radiorevelacionfm.cl\/index.php?rest_route=\/wp\/v2\/types\/post"}],"author":[{"embeddable":true,"href":"https:\/\/radiorevelacionfm.cl\/index.php?rest_route=\/wp\/v2\/users\/1"}],"replies":[{"embeddable":true,"href":"https:\/\/radiorevelacionfm.cl\/index.php?rest_route=%2Fwp%2Fv2%2Fcomments&post=4465"}],"version-history":[{"count":1,"href":"https:\/\/radiorevelacionfm.cl\/index.php?rest_route=\/wp\/v2\/posts\/4465\/revisions"}],"predecessor-version":[{"id":4467,"href":"https:\/\/radiorevelacionfm.cl\/index.php?rest_route=\/wp\/v2\/posts\/4465\/revisions\/4467"}],"wp:featuredmedia":[{"embeddable":true,"href":"https:\/\/radiorevelacionfm.cl\/index.php?rest_route=\/wp\/v2\/media\/4466"}],"wp:attachment":[{"href":"https:\/\/radiorevelacionfm.cl\/index.php?rest_route=%2Fwp%2Fv2%2Fmedia&parent=4465"}],"wp:term":[{"taxonomy":"category","embeddable":true,"href":"https:\/\/radiorevelacionfm.cl\/index.php?rest_route=%2Fwp%2Fv2%2Fcategories&post=4465"},{"taxonomy":"post_tag","embeddable":true,"href":"https:\/\/radiorevelacionfm.cl\/index.php?rest_route=%2Fwp%2Fv2%2Ftags&post=4465"}],"curies":[{"name":"wp","href":"https:\/\/api.w.org\/{rel}","templated":true}]}}