{"id":44639,"date":"2024-07-30T22:32:27","date_gmt":"2024-07-31T01:32:27","guid":{"rendered":"https:\/\/radiorevelacionfm.cl\/?p=44639"},"modified":"2024-07-30T22:32:27","modified_gmt":"2024-07-31T01:32:27","slug":"marcelo-santana-sera-lider-unico-de-la-oposicion-como-candidato-a-gobernador-regional","status":"publish","type":"post","link":"https:\/\/radiorevelacionfm.cl\/?p=44639","title":{"rendered":"Marcelo Santana ser\u00e1 l\u00edder \u00fanico de la oposici\u00f3n como candidato a Gobernador Regional"},"content":{"rendered":"<div class=\"flex_column av_one_full  flex_column_div av-zero-column-padding first  avia-builder-el-0  el_before_av_one_full  avia-builder-el-first  \" style='border-radius:0px; '><div  class='avia-image-container  av-styling-    avia-builder-el-1  avia-builder-el-no-sibling  avia-align-center '  itemprop=\"image\" itemscope=\"itemscope\" itemtype=\"https:\/\/schema.org\/ImageObject\"  ><div class='avia-image-container-inner'><div class='avia-image-overlay-wrap'><img decoding=\"async\" class='wp-image-44641 avia-img-lazy-loading-not-44641 avia_image' src=\"https:\/\/radiorevelacionfm.cl\/wp-content\/uploads\/2024\/07\/Marcelo-Santana0-1-1-1.jpeg\" alt='' title='Marcelo Santana0 (1) (1) (1)' height=\"600\" width=\"800\"  itemprop=\"thumbnailUrl\" srcset=\"https:\/\/radiorevelacionfm.cl\/wp-content\/uploads\/2024\/07\/Marcelo-Santana0-1-1-1.jpeg 800w, https:\/\/radiorevelacionfm.cl\/wp-content\/uploads\/2024\/07\/Marcelo-Santana0-1-1-1-300x225.jpeg 300w, https:\/\/radiorevelacionfm.cl\/wp-content\/uploads\/2024\/07\/Marcelo-Santana0-1-1-1-768x576.jpeg 768w, https:\/\/radiorevelacionfm.cl\/wp-content\/uploads\/2024\/07\/Marcelo-Santana0-1-1-1-705x529.jpeg 705w, https:\/\/radiorevelacionfm.cl\/wp-content\/uploads\/2024\/07\/Marcelo-Santana0-1-1-1-450x338.jpeg 450w, https:\/\/radiorevelacionfm.cl\/wp-content\/uploads\/2024\/07\/Marcelo-Santana0-1-1-1-600x450.jpeg 600w\" sizes=\"(max-width: 800px) 100vw, 800px\" \/><\/div><\/div><\/div><\/div><div class=\"flex_column av_one_full  flex_column_div av-zero-column-padding first  avia-builder-el-2  el_after_av_one_full  el_before_av_one_full  column-top-margin\" style='border-radius:0px; '><section class=\"av_textblock_section \"  itemscope=\"itemscope\" itemtype=\"https:\/\/schema.org\/BlogPosting\" itemprop=\"blogPost\" ><div class='avia_textblock  '   itemprop=\"text\" ><p style=\"text-align: center;\"><strong><span style=\"font-size: 18pt;\">Marcelo Santana ser\u00e1 l\u00edder \u00fanico de la oposici\u00f3n como candidato a Gobernador Regional<\/span><\/strong><\/p>\n<div id=\"gtx-trans\" style=\"position: absolute; left: -50px; top: 4.31534px;\">\n<div class=\"gtx-trans-icon\"><\/div>\n<\/div>\n<\/div><\/section><\/div><div class=\"flex_column av_one_full  flex_column_div av-zero-column-padding first  avia-builder-el-4  el_after_av_one_full  el_before_av_hr  column-top-margin\" style='border-radius:0px; '><section class=\"av_textblock_section \"  itemscope=\"itemscope\" itemtype=\"https:\/\/schema.org\/BlogPosting\" itemprop=\"blogPost\" ><div class='avia_textblock  '   itemprop=\"text\" ><p style=\"text-align: justify;\">Tras retirar a su candidata a Gobernadora, el Partido Republicano encabezado en la regi\u00f3n por Fernando San Crist\u00f3bal ha dado su apoyo a Marcelo Santana Vargas con miras a la elecci\u00f3n del 27 de octubre. \u00abCreo que esta es una se\u00f1al potente de uni\u00f3n de la centro derecha y de la oposici\u00f3n: la Regi\u00f3n de Ays\u00e9n necesita un cambio\u00bb, explic\u00f3 Santana.<\/p>\n<p style=\"text-align: justify;\">El lunes 29 de julio fue clave para ordenar el tablero de los candidatos a Gobernador, Core, Alcalde y Concejales, lo que gener\u00f3 muchas negociaciones transversales. Sin embargo, ahora Marcelo Santana toma el liderazgo de la oposici\u00f3n como candidato \u00fanico del sector a Gobernador Regional.<\/p>\n<p style=\"text-align: justify;\">\u00abAqu\u00ed hay una cuesti\u00f3n clave para el desarrollo de la regi\u00f3n, donde se apuesta por un cambio al gobierno regional de Ays\u00e9n y se opta por la unidad. Eso para m\u00ed significa mucho, porque me da un mayor \u00edmpetu para seguir trabajando por Ays\u00e9n y, sobre todo, contar con m\u00e1s profesionales capacitados para ajustar nuestro programa de Gobierno. No hay que olvidar que esta elecci\u00f3n es program\u00e1tica\u00bb, comunic\u00f3 Santana.<\/p>\n<p style=\"text-align: justify;\">\u00abSiempre esper\u00e9 este apoyo, que se une tambi\u00e9n a muchas personas que de manera transversal est\u00e1n apostando por mi candidatura, porque necesitan m\u00e1s fuentes de trabajo, un plan para proyectar el desarrollo y dejar la improvisaci\u00f3n de los \u00faltimos cuatro a\u00f1os de lado\u00bb, finaliz\u00f3 Marcelo Santana.<\/p>\n<\/div><\/section><\/div><div  style='height:50px' class='hr hr-invisible   avia-builder-el-6  el_after_av_one_full  el_before_av_social_share '><span class='hr-inner ' ><span class='hr-inner-style'><\/span><\/span><\/div><\/p>\n<div  class='av-social-sharing-box  avia-builder-el-7  el_after_av_hr  el_before_av_hr  '><div class='av-share-box'><h5 class='av-share-link-description av-no-toc '>Compartir esta noticia<\/h5><ul class='av-share-box-list noLightbox'><li class='av-share-link av-social-link-facebook' ><a target=\"_blank\" aria-label=\"Compartir en Facebook\" href='https:\/\/www.facebook.com\/sharer.php?u=https:\/\/radiorevelacionfm.cl\/?p=44639&#038;t=Marcelo%20Santana%20ser%C3%A1%20l%C3%ADder%20%C3%BAnico%20de%20la%20oposici%C3%B3n%20como%20candidato%20a%20Gobernador%20Regional' aria-hidden='false' data-av_icon='\ue8f3' data-av_iconfont='entypo-fontello' title='' data-avia-related-tooltip='Compartir en Facebook' rel=\"noopener\"><span class='avia_hidden_link_text'>Compartir en Facebook<\/span><\/a><\/li><li class='av-share-link av-social-link-twitter' ><a target=\"_blank\" aria-label=\"Compartir en Twitter\" href='https:\/\/twitter.com\/share?text=Marcelo%20Santana%20ser%C3%A1%20l%C3%ADder%20%C3%BAnico%20de%20la%20oposici%C3%B3n%20como%20candidato%20a%20Gobernador%20Regional&#038;url=https:\/\/radiorevelacionfm.cl\/?p=44639' aria-hidden='false' data-av_icon='\ue8f1' data-av_iconfont='entypo-fontello' title='' data-avia-related-tooltip='Compartir en Twitter' rel=\"noopener\"><span class='avia_hidden_link_text'>Compartir en Twitter<\/span><\/a><\/li><li class='av-share-link av-social-link-whatsapp' ><a target=\"_blank\" aria-label=\"Compartir en Whatsapp\" href='https:\/\/api.whatsapp.com\/send?text=https:\/\/radiorevelacionfm.cl\/?p=44639' aria-hidden='false' data-av_icon='\uf232' data-av_iconfont='entypo-fontello' title='' data-avia-related-tooltip='Compartir en Whatsapp' rel=\"noopener\"><span class='avia_hidden_link_text'>Compartir en Whatsapp<\/span><\/a><\/li><li class='av-share-link av-social-link-linkedin' ><a target=\"_blank\" aria-label=\"Compartir en LinkedIn\" href='https:\/\/linkedin.com\/shareArticle?mini=true&#038;title=Marcelo%20Santana%20ser%C3%A1%20l%C3%ADder%20%C3%BAnico%20de%20la%20oposici%C3%B3n%20como%20candidato%20a%20Gobernador%20Regional&#038;url=https:\/\/radiorevelacionfm.cl\/?p=44639' aria-hidden='false' data-av_icon='\ue8fc' data-av_iconfont='entypo-fontello' title='' data-avia-related-tooltip='Compartir en LinkedIn' rel=\"noopener\"><span class='avia_hidden_link_text'>Compartir en LinkedIn<\/span><\/a><\/li><li class='av-share-link av-social-link-mail' ><a  aria-label=\"Compartir por correo\" href='mailto:?subject=Marcelo%20Santana%20ser%C3%A1%20l%C3%ADder%20%C3%BAnico%20de%20la%20oposici%C3%B3n%20como%20candidato%20a%20Gobernador%20Regional&#038;body=https:\/\/radiorevelacionfm.cl\/?p=44639' aria-hidden='false' data-av_icon='\ue805' data-av_iconfont='entypo-fontello' title='' data-avia-related-tooltip='Compartir por correo'><span class='avia_hidden_link_text'>Compartir por correo<\/span><\/a><\/li><\/ul><\/div><\/div>\n<div  style='height:50px' class='hr hr-invisible   avia-builder-el-8  el_after_av_social_share  el_before_av_comments_list '><span class='hr-inner ' ><span class='hr-inner-style'><\/span><\/span><\/div>\n<div  class='av-buildercomment  av-blog-meta-html-info-disabled av-blog-meta-tag-disabled  '><\/div>\n","protected":false},"excerpt":{"rendered":"","protected":false},"author":1,"featured_media":44641,"comment_status":"open","ping_status":"open","sticky":false,"template":"","format":"standard","meta":{"footnotes":""},"categories":[35],"tags":[],"class_list":["post-44639","post","type-post","status-publish","format-standard","has-post-thumbnail","hentry","category-politica"],"jetpack_featured_media_url":"https:\/\/radiorevelacionfm.cl\/wp-content\/uploads\/2024\/07\/Marcelo-Santana0-1-1-1.jpeg","_links":{"self":[{"href":"https:\/\/radiorevelacionfm.cl\/index.php?rest_route=\/wp\/v2\/posts\/44639","targetHints":{"allow":["GET"]}}],"collection":[{"href":"https:\/\/radiorevelacionfm.cl\/index.php?rest_route=\/wp\/v2\/posts"}],"about":[{"href":"https:\/\/radiorevelacionfm.cl\/index.php?rest_route=\/wp\/v2\/types\/post"}],"author":[{"embeddable":true,"href":"https:\/\/radiorevelacionfm.cl\/index.php?rest_route=\/wp\/v2\/users\/1"}],"replies":[{"embeddable":true,"href":"https:\/\/radiorevelacionfm.cl\/index.php?rest_route=%2Fwp%2Fv2%2Fcomments&post=44639"}],"version-history":[{"count":1,"href":"https:\/\/radiorevelacionfm.cl\/index.php?rest_route=\/wp\/v2\/posts\/44639\/revisions"}],"predecessor-version":[{"id":44642,"href":"https:\/\/radiorevelacionfm.cl\/index.php?rest_route=\/wp\/v2\/posts\/44639\/revisions\/44642"}],"wp:featuredmedia":[{"embeddable":true,"href":"https:\/\/radiorevelacionfm.cl\/index.php?rest_route=\/wp\/v2\/media\/44641"}],"wp:attachment":[{"href":"https:\/\/radiorevelacionfm.cl\/index.php?rest_route=%2Fwp%2Fv2%2Fmedia&parent=44639"}],"wp:term":[{"taxonomy":"category","embeddable":true,"href":"https:\/\/radiorevelacionfm.cl\/index.php?rest_route=%2Fwp%2Fv2%2Fcategories&post=44639"},{"taxonomy":"post_tag","embeddable":true,"href":"https:\/\/radiorevelacionfm.cl\/index.php?rest_route=%2Fwp%2Fv2%2Ftags&post=44639"}],"curies":[{"name":"wp","href":"https:\/\/api.w.org\/{rel}","templated":true}]}}