{"id":44633,"date":"2024-07-31T18:31:11","date_gmt":"2024-07-31T21:31:11","guid":{"rendered":"https:\/\/radiorevelacionfm.cl\/?p=44633"},"modified":"2024-07-31T18:31:11","modified_gmt":"2024-07-31T21:31:11","slug":"sergio-gonzalez-realiza-su-inscripcion-en-servel-como-candidato-independiente-a-la-alcaldia-de-aysen","status":"publish","type":"post","link":"https:\/\/radiorevelacionfm.cl\/?p=44633","title":{"rendered":"Sergio Gonz\u00e1lez realiza su inscripci\u00f3n en Servel como candidato independiente a la Alcald\u00eda de Ays\u00e9n"},"content":{"rendered":"<div class=\"flex_column av_one_full  flex_column_div av-zero-column-padding first  avia-builder-el-0  el_before_av_one_full  avia-builder-el-first  \" style='border-radius:0px; '><div  class='avia-image-container  av-styling-    avia-builder-el-1  avia-builder-el-no-sibling  avia-align-center '  itemprop=\"image\" itemscope=\"itemscope\" itemtype=\"https:\/\/schema.org\/ImageObject\"  ><div class='avia-image-container-inner'><div class='avia-image-overlay-wrap'><img decoding=\"async\" class='wp-image-44634 avia-img-lazy-loading-not-44634 avia_image' src=\"https:\/\/radiorevelacionfm.cl\/wp-content\/uploads\/2024\/07\/image-2024-07-30T163415.076-1.jpg\" alt='' title='image - 2024-07-30T163415.076 (1)' height=\"630\" width=\"799\"  itemprop=\"thumbnailUrl\" srcset=\"https:\/\/radiorevelacionfm.cl\/wp-content\/uploads\/2024\/07\/image-2024-07-30T163415.076-1.jpg 799w, https:\/\/radiorevelacionfm.cl\/wp-content\/uploads\/2024\/07\/image-2024-07-30T163415.076-1-300x237.jpg 300w, https:\/\/radiorevelacionfm.cl\/wp-content\/uploads\/2024\/07\/image-2024-07-30T163415.076-1-768x606.jpg 768w, https:\/\/radiorevelacionfm.cl\/wp-content\/uploads\/2024\/07\/image-2024-07-30T163415.076-1-705x556.jpg 705w, https:\/\/radiorevelacionfm.cl\/wp-content\/uploads\/2024\/07\/image-2024-07-30T163415.076-1-450x355.jpg 450w, https:\/\/radiorevelacionfm.cl\/wp-content\/uploads\/2024\/07\/image-2024-07-30T163415.076-1-600x473.jpg 600w\" sizes=\"(max-width: 799px) 100vw, 799px\" \/><\/div><\/div><\/div><\/div><div class=\"flex_column av_one_full  flex_column_div av-zero-column-padding first  avia-builder-el-2  el_after_av_one_full  el_before_av_one_full  column-top-margin\" style='border-radius:0px; '><section class=\"av_textblock_section \"  itemscope=\"itemscope\" itemtype=\"https:\/\/schema.org\/BlogPosting\" itemprop=\"blogPost\" ><div class='avia_textblock  '   itemprop=\"text\" ><p style=\"text-align: center;\"><strong><span style=\"font-size: 18pt;\">Sergio Gonz\u00e1lez realiza su inscripci\u00f3n en Servel como candidato independiente a la Alcald\u00eda de Ays\u00e9n<\/span><\/strong><\/p>\n<div id=\"gtx-trans\" style=\"position: absolute; left: -50px; top: 4.31534px;\">\n<div class=\"gtx-trans-icon\"><\/div>\n<\/div>\n<\/div><\/section><\/div><div class=\"flex_column av_one_full  flex_column_div av-zero-column-padding first  avia-builder-el-4  el_after_av_one_full  el_before_av_hr  column-top-margin\" style='border-radius:0px; '><section class=\"av_textblock_section \"  itemscope=\"itemscope\" itemtype=\"https:\/\/schema.org\/BlogPosting\" itemprop=\"blogPost\" ><div class='avia_textblock  '   itemprop=\"text\" ><p style=\"text-align: justify;\">En Coyhaique, el viernes 26 de Julio en las dependencias de Servel en un emocionante momento junto a su equipo, ha realizado oficialmente Sergio Gonz\u00e1lez Borquez su inscripci\u00f3n como candidato independiente para la Alcald\u00eda de Ays\u00e9n. Con una visi\u00f3n clara, su experiencia de 20 a\u00f1os y un compromiso firme con su comunidad, Sergio Gonz\u00e1lez Borquez busca llevar a cabo un cambio significativo en el Municipio de Ays\u00e9n.<\/p>\n<p style=\"text-align: justify;\">\u201cEs un honor y una gran responsabilidad presentarme como candidato independiente para la alcald\u00eda de nuestra querida comuna de Ays\u00e9n,\u201d declar\u00f3 Sergio Gonz\u00e1lez durante una conferencia de prensa. \u201cCreo firmemente en el poder de nuestra comunidad para superar cualquier desaf\u00edo y construir un futuro mejor para todas y todos, con participaci\u00f3n ciudadana y una visi\u00f3n con experiencia comprobada.\u201d<\/p>\n<p style=\"text-align: justify;\">Sergio Gonz\u00e1lez B\u00f3rquez, conocido por su trabajo durante 20 a\u00f1os en la pol\u00edtica local tanto en el municipio de Ays\u00e9n como concejal por 2 periodos, consejero regional por 3 periodos donde tambi\u00e9n ocup\u00f3 el cargo como presidente del concejo regional, ha comprometido enfocarse en varios temas clave que afectan a los residentes de la comuna de Ays\u00e9n. Entre sus principales propuestas se encuentran la mejora de la Seguridad el rescate de infraestructura local como el cine, el fomento productivo enfocado en trabajo para Ays\u00e9n y el fortalecimiento del polideportivo y el a\u00e9rea de cultura entre otras iniciativas nunca antes desarrolladas por la casa de edilicia.<\/p>\n<p style=\"text-align: justify;\">\u201cNuestra campa\u00f1a se centrar\u00e1 en escuchar a la gente. Queremos asegurarnos de que cada voz sea escuchada y cada preocupaci\u00f3n sea atendida,\u201d afirm\u00f3 Gonz\u00e1lez. \u201cEstoy comprometido a trabajar incansablemente para asegurar que Ays\u00e9n se convierta en un destino obligado donde todos puedan prosperar, estar seguros y considerados.\u201d<\/p>\n<p style=\"text-align: justify;\">Como candidato independiente, Sergio Gonz\u00e1lez enfatiza su independencia de los partidos pol\u00edticos tradicionales y su dedicaci\u00f3n a representar los intereses de todas y todos los ciudadanos, sin compromisos partidistas. Su campa\u00f1a es validada entre los vecinos, quienes ven en \u00e9l una oportunidad de cambio y renovaci\u00f3n y proyecci\u00f3n real.<\/p>\n<p style=\"text-align: justify;\">La inscripci\u00f3n oficial de Sergio Gonz\u00e1lez B\u00f3rquez marca el inicio de una campa\u00f1a que promete ser din\u00e1mica y participativa. Se espera que en las pr\u00f3ximas semanas se realicen diversos eventos y lo esperados debates abiertos para que los residentes de Ays\u00e9n puedan conocer m\u00e1s sobre sus propuestas y expresar sus inquietudes.<\/p>\n<p style=\"text-align: justify;\">Con esta candidatura, Gonz\u00e1lez busca inspirar a la comunidad a unirse en torno a una visi\u00f3n compartida de progreso y bienestar. \u201cJuntos, podemos hacer de Ays\u00e9n un lugar mejor para vivir, trabajar y crecer por eso los invito a sumarse al cambio,\u201d concluy\u00f3.<\/p>\n<p style=\"text-align: justify;\">Para m\u00e1s informaci\u00f3n sobre la campa\u00f1a y las pr\u00f3ximas actividades, los interesados pueden visitar sus redes sociales que llevan su nombre.<\/p>\n<\/div><\/section><\/div><div  style='height:50px' class='hr hr-invisible   avia-builder-el-6  el_after_av_one_full  el_before_av_social_share '><span class='hr-inner ' ><span class='hr-inner-style'><\/span><\/span><\/div><\/p>\n<div  class='av-social-sharing-box  avia-builder-el-7  el_after_av_hr  el_before_av_hr  '><div class='av-share-box'><h5 class='av-share-link-description av-no-toc '>Compartir esta noticia<\/h5><ul class='av-share-box-list noLightbox'><li class='av-share-link av-social-link-facebook' ><a target=\"_blank\" aria-label=\"Compartir en Facebook\" href='https:\/\/www.facebook.com\/sharer.php?u=https:\/\/radiorevelacionfm.cl\/?p=44633&#038;t=Sergio%20Gonz%C3%A1lez%20realiza%20su%20inscripci%C3%B3n%20en%20Servel%20como%20candidato%20independiente%20a%20la%20Alcald%C3%ADa%20de%20Ays%C3%A9n' aria-hidden='false' data-av_icon='\ue8f3' data-av_iconfont='entypo-fontello' title='' data-avia-related-tooltip='Compartir en Facebook' rel=\"noopener\"><span class='avia_hidden_link_text'>Compartir en Facebook<\/span><\/a><\/li><li class='av-share-link av-social-link-twitter' ><a target=\"_blank\" aria-label=\"Compartir en Twitter\" href='https:\/\/twitter.com\/share?text=Sergio%20Gonz%C3%A1lez%20realiza%20su%20inscripci%C3%B3n%20en%20Servel%20como%20candidato%20independiente%20a%20la%20Alcald%C3%ADa%20de%20Ays%C3%A9n&#038;url=https:\/\/radiorevelacionfm.cl\/?p=44633' aria-hidden='false' data-av_icon='\ue8f1' data-av_iconfont='entypo-fontello' title='' data-avia-related-tooltip='Compartir en Twitter' rel=\"noopener\"><span class='avia_hidden_link_text'>Compartir en Twitter<\/span><\/a><\/li><li class='av-share-link av-social-link-whatsapp' ><a target=\"_blank\" aria-label=\"Compartir en Whatsapp\" href='https:\/\/api.whatsapp.com\/send?text=https:\/\/radiorevelacionfm.cl\/?p=44633' aria-hidden='false' data-av_icon='\uf232' data-av_iconfont='entypo-fontello' title='' data-avia-related-tooltip='Compartir en Whatsapp' rel=\"noopener\"><span class='avia_hidden_link_text'>Compartir en Whatsapp<\/span><\/a><\/li><li class='av-share-link av-social-link-linkedin' ><a target=\"_blank\" aria-label=\"Compartir en LinkedIn\" href='https:\/\/linkedin.com\/shareArticle?mini=true&#038;title=Sergio%20Gonz%C3%A1lez%20realiza%20su%20inscripci%C3%B3n%20en%20Servel%20como%20candidato%20independiente%20a%20la%20Alcald%C3%ADa%20de%20Ays%C3%A9n&#038;url=https:\/\/radiorevelacionfm.cl\/?p=44633' aria-hidden='false' data-av_icon='\ue8fc' data-av_iconfont='entypo-fontello' title='' data-avia-related-tooltip='Compartir en LinkedIn' rel=\"noopener\"><span class='avia_hidden_link_text'>Compartir en LinkedIn<\/span><\/a><\/li><li class='av-share-link av-social-link-mail' ><a  aria-label=\"Compartir por correo\" href='mailto:?subject=Sergio%20Gonz%C3%A1lez%20realiza%20su%20inscripci%C3%B3n%20en%20Servel%20como%20candidato%20independiente%20a%20la%20Alcald%C3%ADa%20de%20Ays%C3%A9n&#038;body=https:\/\/radiorevelacionfm.cl\/?p=44633' aria-hidden='false' data-av_icon='\ue805' data-av_iconfont='entypo-fontello' title='' data-avia-related-tooltip='Compartir por correo'><span class='avia_hidden_link_text'>Compartir por correo<\/span><\/a><\/li><\/ul><\/div><\/div>\n<div  style='height:50px' class='hr hr-invisible   avia-builder-el-8  el_after_av_social_share  el_before_av_comments_list '><span class='hr-inner ' ><span class='hr-inner-style'><\/span><\/span><\/div>\n<div  class='av-buildercomment  av-blog-meta-html-info-disabled av-blog-meta-tag-disabled  '><\/div>\n","protected":false},"excerpt":{"rendered":"","protected":false},"author":1,"featured_media":44634,"comment_status":"open","ping_status":"open","sticky":false,"template":"","format":"standard","meta":{"footnotes":""},"categories":[35],"tags":[],"class_list":["post-44633","post","type-post","status-publish","format-standard","has-post-thumbnail","hentry","category-politica"],"jetpack_featured_media_url":"https:\/\/radiorevelacionfm.cl\/wp-content\/uploads\/2024\/07\/image-2024-07-30T163415.076-1.jpg","_links":{"self":[{"href":"https:\/\/radiorevelacionfm.cl\/index.php?rest_route=\/wp\/v2\/posts\/44633","targetHints":{"allow":["GET"]}}],"collection":[{"href":"https:\/\/radiorevelacionfm.cl\/index.php?rest_route=\/wp\/v2\/posts"}],"about":[{"href":"https:\/\/radiorevelacionfm.cl\/index.php?rest_route=\/wp\/v2\/types\/post"}],"author":[{"embeddable":true,"href":"https:\/\/radiorevelacionfm.cl\/index.php?rest_route=\/wp\/v2\/users\/1"}],"replies":[{"embeddable":true,"href":"https:\/\/radiorevelacionfm.cl\/index.php?rest_route=%2Fwp%2Fv2%2Fcomments&post=44633"}],"version-history":[{"count":1,"href":"https:\/\/radiorevelacionfm.cl\/index.php?rest_route=\/wp\/v2\/posts\/44633\/revisions"}],"predecessor-version":[{"id":44635,"href":"https:\/\/radiorevelacionfm.cl\/index.php?rest_route=\/wp\/v2\/posts\/44633\/revisions\/44635"}],"wp:featuredmedia":[{"embeddable":true,"href":"https:\/\/radiorevelacionfm.cl\/index.php?rest_route=\/wp\/v2\/media\/44634"}],"wp:attachment":[{"href":"https:\/\/radiorevelacionfm.cl\/index.php?rest_route=%2Fwp%2Fv2%2Fmedia&parent=44633"}],"wp:term":[{"taxonomy":"category","embeddable":true,"href":"https:\/\/radiorevelacionfm.cl\/index.php?rest_route=%2Fwp%2Fv2%2Fcategories&post=44633"},{"taxonomy":"post_tag","embeddable":true,"href":"https:\/\/radiorevelacionfm.cl\/index.php?rest_route=%2Fwp%2Fv2%2Ftags&post=44633"}],"curies":[{"name":"wp","href":"https:\/\/api.w.org\/{rel}","templated":true}]}}