{"id":44629,"date":"2024-07-30T17:25:48","date_gmt":"2024-07-30T20:25:48","guid":{"rendered":"https:\/\/radiorevelacionfm.cl\/?p=44629"},"modified":"2024-08-19T23:36:13","modified_gmt":"2024-08-20T02:36:13","slug":"frente-amplio-aysen-se-refiere-a-proceso-de-inscripcion-de-candidaturas-y-legalizacion-en-la-region","status":"publish","type":"post","link":"https:\/\/radiorevelacionfm.cl\/?p=44629","title":{"rendered":"Frente Amplio Ays\u00e9n se refiere a proceso de inscripci\u00f3n de candidaturas y legalizaci\u00f3n en la regi\u00f3n"},"content":{"rendered":"<div class=\"flex_column av_one_full  flex_column_div av-zero-column-padding first  avia-builder-el-0  el_before_av_one_full  avia-builder-el-first  \" style='border-radius:0px; '><div  class='avia-image-container  av-styling-    avia-builder-el-1  avia-builder-el-no-sibling  avia-align-center '  itemprop=\"image\" itemscope=\"itemscope\" itemtype=\"https:\/\/schema.org\/ImageObject\"  ><div class='avia-image-container-inner'><div class='avia-image-overlay-wrap'><img decoding=\"async\" class='wp-image-44631 avia-img-lazy-loading-not-44631 avia_image' src=\"https:\/\/radiorevelacionfm.cl\/wp-content\/uploads\/2024\/07\/fa-aysen-2024-1_optimized.jpeg\" alt='' title='fa-ays\u00e9n-2024-(1)_optimized' height=\"600\" width=\"900\"  itemprop=\"thumbnailUrl\" srcset=\"https:\/\/radiorevelacionfm.cl\/wp-content\/uploads\/2024\/07\/fa-aysen-2024-1_optimized.jpeg 900w, https:\/\/radiorevelacionfm.cl\/wp-content\/uploads\/2024\/07\/fa-aysen-2024-1_optimized-300x200.jpeg 300w, https:\/\/radiorevelacionfm.cl\/wp-content\/uploads\/2024\/07\/fa-aysen-2024-1_optimized-768x512.jpeg 768w, https:\/\/radiorevelacionfm.cl\/wp-content\/uploads\/2024\/07\/fa-aysen-2024-1_optimized-705x470.jpeg 705w, https:\/\/radiorevelacionfm.cl\/wp-content\/uploads\/2024\/07\/fa-aysen-2024-1_optimized-450x300.jpeg 450w, https:\/\/radiorevelacionfm.cl\/wp-content\/uploads\/2024\/07\/fa-aysen-2024-1_optimized-600x400.jpeg 600w\" sizes=\"(max-width: 900px) 100vw, 900px\" \/><\/div><\/div><\/div><\/div><div class=\"flex_column av_one_full  flex_column_div av-zero-column-padding first  avia-builder-el-2  el_after_av_one_full  el_before_av_one_full  column-top-margin\" style='border-radius:0px; '><section class=\"av_textblock_section \"  itemscope=\"itemscope\" itemtype=\"https:\/\/schema.org\/BlogPosting\" itemprop=\"blogPost\" ><div class='avia_textblock  '   itemprop=\"text\" ><p style=\"text-align: center;\"><strong><span style=\"font-size: 18pt;\">Frente Amplio Ays\u00e9n se refiere a proceso de inscripci\u00f3n de candidaturas y legalizaci\u00f3n en la regi\u00f3n<\/span><\/strong><\/p>\n<div id=\"gtx-trans\" style=\"position: absolute; left: -50px; top: 4.31534px;\">\n<div class=\"gtx-trans-icon\"><\/div>\n<\/div>\n<\/div><\/section><\/div><div class=\"flex_column av_one_full  flex_column_div av-zero-column-padding first  avia-builder-el-4  el_after_av_one_full  el_before_av_hr  column-top-margin\" style='border-radius:0px; '><section class=\"av_textblock_section \"  itemscope=\"itemscope\" itemtype=\"https:\/\/schema.org\/BlogPosting\" itemprop=\"blogPost\" ><div class='avia_textblock  '   itemprop=\"text\" ><p style=\"text-align: justify;\">A trav\u00e9s de una declaraci\u00f3n p\u00fablica, la directiva regional del Frente Amplio se\u00f1al\u00f3.<\/p>\n<p style=\"text-align: justify;\">En relaci\u00f3n al proceso de inscripci\u00f3n de candidaturas y legalizaci\u00f3n, como Frente Amplio Ays\u00e9n declaramos lo siguiente:<\/p>\n<p style=\"text-align: justify;\">A pesar de los intentos administrativos por parte de la Direcci\u00f3n Regional y la Direcci\u00f3n Nacional del Frente Amplio de tramitar la legalizaci\u00f3n del partido en la regi\u00f3n previo a la finalizaci\u00f3n del plazo de inscripci\u00f3n de candidaturas, de manera extraoficial se nos comunica que esto no tendr\u00eda resoluci\u00f3n, incluso antes del plazo establecido. Aunque este escenario no es el ideal para nuestro partido, era una de las posibilidades que hab\u00edamos trabajado como Direcci\u00f3n Regional, por lo que hemos realizado las gestiones necesarias para que la mayor\u00eda de nuestras candidaturas pudieran ser acogidas por otro partido del pacto.<\/p>\n<p style=\"text-align: justify;\">Agradecemos tambi\u00e9n el compromiso del Partido Comunista con la unidad que nos ha caracterizado, permitiendo que en estas elecciones algunas de nuestras candidaturas puedan ser acogidas como independientes por dicho partido.<\/p>\n<p style=\"text-align: justify;\">Nuestras candidaturas est\u00e1n comprometidas con el proyecto pol\u00edtico del Frente Amplio, involucr\u00e1ndose con el fortalecimiento de la democracia y el respeto, garant\u00eda y promoci\u00f3n de los derechos humanos, bas\u00e1ndonos en los principios feminista, ecologista, de libertad, pluralista, transparente y por sobre todo, seguiremos apostando por un Chile descentralizado. Es por esta raz\u00f3n, que convencidas y convencidos de que vamos por el camino correcto, disputaremos esta elecci\u00f3n en diversos frentes.<\/p>\n<p style=\"text-align: justify;\">Somos un partido pol\u00edtico con presencia en todas las provincias de la regi\u00f3n de Ays\u00e9n, y seguiremos creciendo hasta legalizarse ante Servel.<\/p>\n<p style=\"text-align: justify;\">Con la esperanza intacta, \u00a1Seguimos adelante con determinaci\u00f3n y entusiasmo!<\/p>\n<\/div><\/section><\/div><div  style='height:50px' class='hr hr-invisible   avia-builder-el-6  el_after_av_one_full  el_before_av_social_share '><span class='hr-inner ' ><span class='hr-inner-style'><\/span><\/span><\/div><\/p>\n<div  class='av-social-sharing-box  avia-builder-el-7  el_after_av_hr  el_before_av_hr  '><div class='av-share-box'><h5 class='av-share-link-description av-no-toc '>Compartir esta noticia<\/h5><ul class='av-share-box-list noLightbox'><li class='av-share-link av-social-link-facebook' ><a target=\"_blank\" aria-label=\"Compartir en Facebook\" href='https:\/\/www.facebook.com\/sharer.php?u=https:\/\/radiorevelacionfm.cl\/?p=44629&#038;t=Frente%20Amplio%20Ays%C3%A9n%20se%20refiere%20a%20proceso%20de%20inscripci%C3%B3n%20de%20candidaturas%20y%20legalizaci%C3%B3n%20en%20la%20regi%C3%B3n' aria-hidden='false' data-av_icon='\ue8f3' data-av_iconfont='entypo-fontello' title='' data-avia-related-tooltip='Compartir en Facebook' rel=\"noopener\"><span class='avia_hidden_link_text'>Compartir en Facebook<\/span><\/a><\/li><li class='av-share-link av-social-link-twitter' ><a target=\"_blank\" aria-label=\"Compartir en Twitter\" href='https:\/\/twitter.com\/share?text=Frente%20Amplio%20Ays%C3%A9n%20se%20refiere%20a%20proceso%20de%20inscripci%C3%B3n%20de%20candidaturas%20y%20legalizaci%C3%B3n%20en%20la%20regi%C3%B3n&#038;url=https:\/\/radiorevelacionfm.cl\/?p=44629' aria-hidden='false' data-av_icon='\ue8f1' data-av_iconfont='entypo-fontello' title='' data-avia-related-tooltip='Compartir en Twitter' rel=\"noopener\"><span class='avia_hidden_link_text'>Compartir en Twitter<\/span><\/a><\/li><li class='av-share-link av-social-link-whatsapp' ><a target=\"_blank\" aria-label=\"Compartir en Whatsapp\" href='https:\/\/api.whatsapp.com\/send?text=https:\/\/radiorevelacionfm.cl\/?p=44629' aria-hidden='false' data-av_icon='\uf232' data-av_iconfont='entypo-fontello' title='' data-avia-related-tooltip='Compartir en Whatsapp' rel=\"noopener\"><span class='avia_hidden_link_text'>Compartir en Whatsapp<\/span><\/a><\/li><li class='av-share-link av-social-link-linkedin' ><a target=\"_blank\" aria-label=\"Compartir en LinkedIn\" href='https:\/\/linkedin.com\/shareArticle?mini=true&#038;title=Frente%20Amplio%20Ays%C3%A9n%20se%20refiere%20a%20proceso%20de%20inscripci%C3%B3n%20de%20candidaturas%20y%20legalizaci%C3%B3n%20en%20la%20regi%C3%B3n&#038;url=https:\/\/radiorevelacionfm.cl\/?p=44629' aria-hidden='false' data-av_icon='\ue8fc' data-av_iconfont='entypo-fontello' title='' data-avia-related-tooltip='Compartir en LinkedIn' rel=\"noopener\"><span class='avia_hidden_link_text'>Compartir en LinkedIn<\/span><\/a><\/li><li class='av-share-link av-social-link-mail' ><a  aria-label=\"Compartir por correo\" href='mailto:?subject=Frente%20Amplio%20Ays%C3%A9n%20se%20refiere%20a%20proceso%20de%20inscripci%C3%B3n%20de%20candidaturas%20y%20legalizaci%C3%B3n%20en%20la%20regi%C3%B3n&#038;body=https:\/\/radiorevelacionfm.cl\/?p=44629' aria-hidden='false' data-av_icon='\ue805' data-av_iconfont='entypo-fontello' title='' data-avia-related-tooltip='Compartir por correo'><span class='avia_hidden_link_text'>Compartir por correo<\/span><\/a><\/li><\/ul><\/div><\/div>\n<div  style='height:50px' class='hr hr-invisible   avia-builder-el-8  el_after_av_social_share  el_before_av_comments_list '><span class='hr-inner ' ><span class='hr-inner-style'><\/span><\/span><\/div>\n<div  class='av-buildercomment  av-blog-meta-html-info-disabled av-blog-meta-tag-disabled  '><\/div>\n","protected":false},"excerpt":{"rendered":"","protected":false},"author":1,"featured_media":44631,"comment_status":"open","ping_status":"open","sticky":false,"template":"","format":"standard","meta":{"footnotes":""},"categories":[35],"tags":[],"class_list":["post-44629","post","type-post","status-publish","format-standard","has-post-thumbnail","hentry","category-politica"],"jetpack_featured_media_url":"https:\/\/radiorevelacionfm.cl\/wp-content\/uploads\/2024\/07\/fa-aysen-2024-1_optimized.jpeg","_links":{"self":[{"href":"https:\/\/radiorevelacionfm.cl\/index.php?rest_route=\/wp\/v2\/posts\/44629","targetHints":{"allow":["GET"]}}],"collection":[{"href":"https:\/\/radiorevelacionfm.cl\/index.php?rest_route=\/wp\/v2\/posts"}],"about":[{"href":"https:\/\/radiorevelacionfm.cl\/index.php?rest_route=\/wp\/v2\/types\/post"}],"author":[{"embeddable":true,"href":"https:\/\/radiorevelacionfm.cl\/index.php?rest_route=\/wp\/v2\/users\/1"}],"replies":[{"embeddable":true,"href":"https:\/\/radiorevelacionfm.cl\/index.php?rest_route=%2Fwp%2Fv2%2Fcomments&post=44629"}],"version-history":[{"count":1,"href":"https:\/\/radiorevelacionfm.cl\/index.php?rest_route=\/wp\/v2\/posts\/44629\/revisions"}],"predecessor-version":[{"id":44632,"href":"https:\/\/radiorevelacionfm.cl\/index.php?rest_route=\/wp\/v2\/posts\/44629\/revisions\/44632"}],"wp:featuredmedia":[{"embeddable":true,"href":"https:\/\/radiorevelacionfm.cl\/index.php?rest_route=\/wp\/v2\/media\/44631"}],"wp:attachment":[{"href":"https:\/\/radiorevelacionfm.cl\/index.php?rest_route=%2Fwp%2Fv2%2Fmedia&parent=44629"}],"wp:term":[{"taxonomy":"category","embeddable":true,"href":"https:\/\/radiorevelacionfm.cl\/index.php?rest_route=%2Fwp%2Fv2%2Fcategories&post=44629"},{"taxonomy":"post_tag","embeddable":true,"href":"https:\/\/radiorevelacionfm.cl\/index.php?rest_route=%2Fwp%2Fv2%2Ftags&post=44629"}],"curies":[{"name":"wp","href":"https:\/\/api.w.org\/{rel}","templated":true}]}}