{"id":44626,"date":"2024-07-30T17:23:05","date_gmt":"2024-07-30T20:23:05","guid":{"rendered":"https:\/\/radiorevelacionfm.cl\/?p=44626"},"modified":"2024-07-30T17:23:05","modified_gmt":"2024-07-30T20:23:05","slug":"jorge-abello-actual-consejero-de-la-provincia-capitan-prat-se-postula-como-candidato-a-gobernador-regional","status":"publish","type":"post","link":"https:\/\/radiorevelacionfm.cl\/?p=44626","title":{"rendered":"Jorge Abello, actual Consejero de la Provincia Capit\u00e1n Prat, se postula como candidato a Gobernador Regional"},"content":{"rendered":"<div class=\"flex_column av_one_full  flex_column_div av-zero-column-padding first  avia-builder-el-0  el_before_av_one_full  avia-builder-el-first  \" style='border-radius:0px; '><div  class='avia-image-container  av-styling-    avia-builder-el-1  avia-builder-el-no-sibling  avia-align-center '  itemprop=\"image\" itemscope=\"itemscope\" itemtype=\"https:\/\/schema.org\/ImageObject\"  ><div class='avia-image-container-inner'><div class='avia-image-overlay-wrap'><img decoding=\"async\" class='wp-image-44627 avia-img-lazy-loading-not-44627 avia_image' src=\"https:\/\/radiorevelacionfm.cl\/wp-content\/uploads\/2024\/07\/foto-candidato-abello-1-1.jpg\" alt='' title='foto candidato abello (1) (1)' height=\"600\" width=\"1041\"  itemprop=\"thumbnailUrl\" srcset=\"https:\/\/radiorevelacionfm.cl\/wp-content\/uploads\/2024\/07\/foto-candidato-abello-1-1.jpg 1041w, https:\/\/radiorevelacionfm.cl\/wp-content\/uploads\/2024\/07\/foto-candidato-abello-1-1-300x173.jpg 300w, https:\/\/radiorevelacionfm.cl\/wp-content\/uploads\/2024\/07\/foto-candidato-abello-1-1-1030x594.jpg 1030w, https:\/\/radiorevelacionfm.cl\/wp-content\/uploads\/2024\/07\/foto-candidato-abello-1-1-768x443.jpg 768w, https:\/\/radiorevelacionfm.cl\/wp-content\/uploads\/2024\/07\/foto-candidato-abello-1-1-705x406.jpg 705w, https:\/\/radiorevelacionfm.cl\/wp-content\/uploads\/2024\/07\/foto-candidato-abello-1-1-450x259.jpg 450w, https:\/\/radiorevelacionfm.cl\/wp-content\/uploads\/2024\/07\/foto-candidato-abello-1-1-600x346.jpg 600w\" sizes=\"(max-width: 1041px) 100vw, 1041px\" \/><\/div><\/div><\/div><\/div><div class=\"flex_column av_one_full  flex_column_div av-zero-column-padding first  avia-builder-el-2  el_after_av_one_full  el_before_av_one_full  column-top-margin\" style='border-radius:0px; '><section class=\"av_textblock_section \"  itemscope=\"itemscope\" itemtype=\"https:\/\/schema.org\/BlogPosting\" itemprop=\"blogPost\" ><div class='avia_textblock  '   itemprop=\"text\" ><p style=\"text-align: center;\"><strong><span style=\"font-size: 18pt;\">Jorge Abello, actual Consejero de la Provincia Capit\u00e1n Prat, se postula como candidato a Gobernador Regional<\/span><\/strong><\/p>\n<div id=\"gtx-trans\" style=\"position: absolute; left: -50px; top: 4.31534px;\">\n<div class=\"gtx-trans-icon\"><\/div>\n<\/div>\n<\/div><\/section><\/div><div class=\"flex_column av_one_full  flex_column_div av-zero-column-padding first  avia-builder-el-4  el_after_av_one_full  el_before_av_hr  column-top-margin\" style='border-radius:0px; '><section class=\"av_textblock_section \"  itemscope=\"itemscope\" itemtype=\"https:\/\/schema.org\/BlogPosting\" itemprop=\"blogPost\" ><div class='avia_textblock  '   itemprop=\"text\" ><p style=\"text-align: justify;\"><em>En su propuesta, Abello busca obtener el apoyo del mundo independiente y de aquellos que desean un proyecto de desarrollo regional inclusivo y sostenible, con un fuerte enfoque social sin descuidar la inversi\u00f3n y la generaci\u00f3n de empleo.<\/em><\/p>\n<p style=\"text-align: justify;\">Abello, quien ha sido electo y est\u00e1 en ejercicio por tercera vez como Consejero Regional, present\u00f3 su candidatura en el Servel tras conseguir los patrocinios de personas independientes en las 10 comunas de la regi\u00f3n de Ays\u00e9n. Ha destacado la importancia de liderar de manera efectiva la regi\u00f3n, colaborando estrechamente con el Consejo Regional y priorizando siempre el inter\u00e9s general de la regi\u00f3n. Abello subray\u00f3 la necesidad de convocar a todos los actores del desarrollo, tanto p\u00fablicos como privados, y enfatiz\u00f3 la relevancia de mantener un di\u00e1logo constante con los parlamentarios regionales para posicionar las aspiraciones leg\u00edtimas de la regi\u00f3n ante el nivel central y priorizar la planificaci\u00f3n regional.<\/p>\n<p style=\"text-align: justify;\">Finalmente, Jorge Abello expres\u00f3 que es un honor ser representante de la regi\u00f3n como candidato a Gobernador Regional. Asume esta responsabilidad con respeto hacia las personas de las diversas comunidades que lo alentaron a ser candidato y hacia todas aquellas que se identifican en la b\u00fasqueda de un camino conjunto hacia una regi\u00f3n de oportunidades y buen vivir.<\/p>\n<\/div><\/section><\/div><div  style='height:50px' class='hr hr-invisible   avia-builder-el-6  el_after_av_one_full  el_before_av_social_share '><span class='hr-inner ' ><span class='hr-inner-style'><\/span><\/span><\/div><\/p>\n<div  class='av-social-sharing-box  avia-builder-el-7  el_after_av_hr  el_before_av_hr  '><div class='av-share-box'><h5 class='av-share-link-description av-no-toc '>Compartir esta noticia<\/h5><ul class='av-share-box-list noLightbox'><li class='av-share-link av-social-link-facebook' ><a target=\"_blank\" aria-label=\"Compartir en Facebook\" href='https:\/\/www.facebook.com\/sharer.php?u=https:\/\/radiorevelacionfm.cl\/?p=44626&#038;t=Jorge%20Abello%2C%20actual%20Consejero%20de%20la%20Provincia%20Capit%C3%A1n%20Prat%2C%20se%20postula%20como%20candidato%20a%20Gobernador%20Regional' aria-hidden='false' data-av_icon='\ue8f3' data-av_iconfont='entypo-fontello' title='' data-avia-related-tooltip='Compartir en Facebook' rel=\"noopener\"><span class='avia_hidden_link_text'>Compartir en Facebook<\/span><\/a><\/li><li class='av-share-link av-social-link-twitter' ><a target=\"_blank\" aria-label=\"Compartir en Twitter\" href='https:\/\/twitter.com\/share?text=Jorge%20Abello%2C%20actual%20Consejero%20de%20la%20Provincia%20Capit%C3%A1n%20Prat%2C%20se%20postula%20como%20candidato%20a%20Gobernador%20Regional&#038;url=https:\/\/radiorevelacionfm.cl\/?p=44626' aria-hidden='false' data-av_icon='\ue8f1' data-av_iconfont='entypo-fontello' title='' data-avia-related-tooltip='Compartir en Twitter' rel=\"noopener\"><span class='avia_hidden_link_text'>Compartir en Twitter<\/span><\/a><\/li><li class='av-share-link av-social-link-whatsapp' ><a target=\"_blank\" aria-label=\"Compartir en Whatsapp\" href='https:\/\/api.whatsapp.com\/send?text=https:\/\/radiorevelacionfm.cl\/?p=44626' aria-hidden='false' data-av_icon='\uf232' data-av_iconfont='entypo-fontello' title='' data-avia-related-tooltip='Compartir en Whatsapp' rel=\"noopener\"><span class='avia_hidden_link_text'>Compartir en Whatsapp<\/span><\/a><\/li><li class='av-share-link av-social-link-linkedin' ><a target=\"_blank\" aria-label=\"Compartir en LinkedIn\" href='https:\/\/linkedin.com\/shareArticle?mini=true&#038;title=Jorge%20Abello%2C%20actual%20Consejero%20de%20la%20Provincia%20Capit%C3%A1n%20Prat%2C%20se%20postula%20como%20candidato%20a%20Gobernador%20Regional&#038;url=https:\/\/radiorevelacionfm.cl\/?p=44626' aria-hidden='false' data-av_icon='\ue8fc' data-av_iconfont='entypo-fontello' title='' data-avia-related-tooltip='Compartir en LinkedIn' rel=\"noopener\"><span class='avia_hidden_link_text'>Compartir en LinkedIn<\/span><\/a><\/li><li class='av-share-link av-social-link-mail' ><a  aria-label=\"Compartir por correo\" href='mailto:?subject=Jorge%20Abello%2C%20actual%20Consejero%20de%20la%20Provincia%20Capit%C3%A1n%20Prat%2C%20se%20postula%20como%20candidato%20a%20Gobernador%20Regional&#038;body=https:\/\/radiorevelacionfm.cl\/?p=44626' aria-hidden='false' data-av_icon='\ue805' data-av_iconfont='entypo-fontello' title='' data-avia-related-tooltip='Compartir por correo'><span class='avia_hidden_link_text'>Compartir por correo<\/span><\/a><\/li><\/ul><\/div><\/div>\n<div  style='height:50px' class='hr hr-invisible   avia-builder-el-8  el_after_av_social_share  el_before_av_comments_list '><span class='hr-inner ' ><span class='hr-inner-style'><\/span><\/span><\/div>\n<div  class='av-buildercomment  av-blog-meta-html-info-disabled av-blog-meta-tag-disabled  '><\/div>\n","protected":false},"excerpt":{"rendered":"","protected":false},"author":1,"featured_media":44627,"comment_status":"open","ping_status":"open","sticky":false,"template":"","format":"standard","meta":{"footnotes":""},"categories":[35],"tags":[],"class_list":["post-44626","post","type-post","status-publish","format-standard","has-post-thumbnail","hentry","category-politica"],"jetpack_featured_media_url":"https:\/\/radiorevelacionfm.cl\/wp-content\/uploads\/2024\/07\/foto-candidato-abello-1-1.jpg","_links":{"self":[{"href":"https:\/\/radiorevelacionfm.cl\/index.php?rest_route=\/wp\/v2\/posts\/44626","targetHints":{"allow":["GET"]}}],"collection":[{"href":"https:\/\/radiorevelacionfm.cl\/index.php?rest_route=\/wp\/v2\/posts"}],"about":[{"href":"https:\/\/radiorevelacionfm.cl\/index.php?rest_route=\/wp\/v2\/types\/post"}],"author":[{"embeddable":true,"href":"https:\/\/radiorevelacionfm.cl\/index.php?rest_route=\/wp\/v2\/users\/1"}],"replies":[{"embeddable":true,"href":"https:\/\/radiorevelacionfm.cl\/index.php?rest_route=%2Fwp%2Fv2%2Fcomments&post=44626"}],"version-history":[{"count":1,"href":"https:\/\/radiorevelacionfm.cl\/index.php?rest_route=\/wp\/v2\/posts\/44626\/revisions"}],"predecessor-version":[{"id":44628,"href":"https:\/\/radiorevelacionfm.cl\/index.php?rest_route=\/wp\/v2\/posts\/44626\/revisions\/44628"}],"wp:featuredmedia":[{"embeddable":true,"href":"https:\/\/radiorevelacionfm.cl\/index.php?rest_route=\/wp\/v2\/media\/44627"}],"wp:attachment":[{"href":"https:\/\/radiorevelacionfm.cl\/index.php?rest_route=%2Fwp%2Fv2%2Fmedia&parent=44626"}],"wp:term":[{"taxonomy":"category","embeddable":true,"href":"https:\/\/radiorevelacionfm.cl\/index.php?rest_route=%2Fwp%2Fv2%2Fcategories&post=44626"},{"taxonomy":"post_tag","embeddable":true,"href":"https:\/\/radiorevelacionfm.cl\/index.php?rest_route=%2Fwp%2Fv2%2Ftags&post=44626"}],"curies":[{"name":"wp","href":"https:\/\/api.w.org\/{rel}","templated":true}]}}