{"id":44622,"date":"2024-07-31T10:36:32","date_gmt":"2024-07-31T13:36:32","guid":{"rendered":"https:\/\/radiorevelacionfm.cl\/?p=44622"},"modified":"2024-07-31T10:36:32","modified_gmt":"2024-07-31T13:36:32","slug":"invitan-a-participar-de-taller-regional-de-actualizacion-del-plan-de-nacional-de-adaptacion-al-cambio-climatico","status":"publish","type":"post","link":"https:\/\/radiorevelacionfm.cl\/?p=44622","title":{"rendered":"Invitan a participar de Taller Regional de actualizaci\u00f3n del Plan de Nacional de Adaptaci\u00f3n al Cambio Clim\u00e1tico"},"content":{"rendered":"<div class=\"flex_column av_one_full  flex_column_div av-zero-column-padding first  avia-builder-el-0  el_before_av_one_full  avia-builder-el-first  \" style='border-radius:0px; '><div  class='avia-image-container  av-styling-    avia-builder-el-1  avia-builder-el-no-sibling  avia-align-center '  itemprop=\"image\" itemscope=\"itemscope\" itemtype=\"https:\/\/schema.org\/ImageObject\"  ><div class='avia-image-container-inner'><div class='avia-image-overlay-wrap'><img decoding=\"async\" class='wp-image-44624 avia-img-lazy-loading-not-44624 avia_image' src=\"https:\/\/radiorevelacionfm.cl\/wp-content\/uploads\/2024\/07\/pnacc_post_01-1-1_optimized-1_optimized-1.jpg\" alt='' title='pnacc_post_01-(1)-(1)_optimized-(1)_optimized (1)' height=\"800\" width=\"800\"  itemprop=\"thumbnailUrl\" srcset=\"https:\/\/radiorevelacionfm.cl\/wp-content\/uploads\/2024\/07\/pnacc_post_01-1-1_optimized-1_optimized-1.jpg 800w, https:\/\/radiorevelacionfm.cl\/wp-content\/uploads\/2024\/07\/pnacc_post_01-1-1_optimized-1_optimized-1-300x300.jpg 300w, https:\/\/radiorevelacionfm.cl\/wp-content\/uploads\/2024\/07\/pnacc_post_01-1-1_optimized-1_optimized-1-80x80.jpg 80w, https:\/\/radiorevelacionfm.cl\/wp-content\/uploads\/2024\/07\/pnacc_post_01-1-1_optimized-1_optimized-1-768x768.jpg 768w, https:\/\/radiorevelacionfm.cl\/wp-content\/uploads\/2024\/07\/pnacc_post_01-1-1_optimized-1_optimized-1-36x36.jpg 36w, https:\/\/radiorevelacionfm.cl\/wp-content\/uploads\/2024\/07\/pnacc_post_01-1-1_optimized-1_optimized-1-180x180.jpg 180w, https:\/\/radiorevelacionfm.cl\/wp-content\/uploads\/2024\/07\/pnacc_post_01-1-1_optimized-1_optimized-1-705x705.jpg 705w, https:\/\/radiorevelacionfm.cl\/wp-content\/uploads\/2024\/07\/pnacc_post_01-1-1_optimized-1_optimized-1-120x120.jpg 120w, https:\/\/radiorevelacionfm.cl\/wp-content\/uploads\/2024\/07\/pnacc_post_01-1-1_optimized-1_optimized-1-450x450.jpg 450w, https:\/\/radiorevelacionfm.cl\/wp-content\/uploads\/2024\/07\/pnacc_post_01-1-1_optimized-1_optimized-1-600x600.jpg 600w, https:\/\/radiorevelacionfm.cl\/wp-content\/uploads\/2024\/07\/pnacc_post_01-1-1_optimized-1_optimized-1-100x100.jpg 100w\" sizes=\"(max-width: 800px) 100vw, 800px\" \/><\/div><\/div><\/div><\/div><div class=\"flex_column av_one_full  flex_column_div av-zero-column-padding first  avia-builder-el-2  el_after_av_one_full  el_before_av_one_full  column-top-margin\" style='border-radius:0px; '><section class=\"av_textblock_section \"  itemscope=\"itemscope\" itemtype=\"https:\/\/schema.org\/BlogPosting\" itemprop=\"blogPost\" ><div class='avia_textblock  '   itemprop=\"text\" ><p style=\"text-align: center;\"><strong><span style=\"font-size: 18pt;\">Invitan a participar de Taller Regional de actualizaci\u00f3n del Plan de Nacional de Adaptaci\u00f3n al Cambio Clim\u00e1tico<\/span><\/strong><\/p>\n<div id=\"gtx-trans\" style=\"position: absolute; left: -50px; top: 4.31534px;\">\n<div class=\"gtx-trans-icon\"><\/div>\n<\/div>\n<\/div><\/section><\/div><div class=\"flex_column av_one_full  flex_column_div av-zero-column-padding first  avia-builder-el-4  el_after_av_one_full  el_before_av_hr  column-top-margin\" style='border-radius:0px; '><section class=\"av_textblock_section \"  itemscope=\"itemscope\" itemtype=\"https:\/\/schema.org\/BlogPosting\" itemprop=\"blogPost\" ><div class='avia_textblock  '   itemprop=\"text\" ><p style=\"text-align: justify;\">Ya est\u00e1 abierta la consulta p\u00fablica para el Plan Nacional de Adaptaci\u00f3n al Cambio Clim\u00e1tico y para sumar a la comunidad aysenina, la Seremi del Medio Ambiente ha organizado un taller regional que dar\u00e1 a conocer los detalles de la propuesta y as\u00ed tambi\u00e9n levantar comentarios que recojan la mirada regional en dicho proceso de Participaci\u00f3n ciudadana.<\/p>\n<p style=\"text-align: justify;\">\u201cPara aquello vamos a trabajar el d\u00eda jueves en la Biblioteca Regional de Ays\u00e9n, a partir de las 17:00 de la tarde, donde podremos poner a disposici\u00f3n todo el conocimiento y la mirada de la regi\u00f3n de Ays\u00e9n. As\u00ed que desde ya la invitaci\u00f3n est\u00e1 abierta. Esta consulta est\u00e1 abierta, pero vamos a tener un espacio presencial, as\u00ed que te invitamos, participa, suma todas las voces porque as\u00ed la Regi\u00f3n de Ays\u00e9n est\u00e1 presente en el Plan Nacional de Adaptaci\u00f3n al Cambio Clim\u00e1tico\u201d, invit\u00f3 el Seremi del Medio Ambiente, Yoal D\u00edaz.<\/p>\n<p style=\"text-align: justify;\">La actividad tendr\u00e1 lugar este jueves 01 de agosto, a las 17:00 horas en la biblioteca regional, ubicada en calle Cochrane 233, Coyhaique para lo que los y las interesadas podr\u00e1n inscribirse en formulario online disponible en https:\/\/bit.ly\/tallerccaysen<\/p>\n<p style=\"text-align: justify;\">La Ley Marco de Cambio Clim\u00e1tico (LMCC) publicada el 13 de junio de 2022, crea un marco jur\u00eddico para que el pa\u00eds pueda enfrentar el cambio clim\u00e1tico en materia de mitigaci\u00f3n y adaptaci\u00f3n con una mirada de largo plazo. La ley formaliza la institucionalidad existente y consagra responsabilidades y obligaciones a 13 ministerios, presidencia del Comit\u00e9 Regional de Cambio Clim\u00e1tico (CORECC) en Gobiernos Regionales y objetivos de elaboraci\u00f3n de planes regionales y comunales.<\/p>\n<p style=\"text-align: justify;\">El Plan de Nacional de Adaptaci\u00f3n al Cambio Clim\u00e1tico es uno de los grandes instrumentos de gesti\u00f3n clim\u00e1tico a nivel nacional que re\u00fane el marco conceptual y los lineamientos para la adaptaci\u00f3n en Chile, articulando los planes sectoriales de adaptaci\u00f3n que fueron comprometidos en el plan nacional de adaptaci\u00f3n al cambio clim\u00e1tico, para los sectores definidos como prioritarios: Silvoagropecuario, Biodiversidad, Pesca y Acuicultura, Salud, Servicios de Infraestructura, Ciudades, Energ\u00eda, Turismo y Recursos H\u00eddricos.<\/p>\n<p style=\"text-align: justify;\">Ays\u00e9n se suma a una serie de talleres regionales que actualmente se est\u00e1n desarrollando para apoyar el proceso de consulta ciudadana disponible en <a href=\"https:\/\/consultasciudadanas.mma.gob.cl\/portal\/consulta\/166\">https:\/\/consultasciudadanas.mma.gob.cl\/portal\/consulta\/166<\/a><\/p>\n<\/div><\/section><\/div><div  style='height:50px' class='hr hr-invisible   avia-builder-el-6  el_after_av_one_full  el_before_av_social_share '><span class='hr-inner ' ><span class='hr-inner-style'><\/span><\/span><\/div><\/p>\n<div  class='av-social-sharing-box  avia-builder-el-7  el_after_av_hr  el_before_av_hr  '><div class='av-share-box'><h5 class='av-share-link-description av-no-toc '>Compartir esta noticia<\/h5><ul class='av-share-box-list noLightbox'><li class='av-share-link av-social-link-facebook' ><a target=\"_blank\" aria-label=\"Compartir en Facebook\" href='https:\/\/www.facebook.com\/sharer.php?u=https:\/\/radiorevelacionfm.cl\/?p=44622&#038;t=Invitan%20a%20participar%20de%20Taller%20Regional%20de%20actualizaci%C3%B3n%20del%20Plan%20de%20Nacional%20de%20Adaptaci%C3%B3n%20al%20Cambio%20Clim%C3%A1tico' aria-hidden='false' data-av_icon='\ue8f3' data-av_iconfont='entypo-fontello' title='' data-avia-related-tooltip='Compartir en Facebook' rel=\"noopener\"><span class='avia_hidden_link_text'>Compartir en Facebook<\/span><\/a><\/li><li class='av-share-link av-social-link-twitter' ><a target=\"_blank\" aria-label=\"Compartir en Twitter\" href='https:\/\/twitter.com\/share?text=Invitan%20a%20participar%20de%20Taller%20Regional%20de%20actualizaci%C3%B3n%20del%20Plan%20de%20Nacional%20de%20Adaptaci%C3%B3n%20al%20Cambio%20Clim%C3%A1tico&#038;url=https:\/\/radiorevelacionfm.cl\/?p=44622' aria-hidden='false' data-av_icon='\ue8f1' data-av_iconfont='entypo-fontello' title='' data-avia-related-tooltip='Compartir en Twitter' rel=\"noopener\"><span class='avia_hidden_link_text'>Compartir en Twitter<\/span><\/a><\/li><li class='av-share-link av-social-link-whatsapp' ><a target=\"_blank\" aria-label=\"Compartir en Whatsapp\" href='https:\/\/api.whatsapp.com\/send?text=https:\/\/radiorevelacionfm.cl\/?p=44622' aria-hidden='false' data-av_icon='\uf232' data-av_iconfont='entypo-fontello' title='' data-avia-related-tooltip='Compartir en Whatsapp' rel=\"noopener\"><span class='avia_hidden_link_text'>Compartir en Whatsapp<\/span><\/a><\/li><li class='av-share-link av-social-link-linkedin' ><a target=\"_blank\" aria-label=\"Compartir en LinkedIn\" href='https:\/\/linkedin.com\/shareArticle?mini=true&#038;title=Invitan%20a%20participar%20de%20Taller%20Regional%20de%20actualizaci%C3%B3n%20del%20Plan%20de%20Nacional%20de%20Adaptaci%C3%B3n%20al%20Cambio%20Clim%C3%A1tico&#038;url=https:\/\/radiorevelacionfm.cl\/?p=44622' aria-hidden='false' data-av_icon='\ue8fc' data-av_iconfont='entypo-fontello' title='' data-avia-related-tooltip='Compartir en LinkedIn' rel=\"noopener\"><span class='avia_hidden_link_text'>Compartir en LinkedIn<\/span><\/a><\/li><li class='av-share-link av-social-link-mail' ><a  aria-label=\"Compartir por correo\" href='mailto:?subject=Invitan%20a%20participar%20de%20Taller%20Regional%20de%20actualizaci%C3%B3n%20del%20Plan%20de%20Nacional%20de%20Adaptaci%C3%B3n%20al%20Cambio%20Clim%C3%A1tico&#038;body=https:\/\/radiorevelacionfm.cl\/?p=44622' aria-hidden='false' data-av_icon='\ue805' data-av_iconfont='entypo-fontello' title='' data-avia-related-tooltip='Compartir por correo'><span class='avia_hidden_link_text'>Compartir por correo<\/span><\/a><\/li><\/ul><\/div><\/div>\n<div  style='height:50px' class='hr hr-invisible   avia-builder-el-8  el_after_av_social_share  el_before_av_comments_list '><span class='hr-inner ' ><span class='hr-inner-style'><\/span><\/span><\/div>\n<div  class='av-buildercomment  av-blog-meta-html-info-disabled av-blog-meta-tag-disabled  '><\/div>\n","protected":false},"excerpt":{"rendered":"","protected":false},"author":1,"featured_media":44624,"comment_status":"open","ping_status":"open","sticky":false,"template":"","format":"standard","meta":{"footnotes":""},"categories":[39],"tags":[],"class_list":["post-44622","post","type-post","status-publish","format-standard","has-post-thumbnail","hentry","category-medio-ambiente"],"jetpack_featured_media_url":"https:\/\/radiorevelacionfm.cl\/wp-content\/uploads\/2024\/07\/pnacc_post_01-1-1_optimized-1_optimized-1.jpg","_links":{"self":[{"href":"https:\/\/radiorevelacionfm.cl\/index.php?rest_route=\/wp\/v2\/posts\/44622","targetHints":{"allow":["GET"]}}],"collection":[{"href":"https:\/\/radiorevelacionfm.cl\/index.php?rest_route=\/wp\/v2\/posts"}],"about":[{"href":"https:\/\/radiorevelacionfm.cl\/index.php?rest_route=\/wp\/v2\/types\/post"}],"author":[{"embeddable":true,"href":"https:\/\/radiorevelacionfm.cl\/index.php?rest_route=\/wp\/v2\/users\/1"}],"replies":[{"embeddable":true,"href":"https:\/\/radiorevelacionfm.cl\/index.php?rest_route=%2Fwp%2Fv2%2Fcomments&post=44622"}],"version-history":[{"count":1,"href":"https:\/\/radiorevelacionfm.cl\/index.php?rest_route=\/wp\/v2\/posts\/44622\/revisions"}],"predecessor-version":[{"id":44625,"href":"https:\/\/radiorevelacionfm.cl\/index.php?rest_route=\/wp\/v2\/posts\/44622\/revisions\/44625"}],"wp:featuredmedia":[{"embeddable":true,"href":"https:\/\/radiorevelacionfm.cl\/index.php?rest_route=\/wp\/v2\/media\/44624"}],"wp:attachment":[{"href":"https:\/\/radiorevelacionfm.cl\/index.php?rest_route=%2Fwp%2Fv2%2Fmedia&parent=44622"}],"wp:term":[{"taxonomy":"category","embeddable":true,"href":"https:\/\/radiorevelacionfm.cl\/index.php?rest_route=%2Fwp%2Fv2%2Fcategories&post=44622"},{"taxonomy":"post_tag","embeddable":true,"href":"https:\/\/radiorevelacionfm.cl\/index.php?rest_route=%2Fwp%2Fv2%2Ftags&post=44622"}],"curies":[{"name":"wp","href":"https:\/\/api.w.org\/{rel}","templated":true}]}}