{"id":4462,"date":"2021-05-24T19:30:27","date_gmt":"2021-05-24T22:30:27","guid":{"rendered":"https:\/\/radiorevelacionfm.cl\/?p=4462"},"modified":"2021-05-24T19:30:27","modified_gmt":"2021-05-24T22:30:27","slug":"senadora-ordenes-por-pandemia-no-es-novedad-que-la-situacion-en-aysen-sea-altamente-compleja","status":"publish","type":"post","link":"https:\/\/radiorevelacionfm.cl\/?p=4462","title":{"rendered":"Senadora \u00d3rdenes por pandemia: \u201cNo es novedad que la situaci\u00f3n en Ays\u00e9n sea altamente compleja\u201d"},"content":{"rendered":"<div class=\"flex_column av_one_full  flex_column_div av-zero-column-padding first  avia-builder-el-0  el_before_av_one_full  avia-builder-el-first  \" style='border-radius:0px; '><div  class='avia-image-container  av-styling-    avia-builder-el-1  avia-builder-el-no-sibling  avia-align-center '  itemprop=\"image\" itemscope=\"itemscope\" itemtype=\"https:\/\/schema.org\/ImageObject\"  ><div class='avia-image-container-inner'><div class='avia-image-overlay-wrap'><img decoding=\"async\" class='wp-image-4463 avia-img-lazy-loading-not-4463 avia_image' src=\"https:\/\/radiorevelacionfm.cl\/wp-content\/uploads\/2021\/05\/SENADORA-ORDENES2-1.jpg\" alt='' title='SENADORA ORDENES2 (1)' height=\"600\" width=\"1002\"  itemprop=\"thumbnailUrl\" srcset=\"https:\/\/radiorevelacionfm.cl\/wp-content\/uploads\/2021\/05\/SENADORA-ORDENES2-1.jpg 1002w, https:\/\/radiorevelacionfm.cl\/wp-content\/uploads\/2021\/05\/SENADORA-ORDENES2-1-300x180.jpg 300w, https:\/\/radiorevelacionfm.cl\/wp-content\/uploads\/2021\/05\/SENADORA-ORDENES2-1-768x460.jpg 768w, https:\/\/radiorevelacionfm.cl\/wp-content\/uploads\/2021\/05\/SENADORA-ORDENES2-1-705x422.jpg 705w, https:\/\/radiorevelacionfm.cl\/wp-content\/uploads\/2021\/05\/SENADORA-ORDENES2-1-600x359.jpg 600w\" sizes=\"(max-width: 1002px) 100vw, 1002px\" \/><\/div><\/div><\/div><\/div><div class=\"flex_column av_one_full  flex_column_div av-zero-column-padding first  avia-builder-el-2  el_after_av_one_full  el_before_av_one_full  column-top-margin\" style='border-radius:0px; '><section class=\"av_textblock_section \"  itemscope=\"itemscope\" itemtype=\"https:\/\/schema.org\/BlogPosting\" itemprop=\"blogPost\" ><div class='avia_textblock  '   itemprop=\"text\" ><p style=\"text-align: center;\"><strong><span style=\"font-size: 18pt;\">Senadora \u00d3rdenes por pandemia: \u201cNo es novedad que la situaci\u00f3n en Ays\u00e9n sea altamente compleja\u201d<\/span><\/strong><\/p>\n<div id=\"gtx-trans\" style=\"position: absolute; left: -50px; top: 4.31534px;\">\n<div class=\"gtx-trans-icon\"><\/div>\n<\/div>\n<\/div><\/section><\/div><div class=\"flex_column av_one_full  flex_column_div av-zero-column-padding first  avia-builder-el-4  el_after_av_one_full  el_before_av_hr  column-top-margin\" style='border-radius:0px; '><section class=\"av_textblock_section \"  itemscope=\"itemscope\" itemtype=\"https:\/\/schema.org\/BlogPosting\" itemprop=\"blogPost\" ><div class='avia_textblock  '   itemprop=\"text\" ><p style=\"text-align: justify;\">La senadora por Ays\u00e9n se mostr\u00f3 preocupada por la situaci\u00f3n que tiene colapsado el sistema de salud en la regi\u00f3n, que hoy present\u00f3 32 casos nuevos de Covid 19. Adem\u00e1s, el Minsal inform\u00f3 que desde el jueves la comuna de Ays\u00e9n retrocede a Cuarentena. \u201cLo que reclamo es la falta de prevenci\u00f3n para adelantar escenarios\u201d, sostuvo la parlamentaria, justo en medio cuando el Ejecutivo anuncia el \u201cPase de movilidad\u201d que permitir\u00e1 mayores libertades para las personas con dos dosis de la vacuna.<\/p>\n<p style=\"text-align: justify;\">La situaci\u00f3n en Ays\u00e9n por el aumento de casos por Covid est\u00e1 en cifras riesgosas, situaci\u00f3n que llev\u00f3 a la senadora Ximena \u00d3rdenes Neira a realizar una fuerte cr\u00edtica a la forma que se ha enfrentado la pandemia durante este \u00faltimo a\u00f1o.<\/p>\n<p style=\"text-align: justify;\">\u201cNo es novedad que la situaci\u00f3n en Ays\u00e9n es altamente compleja llevamos m\u00e1s de un a\u00f1o pidiendo testeo, trazabilidad, asilamientos efectivos, para contactar los casos a tiempo y aislarlos. Las camas UCI sabemos hace m\u00e1s de un a\u00f1o la capacidad que tiene la regi\u00f3n\u201d, y agreg\u00f3: \u201cLo que reclamo es la falta de prevenci\u00f3n de adelantar el escenario. Reci\u00e9n despu\u00e9s de un a\u00f1o le he visto al hospital regional, al servicio de salud, al sector con una comunicaci\u00f3n de riesgo adecuada\u201d.<\/p>\n<p style=\"text-align: justify;\">Respecto a la comunicaci\u00f3n de riesgo, la parlamentaria fue enf\u00e1tica al asegurar \u201cla comunicaci\u00f3n de riesgo es uno de los grandes d\u00e9ficits de la pandemia\u201d. Asimismo, recalc\u00f3 que exigir incremento de camas cr\u00edticas es una petici\u00f3n \u201cpoco realista\u201d.<\/p>\n<p style=\"text-align: justify;\">\u201cHay que dotar del m\u00e1ximo de herramientas posibles para el sistema de salud, porque el tema no es solo aumentar camas UCI, porque se requiere de profesionales que tengan el conocimiento para procesos m\u00e1s dif\u00edciles como es la intubaci\u00f3n. Entonces no es llegar y solicitar un aumento de camas cr\u00edticas sin considerar que estamos hablando de recursos finitos, que necesitan de profesionales capacitados para enfrentar dicha disponibilidad\u201d, sostuvo.<\/p>\n<p style=\"text-align: justify;\">Respecto al \u201cpase de movilidad\u201d la parlamentaria record\u00f3 el escenario que dej\u00f3 el permiso de vacaciones y llam\u00f3 a las autoridades a \u201cinformar adecuadamente a la poblaci\u00f3n respecto a este pase, ya que se est\u00e1 dando una falsa se\u00f1al de normalidad, cuando hay regiones, comunas que est\u00e1n en una situaci\u00f3n cr\u00edtica como es el caso de Ays\u00e9n\u201d.<\/p>\n<p style=\"text-align: justify;\">Finalmente, la senadora Ximena \u00d3rdenes hizo un llamado a respetar las medidas de cuidado impuestas por la autoridad, adem\u00e1s, de reiterar que la regi\u00f3n de Ays\u00e9n est\u00e1 viviendo un escenario, con una complejidad que era esperable.<\/p>\n<p style=\"text-align: justify;\">\u201cNo queda otra que las personas adopten las medidas de cuidado y respeten las cuarentenas, ac\u00e1 todos tenemos una responsabilidad y es aprendizaje para el futuro. Este escenario era predecible, la situaci\u00f3n y la fragilidad del sistema de salud de la regi\u00f3n es conocido. Hoy estamos al l\u00edmite, por lo tanto, la primera obligaci\u00f3n es que se adopten todas las medidas de autocuidado, se respeten las medidas que est\u00e1n establecidas y sobretodo el tema de la vacunaci\u00f3n es importante, el nivel de rezagados de la regi\u00f3n es algo, porque es importante la comunicaci\u00f3n de riesgo\u201d, puntualiz\u00f3.<\/p>\n<\/div><\/section><\/div><div  style='height:50px' class='hr hr-invisible   avia-builder-el-6  el_after_av_one_full  el_before_av_social_share '><span class='hr-inner ' ><span class='hr-inner-style'><\/span><\/span><\/div><\/p>\n<div  class='av-social-sharing-box  avia-builder-el-7  el_after_av_hr  el_before_av_hr  '><div class='av-share-box'><h5 class='av-share-link-description av-no-toc '>Compartir esta noticia<\/h5><ul class='av-share-box-list noLightbox'><li class='av-share-link av-social-link-facebook' ><a target=\"_blank\" aria-label=\"Compartir en Facebook\" href='https:\/\/www.facebook.com\/sharer.php?u=https:\/\/radiorevelacionfm.cl\/?p=4462&#038;t=Senadora%20%C3%93rdenes%20por%20pandemia%3A%20%E2%80%9CNo%20es%20novedad%20que%20la%20situaci%C3%B3n%20en%20Ays%C3%A9n%20sea%20altamente%20compleja%E2%80%9D' aria-hidden='false' data-av_icon='\ue8f3' data-av_iconfont='entypo-fontello' title='' data-avia-related-tooltip='Compartir en Facebook' rel=\"noopener\"><span class='avia_hidden_link_text'>Compartir en Facebook<\/span><\/a><\/li><li class='av-share-link av-social-link-twitter' ><a target=\"_blank\" aria-label=\"Compartir en Twitter\" href='https:\/\/twitter.com\/share?text=Senadora%20%C3%93rdenes%20por%20pandemia%3A%20%E2%80%9CNo%20es%20novedad%20que%20la%20situaci%C3%B3n%20en%20Ays%C3%A9n%20sea%20altamente%20compleja%E2%80%9D&#038;url=https:\/\/radiorevelacionfm.cl\/?p=4462' aria-hidden='false' data-av_icon='\ue8f1' data-av_iconfont='entypo-fontello' title='' data-avia-related-tooltip='Compartir en Twitter' rel=\"noopener\"><span class='avia_hidden_link_text'>Compartir en Twitter<\/span><\/a><\/li><li class='av-share-link av-social-link-whatsapp' ><a target=\"_blank\" aria-label=\"Compartir en Whatsapp\" href='https:\/\/api.whatsapp.com\/send?text=https:\/\/radiorevelacionfm.cl\/?p=4462' aria-hidden='false' data-av_icon='\uf232' data-av_iconfont='entypo-fontello' title='' data-avia-related-tooltip='Compartir en Whatsapp' rel=\"noopener\"><span class='avia_hidden_link_text'>Compartir en Whatsapp<\/span><\/a><\/li><li class='av-share-link av-social-link-linkedin' ><a target=\"_blank\" aria-label=\"Compartir en LinkedIn\" href='https:\/\/linkedin.com\/shareArticle?mini=true&#038;title=Senadora%20%C3%93rdenes%20por%20pandemia%3A%20%E2%80%9CNo%20es%20novedad%20que%20la%20situaci%C3%B3n%20en%20Ays%C3%A9n%20sea%20altamente%20compleja%E2%80%9D&#038;url=https:\/\/radiorevelacionfm.cl\/?p=4462' aria-hidden='false' data-av_icon='\ue8fc' data-av_iconfont='entypo-fontello' title='' data-avia-related-tooltip='Compartir en LinkedIn' rel=\"noopener\"><span class='avia_hidden_link_text'>Compartir en LinkedIn<\/span><\/a><\/li><li class='av-share-link av-social-link-mail' ><a  aria-label=\"Compartir por correo\" href='mailto:?subject=Senadora%20%C3%93rdenes%20por%20pandemia%3A%20%E2%80%9CNo%20es%20novedad%20que%20la%20situaci%C3%B3n%20en%20Ays%C3%A9n%20sea%20altamente%20compleja%E2%80%9D&#038;body=https:\/\/radiorevelacionfm.cl\/?p=4462' aria-hidden='false' data-av_icon='\ue805' data-av_iconfont='entypo-fontello' title='' data-avia-related-tooltip='Compartir por correo'><span class='avia_hidden_link_text'>Compartir por correo<\/span><\/a><\/li><\/ul><\/div><\/div>\n<div  style='height:50px' class='hr hr-invisible   avia-builder-el-8  el_after_av_social_share  el_before_av_comments_list '><span class='hr-inner ' ><span class='hr-inner-style'><\/span><\/span><\/div>\n<div  class='av-buildercomment  av-blog-meta-html-info-disabled av-blog-meta-tag-disabled  '><\/div>\n","protected":false},"excerpt":{"rendered":"","protected":false},"author":1,"featured_media":4463,"comment_status":"open","ping_status":"open","sticky":false,"template":"","format":"standard","meta":{"footnotes":""},"categories":[35],"tags":[],"class_list":["post-4462","post","type-post","status-publish","format-standard","has-post-thumbnail","hentry","category-politica"],"jetpack_featured_media_url":"https:\/\/radiorevelacionfm.cl\/wp-content\/uploads\/2021\/05\/SENADORA-ORDENES2-1.jpg","_links":{"self":[{"href":"https:\/\/radiorevelacionfm.cl\/index.php?rest_route=\/wp\/v2\/posts\/4462","targetHints":{"allow":["GET"]}}],"collection":[{"href":"https:\/\/radiorevelacionfm.cl\/index.php?rest_route=\/wp\/v2\/posts"}],"about":[{"href":"https:\/\/radiorevelacionfm.cl\/index.php?rest_route=\/wp\/v2\/types\/post"}],"author":[{"embeddable":true,"href":"https:\/\/radiorevelacionfm.cl\/index.php?rest_route=\/wp\/v2\/users\/1"}],"replies":[{"embeddable":true,"href":"https:\/\/radiorevelacionfm.cl\/index.php?rest_route=%2Fwp%2Fv2%2Fcomments&post=4462"}],"version-history":[{"count":1,"href":"https:\/\/radiorevelacionfm.cl\/index.php?rest_route=\/wp\/v2\/posts\/4462\/revisions"}],"predecessor-version":[{"id":4464,"href":"https:\/\/radiorevelacionfm.cl\/index.php?rest_route=\/wp\/v2\/posts\/4462\/revisions\/4464"}],"wp:featuredmedia":[{"embeddable":true,"href":"https:\/\/radiorevelacionfm.cl\/index.php?rest_route=\/wp\/v2\/media\/4463"}],"wp:attachment":[{"href":"https:\/\/radiorevelacionfm.cl\/index.php?rest_route=%2Fwp%2Fv2%2Fmedia&parent=4462"}],"wp:term":[{"taxonomy":"category","embeddable":true,"href":"https:\/\/radiorevelacionfm.cl\/index.php?rest_route=%2Fwp%2Fv2%2Fcategories&post=4462"},{"taxonomy":"post_tag","embeddable":true,"href":"https:\/\/radiorevelacionfm.cl\/index.php?rest_route=%2Fwp%2Fv2%2Ftags&post=4462"}],"curies":[{"name":"wp","href":"https:\/\/api.w.org\/{rel}","templated":true}]}}