{"id":44619,"date":"2024-07-30T21:23:44","date_gmt":"2024-07-31T00:23:44","guid":{"rendered":"https:\/\/radiorevelacionfm.cl\/?p=44619"},"modified":"2024-07-30T21:23:44","modified_gmt":"2024-07-31T00:23:44","slug":"con-slogan-para-que-no-se-agote-tiene-que-pasar-agosto-inician-campana-por-veda-de-la-merluza-austral","status":"publish","type":"post","link":"https:\/\/radiorevelacionfm.cl\/?p=44619","title":{"rendered":"Con slogan \u201cPara que no se agote, tiene que pasar agosto\u201d inician campa\u00f1a por veda de la merluza austral"},"content":{"rendered":"<div class=\"flex_column av_one_full  flex_column_div av-zero-column-padding first  avia-builder-el-0  el_before_av_one_full  avia-builder-el-first  \" style='border-radius:0px; '><div  class='avia-image-container  av-styling-    avia-builder-el-1  avia-builder-el-no-sibling  avia-align-center '  itemprop=\"image\" itemscope=\"itemscope\" itemtype=\"https:\/\/schema.org\/ImageObject\"  ><div class='avia-image-container-inner'><div class='avia-image-overlay-wrap'><img decoding=\"async\" class='wp-image-44620 avia-img-lazy-loading-not-44620 avia_image' src=\"https:\/\/radiorevelacionfm.cl\/wp-content\/uploads\/2024\/07\/lanzamiento-veda-merluzaustral1-1_optimized-1.jpg\" alt='' title='lanzamiento-veda-merluzaustral1-(1)_optimized (1)' height=\"600\" width=\"896\"  itemprop=\"thumbnailUrl\" srcset=\"https:\/\/radiorevelacionfm.cl\/wp-content\/uploads\/2024\/07\/lanzamiento-veda-merluzaustral1-1_optimized-1.jpg 896w, https:\/\/radiorevelacionfm.cl\/wp-content\/uploads\/2024\/07\/lanzamiento-veda-merluzaustral1-1_optimized-1-300x201.jpg 300w, https:\/\/radiorevelacionfm.cl\/wp-content\/uploads\/2024\/07\/lanzamiento-veda-merluzaustral1-1_optimized-1-768x514.jpg 768w, https:\/\/radiorevelacionfm.cl\/wp-content\/uploads\/2024\/07\/lanzamiento-veda-merluzaustral1-1_optimized-1-705x472.jpg 705w, https:\/\/radiorevelacionfm.cl\/wp-content\/uploads\/2024\/07\/lanzamiento-veda-merluzaustral1-1_optimized-1-450x301.jpg 450w, https:\/\/radiorevelacionfm.cl\/wp-content\/uploads\/2024\/07\/lanzamiento-veda-merluzaustral1-1_optimized-1-600x402.jpg 600w\" sizes=\"(max-width: 896px) 100vw, 896px\" \/><\/div><\/div><\/div><\/div>\n<div class=\"flex_column av_one_full  flex_column_div av-zero-column-padding first  avia-builder-el-2  el_after_av_one_full  el_before_av_one_full  column-top-margin\" style='border-radius:0px; '><section class=\"av_textblock_section \"  itemscope=\"itemscope\" itemtype=\"https:\/\/schema.org\/BlogPosting\" itemprop=\"blogPost\" ><div class='avia_textblock  '   itemprop=\"text\" ><p style=\"text-align: center;\"><strong><span style=\"font-size: 18pt;\">Con slogan \u201cPara que no se agote, tiene que pasar agosto\u201d inician campa\u00f1a por veda de la merluza austral<\/span><\/strong><\/p>\n<div id=\"gtx-trans\" style=\"position: absolute; left: -50px; top: 4.31534px;\">\n<div class=\"gtx-trans-icon\"><\/div>\n<\/div>\n<\/div><\/section><\/div><div class=\"flex_column av_one_full  flex_column_div av-zero-column-padding first  avia-builder-el-4  el_after_av_one_full  el_before_av_hr  column-top-margin\" style='border-radius:0px; '><section class=\"av_textblock_section \"  itemscope=\"itemscope\" itemtype=\"https:\/\/schema.org\/BlogPosting\" itemprop=\"blogPost\" ><div class='avia_textblock  '   itemprop=\"text\" ><p dir=\"ltr\" style=\"text-align: justify;\">\u201cPara que no se agote, tiene que pasar agosto\u201d, es la nueva campa\u00f1a del Servicio Nacional de Pesca y Acuicultura (Sernapesca) para llamar a la ciudadan\u00eda a respetar la veda biol\u00f3gica de la merluza austral que como cada a\u00f1o inicia el 01 de agosto y se extiende hasta el \u00faltimo d\u00eda del mismo mes, periodo que resguarda el peak reproductivo de este recurso, que resulta clave para su recuperaci\u00f3n.<\/p>\n<p dir=\"ltr\" style=\"text-align: justify;\">Es uno de los recursos pesqueros m\u00e1s importantes para el sur del pa\u00eds y que, de acuerdo con el informe sobre estado de las pesquer\u00edas de la Subsecretar\u00eda de Pesca y Acuicultura publicado este a\u00f1o, actualmente se encuentra en estado de sobreexplotaci\u00f3n.<\/p>\n<p dir=\"ltr\" style=\"text-align: justify;\">Con el fin de dar a conocer la veda, funcionarios y funcionarias de Sernapesca recorrieron diferentes mercados, restaurantes, puntos de venta, plantas de procesos y lugares de almacenamiento desde la regi\u00f3n de Los R\u00edos hasta Magallanes para entregar informaci\u00f3n importante a comercializadores y consumidores, pero tambi\u00e9n para verificar los stocks del recurso de los distintos agentes previo al inicio de la veda.<\/p>\n<p dir=\"ltr\" style=\"text-align: justify;\">Soledad Tapia, Directora Nacional de Sernapesca, se refiri\u00f3 al rol que tienen como Servicio para velar por el cumplimiento de esta medida de administraci\u00f3n. \u201cDesde Sernapesca debemos asegurar que se respete la veda en su totalidad, y en este sentido durante agosto vamos a reforzar las fiscalizaciones junto con la Red Sustenta en puntos de desembarques, zonas de pesca, controles carreteros y en toda la cadena de valor. De este modo, no solo cuidamos la sustentabilidad de la merluza, sino que tambi\u00e9n el trabajo de los pescadores y pescadoras artesanales\u201d.<\/p>\n<p dir=\"ltr\" style=\"text-align: justify;\">En este sentido, el director regional de Sernapesca, Cristian Hudson, se refiri\u00f3 a la importancia de verificar el stock antes de comenzar la veda. \u201cLa verificaci\u00f3n y declaraci\u00f3n del stock es muy importante, porque de este modo aseguramos que el recurso fue extra\u00eddo y comercializado antes del inicio de la veda. Lo importante es que no se venda merluza fresca durante agosto, por lo que hacemos el llamado a preferir otros pescados y mariscos en este periodo\u201d.<\/p>\n<p dir=\"ltr\" style=\"text-align: justify;\">La veda biol\u00f3gica proh\u00edbe la extracci\u00f3n de merluza austral desde la regi\u00f3n de Los Lagos hasta Magallanes, de acuerdo al decreto exento N\u00b0140 de la Subpesca, que tambi\u00e9n proh\u00edbe la comercializaci\u00f3n, procesamiento, almacenamiento, transporte del recurso fresco en todo el territorio nacional, siendo esto un delito.<\/p>\n<p dir=\"ltr\" style=\"text-align: justify;\">El objetivo de esta medida de administraci\u00f3n, adem\u00e1s de proteger la especie durante el peak de su per\u00edodo de reproducci\u00f3n es resguardar la actividad pesquera de la que dependen miles de familias de pescadores artesanales, quienes tienen sus embarcaciones inscritas para extraer merluza austral o tambi\u00e9n llamada merluza del sur, de acuerdo al Registro Pesquero Artesanal que lleva Sernapesca.<\/p>\n<p dir=\"ltr\" style=\"text-align: justify;\">Finalmente, desde Sernapesca hacen un llamado a la ciudadan\u00eda a sumarse a la campa\u00f1a \u201cPara que no se agote, tiene que pasar agosto\u201d y respetar la veda, optando por el consumo de otros pescados y mariscos. En caso de detectar venta de merluza austral en estado fresco, realizar denuncias al tel\u00e9fono 800 320 032.<\/p>\n<\/div><\/section><\/div><\/p>\n<div  style='height:50px' class='hr hr-invisible   avia-builder-el-6  el_after_av_one_full  el_before_av_social_share '><span class='hr-inner ' ><span class='hr-inner-style'><\/span><\/span><\/div>\n<div  class='av-social-sharing-box  avia-builder-el-7  el_after_av_hr  el_before_av_hr  '><div class='av-share-box'><h5 class='av-share-link-description av-no-toc '>Compartir esta noticia<\/h5><ul class='av-share-box-list noLightbox'><li class='av-share-link av-social-link-facebook' ><a target=\"_blank\" aria-label=\"Compartir en Facebook\" href='https:\/\/www.facebook.com\/sharer.php?u=https:\/\/radiorevelacionfm.cl\/?p=44619&#038;t=Con%20slogan%20%E2%80%9CPara%20que%20no%20se%20agote%2C%20tiene%20que%20pasar%20agosto%E2%80%9D%20inician%20campa%C3%B1a%20por%20veda%20de%20la%20merluza%20austral' aria-hidden='false' data-av_icon='\ue8f3' data-av_iconfont='entypo-fontello' title='' data-avia-related-tooltip='Compartir en Facebook' rel=\"noopener\"><span class='avia_hidden_link_text'>Compartir en Facebook<\/span><\/a><\/li><li class='av-share-link av-social-link-twitter' ><a target=\"_blank\" aria-label=\"Compartir en Twitter\" href='https:\/\/twitter.com\/share?text=Con%20slogan%20%E2%80%9CPara%20que%20no%20se%20agote%2C%20tiene%20que%20pasar%20agosto%E2%80%9D%20inician%20campa%C3%B1a%20por%20veda%20de%20la%20merluza%20austral&#038;url=https:\/\/radiorevelacionfm.cl\/?p=44619' aria-hidden='false' data-av_icon='\ue8f1' data-av_iconfont='entypo-fontello' title='' data-avia-related-tooltip='Compartir en Twitter' rel=\"noopener\"><span class='avia_hidden_link_text'>Compartir en Twitter<\/span><\/a><\/li><li class='av-share-link av-social-link-whatsapp' ><a target=\"_blank\" aria-label=\"Compartir en Whatsapp\" href='https:\/\/api.whatsapp.com\/send?text=https:\/\/radiorevelacionfm.cl\/?p=44619' aria-hidden='false' data-av_icon='\uf232' data-av_iconfont='entypo-fontello' title='' data-avia-related-tooltip='Compartir en Whatsapp' rel=\"noopener\"><span class='avia_hidden_link_text'>Compartir en Whatsapp<\/span><\/a><\/li><li class='av-share-link av-social-link-linkedin' ><a target=\"_blank\" aria-label=\"Compartir en LinkedIn\" href='https:\/\/linkedin.com\/shareArticle?mini=true&#038;title=Con%20slogan%20%E2%80%9CPara%20que%20no%20se%20agote%2C%20tiene%20que%20pasar%20agosto%E2%80%9D%20inician%20campa%C3%B1a%20por%20veda%20de%20la%20merluza%20austral&#038;url=https:\/\/radiorevelacionfm.cl\/?p=44619' aria-hidden='false' data-av_icon='\ue8fc' data-av_iconfont='entypo-fontello' title='' data-avia-related-tooltip='Compartir en LinkedIn' rel=\"noopener\"><span class='avia_hidden_link_text'>Compartir en LinkedIn<\/span><\/a><\/li><li class='av-share-link av-social-link-mail' ><a  aria-label=\"Compartir por correo\" href='mailto:?subject=Con%20slogan%20%E2%80%9CPara%20que%20no%20se%20agote%2C%20tiene%20que%20pasar%20agosto%E2%80%9D%20inician%20campa%C3%B1a%20por%20veda%20de%20la%20merluza%20austral&#038;body=https:\/\/radiorevelacionfm.cl\/?p=44619' aria-hidden='false' data-av_icon='\ue805' data-av_iconfont='entypo-fontello' title='' data-avia-related-tooltip='Compartir por correo'><span class='avia_hidden_link_text'>Compartir por correo<\/span><\/a><\/li><\/ul><\/div><\/div>\n<div  style='height:50px' class='hr hr-invisible   avia-builder-el-8  el_after_av_social_share  el_before_av_comments_list '><span class='hr-inner ' ><span class='hr-inner-style'><\/span><\/span><\/div>\n<div  class='av-buildercomment  av-blog-meta-html-info-disabled av-blog-meta-tag-disabled  '><\/div>\n","protected":false},"excerpt":{"rendered":"","protected":false},"author":1,"featured_media":44620,"comment_status":"open","ping_status":"open","sticky":false,"template":"","format":"standard","meta":{"footnotes":""},"categories":[60],"tags":[],"class_list":["post-44619","post","type-post","status-publish","format-standard","has-post-thumbnail","hentry","category-pesca"],"jetpack_featured_media_url":"https:\/\/radiorevelacionfm.cl\/wp-content\/uploads\/2024\/07\/lanzamiento-veda-merluzaustral1-1_optimized-1.jpg","_links":{"self":[{"href":"https:\/\/radiorevelacionfm.cl\/index.php?rest_route=\/wp\/v2\/posts\/44619","targetHints":{"allow":["GET"]}}],"collection":[{"href":"https:\/\/radiorevelacionfm.cl\/index.php?rest_route=\/wp\/v2\/posts"}],"about":[{"href":"https:\/\/radiorevelacionfm.cl\/index.php?rest_route=\/wp\/v2\/types\/post"}],"author":[{"embeddable":true,"href":"https:\/\/radiorevelacionfm.cl\/index.php?rest_route=\/wp\/v2\/users\/1"}],"replies":[{"embeddable":true,"href":"https:\/\/radiorevelacionfm.cl\/index.php?rest_route=%2Fwp%2Fv2%2Fcomments&post=44619"}],"version-history":[{"count":2,"href":"https:\/\/radiorevelacionfm.cl\/index.php?rest_route=\/wp\/v2\/posts\/44619\/revisions"}],"predecessor-version":[{"id":44651,"href":"https:\/\/radiorevelacionfm.cl\/index.php?rest_route=\/wp\/v2\/posts\/44619\/revisions\/44651"}],"wp:featuredmedia":[{"embeddable":true,"href":"https:\/\/radiorevelacionfm.cl\/index.php?rest_route=\/wp\/v2\/media\/44620"}],"wp:attachment":[{"href":"https:\/\/radiorevelacionfm.cl\/index.php?rest_route=%2Fwp%2Fv2%2Fmedia&parent=44619"}],"wp:term":[{"taxonomy":"category","embeddable":true,"href":"https:\/\/radiorevelacionfm.cl\/index.php?rest_route=%2Fwp%2Fv2%2Fcategories&post=44619"},{"taxonomy":"post_tag","embeddable":true,"href":"https:\/\/radiorevelacionfm.cl\/index.php?rest_route=%2Fwp%2Fv2%2Ftags&post=44619"}],"curies":[{"name":"wp","href":"https:\/\/api.w.org\/{rel}","templated":true}]}}