{"id":44614,"date":"2024-07-30T18:19:16","date_gmt":"2024-07-30T21:19:16","guid":{"rendered":"https:\/\/radiorevelacionfm.cl\/?p=44614"},"modified":"2024-07-30T18:19:16","modified_gmt":"2024-07-30T21:19:16","slug":"destacando-la-importancia-de-asistir-a-clases-autoridades-dieron-inicio-al-segundo-semestre-del-ano-escolar-2024","status":"publish","type":"post","link":"https:\/\/radiorevelacionfm.cl\/?p=44614","title":{"rendered":"Destacando la importancia de asistir a clases autoridades dieron inicio al segundo semestre del a\u00f1o escolar 2024"},"content":{"rendered":"<div class=\"flex_column av_one_full  flex_column_div av-zero-column-padding first  avia-builder-el-0  el_before_av_one_full  avia-builder-el-first  \" style='border-radius:0px; '><div  class='avia-image-container  av-styling-    avia-builder-el-1  avia-builder-el-no-sibling  avia-align-center '  itemprop=\"image\" itemscope=\"itemscope\" itemtype=\"https:\/\/schema.org\/ImageObject\"  ><div class='avia-image-container-inner'><div class='avia-image-overlay-wrap'><img decoding=\"async\" class='wp-image-44615 avia-img-lazy-loading-not-44615 avia_image' src=\"https:\/\/radiorevelacionfm.cl\/wp-content\/uploads\/2024\/07\/bb225e71-cde4-49e9-b3c5-20365dd219c0-1_optimized.jpeg\" alt='' title='bb225e71-cde4-49e9-b3c5-20365dd219c0-(1)_optimized' height=\"600\" width=\"901\"  itemprop=\"thumbnailUrl\" srcset=\"https:\/\/radiorevelacionfm.cl\/wp-content\/uploads\/2024\/07\/bb225e71-cde4-49e9-b3c5-20365dd219c0-1_optimized.jpeg 901w, https:\/\/radiorevelacionfm.cl\/wp-content\/uploads\/2024\/07\/bb225e71-cde4-49e9-b3c5-20365dd219c0-1_optimized-300x200.jpeg 300w, https:\/\/radiorevelacionfm.cl\/wp-content\/uploads\/2024\/07\/bb225e71-cde4-49e9-b3c5-20365dd219c0-1_optimized-768x511.jpeg 768w, https:\/\/radiorevelacionfm.cl\/wp-content\/uploads\/2024\/07\/bb225e71-cde4-49e9-b3c5-20365dd219c0-1_optimized-705x469.jpeg 705w, https:\/\/radiorevelacionfm.cl\/wp-content\/uploads\/2024\/07\/bb225e71-cde4-49e9-b3c5-20365dd219c0-1_optimized-450x300.jpeg 450w, https:\/\/radiorevelacionfm.cl\/wp-content\/uploads\/2024\/07\/bb225e71-cde4-49e9-b3c5-20365dd219c0-1_optimized-600x400.jpeg 600w\" sizes=\"(max-width: 901px) 100vw, 901px\" \/><\/div><\/div><\/div><\/div><div class=\"flex_column av_one_full  flex_column_div av-zero-column-padding first  avia-builder-el-2  el_after_av_one_full  el_before_av_one_full  column-top-margin\" style='border-radius:0px; '><section class=\"av_textblock_section \"  itemscope=\"itemscope\" itemtype=\"https:\/\/schema.org\/BlogPosting\" itemprop=\"blogPost\" ><div class='avia_textblock  '   itemprop=\"text\" ><p style=\"text-align: center;\"><span style=\"font-size: 18pt;\"><b>Destacando la importancia de asistir a clases autoridades dieron inicio al segundo semestre del a\u00f1o escolar 2024<\/b><\/span><\/p>\n<div id=\"gtx-trans\" style=\"position: absolute; left: -50px; top: 4.31534px;\">\n<div class=\"gtx-trans-icon\"><\/div>\n<\/div>\n<\/div><\/section><\/div><div class=\"flex_column av_one_full  flex_column_div av-zero-column-padding first  avia-builder-el-4  el_after_av_one_full  el_before_av_hr  column-top-margin\" style='border-radius:0px; '><section class=\"av_textblock_section \"  itemscope=\"itemscope\" itemtype=\"https:\/\/schema.org\/BlogPosting\" itemprop=\"blogPost\" ><div class='avia_textblock  '   itemprop=\"text\" ><p class=\"v1MsoNormal\" style=\"text-align: justify;\">En el Liceo T\u00e9cnico Profesional Ricardo Navarrete Barr\u00eda de Coyhaique el Delegado\u00a0 Presidencial Regional(S) Samuel Navarro, la Seremi de Educaci\u00f3n Isabel Garrido, el Director Ejecutivo del\u00a0<a href=\"https:\/\/www.facebook.com\/SLEPAysen?__cft__%5b0%5d=AZWabtWopQR5kSlovUCrgagU7vz55bTo0j145gkMuF_kh6EZPm7HvExhagVYAn_DWtcMs21N-bTvqECXGPJOU7Q1AfO3aUIdHQioJR9yZIFRHwJD5RQYp7f2m3Jj_wTjjZz6v2dzT8RvaxERlLBlwJe6vtJ9h1A5GWCY_Eu32SV7zuTSUHFTDDYE7FnNBnHx-AMxfrGGvyBk8W3BYlO6-Q8F&amp;__tn__=-%5dK-R\" target=\"_blank\" rel=\"noopener noreferrer\">Servicio Local de Educaci\u00f3n P\u00fablica Ays\u00e9n<\/a> Sebasti\u00e1n Gonz\u00e1lez, y el Director Regional de Junji\u00a0 Juan Eduardo Lorca dieron la bienvenida al segundo semestre del a\u00f1o escolar 2024, instancia a la que sumaron el director del plantel Ra\u00fal Alvarez Villegas, su equipo docente, asistentes de la educaci\u00f3n y estudiantes.<\/p>\n<p class=\"v1MsoNormal\" style=\"text-align: justify;\">El mensaje que entregaron las autoridades fue Volvamos a clases, y que nadie falte\u00a0 para reactivar y recuperar los aprendizajes y tambi\u00e9n a ocupar los espacios de participaci\u00f3n del liceo; centro general de alumnos y otros.<\/p>\n<p class=\"v1MsoNormal\" style=\"text-align: justify;\">Al respecto, la Seremi Isabel Garrido afirm\u00f3 que: \u201cEste segundo semestre trae grandes desaf\u00edos que tienen relaci\u00f3n con los aprendizajes, pero tambi\u00e9n con la convivencia, con la construcci\u00f3n de comunidades educativas m\u00e1s sanas, disponibles a desarrollar una educaci\u00f3n integral. Por ello, es necesario que las ni\u00f1as, ni\u00f1os y adolescentes asistan a clases regularmente porque en la escuela se aprenden importantes y necesarios contenidos y\u00a0 tambi\u00e9n se aprende a socializar, a convivir y a construir democracia\u201d.<\/p>\n<p class=\"v1MsoNormal\" style=\"text-align: justify;\">Por su parte, el Director Ejecutivo del SLEP Ays\u00e9n Sebasti\u00e1n Gonz\u00e1lez se\u00f1al\u00f3 que \u201cLa Nueva Educaci\u00f3n P\u00fablica es participativa y se construye entre todos y todas. Por ello invito a los\/as estudiantes a participar del pr\u00f3ximo proceso de elecciones para elegir a sus representantes en nuestro primer\u00a0 Consejo Local de Educaci\u00f3n P\u00fablica\u201d.<\/p>\n<p class=\"v1MsoNormal\" style=\"text-align: justify;\">El Delegado Presidencial Regional (s) Samuel Navarro hizo un llamado a las familias a enviar a sus hijos a clases. \u201cLlamamos a los padres y apoderados, a las familias a que lleven a sus hijos a los colegios a los jardines infantiles . Chile avanza, crece y se transforma en la media que nuestros estudiantes se suman a la reactivaci\u00f3n\u00a0 educativa\u201d.<\/p>\n<p class=\"v1MsoNormal\" style=\"text-align: justify;\">Ra\u00fal Alvarez, director del Liceo T\u00e9cnico Profesional Profesor Ricardo Navarrete Barr\u00eda expres\u00f3: \u201cEstamos contentos de iniciar\u00a0 el segundo semestre con altas expectativas de desarrollar un buen proceso acad\u00e9mico con nuestros estudiantes. Se vienen actividades significativas como nuestro aniversario, el mes de la patria. Estamos trabajando para motivar la asistencia a clases y que nuestros estudiantes puedan cumplir sus metas en forma satisfactoria.\u201d<\/p>\n<\/div><\/section><\/div><div  style='height:50px' class='hr hr-invisible   avia-builder-el-6  el_after_av_one_full  el_before_av_social_share '><span class='hr-inner ' ><span class='hr-inner-style'><\/span><\/span><\/div><\/p>\n<div  class='av-social-sharing-box  avia-builder-el-7  el_after_av_hr  el_before_av_hr  '><div class='av-share-box'><h5 class='av-share-link-description av-no-toc '>Compartir esta noticia<\/h5><ul class='av-share-box-list noLightbox'><li class='av-share-link av-social-link-facebook' ><a target=\"_blank\" aria-label=\"Compartir en Facebook\" href='https:\/\/www.facebook.com\/sharer.php?u=https:\/\/radiorevelacionfm.cl\/?p=44614&#038;t=Destacando%20la%20importancia%20de%20asistir%20a%20clases%20autoridades%20dieron%20inicio%20al%20segundo%20semestre%20del%20a%C3%B1o%20escolar%202024' aria-hidden='false' data-av_icon='\ue8f3' data-av_iconfont='entypo-fontello' title='' data-avia-related-tooltip='Compartir en Facebook' rel=\"noopener\"><span class='avia_hidden_link_text'>Compartir en Facebook<\/span><\/a><\/li><li class='av-share-link av-social-link-twitter' ><a target=\"_blank\" aria-label=\"Compartir en Twitter\" href='https:\/\/twitter.com\/share?text=Destacando%20la%20importancia%20de%20asistir%20a%20clases%20autoridades%20dieron%20inicio%20al%20segundo%20semestre%20del%20a%C3%B1o%20escolar%202024&#038;url=https:\/\/radiorevelacionfm.cl\/?p=44614' aria-hidden='false' data-av_icon='\ue8f1' data-av_iconfont='entypo-fontello' title='' data-avia-related-tooltip='Compartir en Twitter' rel=\"noopener\"><span class='avia_hidden_link_text'>Compartir en Twitter<\/span><\/a><\/li><li class='av-share-link av-social-link-whatsapp' ><a target=\"_blank\" aria-label=\"Compartir en Whatsapp\" href='https:\/\/api.whatsapp.com\/send?text=https:\/\/radiorevelacionfm.cl\/?p=44614' aria-hidden='false' data-av_icon='\uf232' data-av_iconfont='entypo-fontello' title='' data-avia-related-tooltip='Compartir en Whatsapp' rel=\"noopener\"><span class='avia_hidden_link_text'>Compartir en Whatsapp<\/span><\/a><\/li><li class='av-share-link av-social-link-linkedin' ><a target=\"_blank\" aria-label=\"Compartir en LinkedIn\" href='https:\/\/linkedin.com\/shareArticle?mini=true&#038;title=Destacando%20la%20importancia%20de%20asistir%20a%20clases%20autoridades%20dieron%20inicio%20al%20segundo%20semestre%20del%20a%C3%B1o%20escolar%202024&#038;url=https:\/\/radiorevelacionfm.cl\/?p=44614' aria-hidden='false' data-av_icon='\ue8fc' data-av_iconfont='entypo-fontello' title='' data-avia-related-tooltip='Compartir en LinkedIn' rel=\"noopener\"><span class='avia_hidden_link_text'>Compartir en LinkedIn<\/span><\/a><\/li><li class='av-share-link av-social-link-mail' ><a  aria-label=\"Compartir por correo\" href='mailto:?subject=Destacando%20la%20importancia%20de%20asistir%20a%20clases%20autoridades%20dieron%20inicio%20al%20segundo%20semestre%20del%20a%C3%B1o%20escolar%202024&#038;body=https:\/\/radiorevelacionfm.cl\/?p=44614' aria-hidden='false' data-av_icon='\ue805' data-av_iconfont='entypo-fontello' title='' data-avia-related-tooltip='Compartir por correo'><span class='avia_hidden_link_text'>Compartir por correo<\/span><\/a><\/li><\/ul><\/div><\/div>\n<div  style='height:50px' class='hr hr-invisible   avia-builder-el-8  el_after_av_social_share  el_before_av_comments_list '><span class='hr-inner ' ><span class='hr-inner-style'><\/span><\/span><\/div>\n<div  class='av-buildercomment  av-blog-meta-html-info-disabled av-blog-meta-tag-disabled  '><\/div>\n","protected":false},"excerpt":{"rendered":"","protected":false},"author":1,"featured_media":44615,"comment_status":"open","ping_status":"open","sticky":false,"template":"","format":"standard","meta":{"footnotes":""},"categories":[49],"tags":[],"class_list":["post-44614","post","type-post","status-publish","format-standard","has-post-thumbnail","hentry","category-educacion"],"jetpack_featured_media_url":"https:\/\/radiorevelacionfm.cl\/wp-content\/uploads\/2024\/07\/bb225e71-cde4-49e9-b3c5-20365dd219c0-1_optimized.jpeg","_links":{"self":[{"href":"https:\/\/radiorevelacionfm.cl\/index.php?rest_route=\/wp\/v2\/posts\/44614","targetHints":{"allow":["GET"]}}],"collection":[{"href":"https:\/\/radiorevelacionfm.cl\/index.php?rest_route=\/wp\/v2\/posts"}],"about":[{"href":"https:\/\/radiorevelacionfm.cl\/index.php?rest_route=\/wp\/v2\/types\/post"}],"author":[{"embeddable":true,"href":"https:\/\/radiorevelacionfm.cl\/index.php?rest_route=\/wp\/v2\/users\/1"}],"replies":[{"embeddable":true,"href":"https:\/\/radiorevelacionfm.cl\/index.php?rest_route=%2Fwp%2Fv2%2Fcomments&post=44614"}],"version-history":[{"count":1,"href":"https:\/\/radiorevelacionfm.cl\/index.php?rest_route=\/wp\/v2\/posts\/44614\/revisions"}],"predecessor-version":[{"id":44616,"href":"https:\/\/radiorevelacionfm.cl\/index.php?rest_route=\/wp\/v2\/posts\/44614\/revisions\/44616"}],"wp:featuredmedia":[{"embeddable":true,"href":"https:\/\/radiorevelacionfm.cl\/index.php?rest_route=\/wp\/v2\/media\/44615"}],"wp:attachment":[{"href":"https:\/\/radiorevelacionfm.cl\/index.php?rest_route=%2Fwp%2Fv2%2Fmedia&parent=44614"}],"wp:term":[{"taxonomy":"category","embeddable":true,"href":"https:\/\/radiorevelacionfm.cl\/index.php?rest_route=%2Fwp%2Fv2%2Fcategories&post=44614"},{"taxonomy":"post_tag","embeddable":true,"href":"https:\/\/radiorevelacionfm.cl\/index.php?rest_route=%2Fwp%2Fv2%2Ftags&post=44614"}],"curies":[{"name":"wp","href":"https:\/\/api.w.org\/{rel}","templated":true}]}}