{"id":44611,"date":"2024-07-30T16:12:05","date_gmt":"2024-07-30T19:12:05","guid":{"rendered":"https:\/\/radiorevelacionfm.cl\/?p=44611"},"modified":"2024-07-30T16:12:05","modified_gmt":"2024-07-30T19:12:05","slug":"mas-de-60-personas-emprendedoras-de-la-comuna-de-aysen-inician-talleres-de-capacitacion-con-apoyo-del-fosis","status":"publish","type":"post","link":"https:\/\/radiorevelacionfm.cl\/?p=44611","title":{"rendered":"M\u00e1s de 60 personas emprendedoras de la comuna de Ays\u00e9n inician talleres de capacitaci\u00f3n con apoyo del FOSIS"},"content":{"rendered":"<div class=\"flex_column av_one_full  flex_column_div av-zero-column-padding first  avia-builder-el-0  el_before_av_one_full  avia-builder-el-first  \" style='border-radius:0px; '><div  class='avia-image-container  av-styling-    avia-builder-el-1  avia-builder-el-no-sibling  avia-align-center '  itemprop=\"image\" itemscope=\"itemscope\" itemtype=\"https:\/\/schema.org\/ImageObject\"  ><div class='avia-image-container-inner'><div class='avia-image-overlay-wrap'><img decoding=\"async\" class='wp-image-44612 avia-img-lazy-loading-not-44612 avia_image' src=\"https:\/\/radiorevelacionfm.cl\/wp-content\/uploads\/2024\/07\/1-79-1-1.jpeg\" alt='' title='1 (79) (1) (1)' height=\"600\" width=\"1068\"  itemprop=\"thumbnailUrl\" srcset=\"https:\/\/radiorevelacionfm.cl\/wp-content\/uploads\/2024\/07\/1-79-1-1.jpeg 1068w, https:\/\/radiorevelacionfm.cl\/wp-content\/uploads\/2024\/07\/1-79-1-1-300x169.jpeg 300w, https:\/\/radiorevelacionfm.cl\/wp-content\/uploads\/2024\/07\/1-79-1-1-1030x579.jpeg 1030w, https:\/\/radiorevelacionfm.cl\/wp-content\/uploads\/2024\/07\/1-79-1-1-768x431.jpeg 768w, https:\/\/radiorevelacionfm.cl\/wp-content\/uploads\/2024\/07\/1-79-1-1-705x396.jpeg 705w, https:\/\/radiorevelacionfm.cl\/wp-content\/uploads\/2024\/07\/1-79-1-1-450x253.jpeg 450w, https:\/\/radiorevelacionfm.cl\/wp-content\/uploads\/2024\/07\/1-79-1-1-600x337.jpeg 600w\" sizes=\"(max-width: 1068px) 100vw, 1068px\" \/><\/div><\/div><\/div><\/div>\n<div class=\"flex_column av_one_full  flex_column_div av-zero-column-padding first  avia-builder-el-2  el_after_av_one_full  el_before_av_one_full  column-top-margin\" style='border-radius:0px; '><section class=\"av_textblock_section \"  itemscope=\"itemscope\" itemtype=\"https:\/\/schema.org\/BlogPosting\" itemprop=\"blogPost\" ><div class='avia_textblock  '   itemprop=\"text\" ><p style=\"text-align: center;\"><strong><span style=\"font-size: 18pt;\">M\u00e1s de 60 personas emprendedoras de la comuna de Ays\u00e9n inician talleres de capacitaci\u00f3n con apoyo del FOSIS<\/span><\/strong><\/p>\n<div id=\"gtx-trans\" style=\"position: absolute; left: -50px; top: 4.31534px;\">\n<div class=\"gtx-trans-icon\"><\/div>\n<\/div>\n<\/div><\/section><\/div>\n<div class=\"flex_column av_one_full  flex_column_div av-zero-column-padding first  avia-builder-el-4  el_after_av_one_full  el_before_av_hr  column-top-margin\" style='border-radius:0px; '><section class=\"av_textblock_section \"  itemscope=\"itemscope\" itemtype=\"https:\/\/schema.org\/BlogPosting\" itemprop=\"blogPost\" ><div class='avia_textblock  '   itemprop=\"text\" ><p style=\"text-align: justify;\"><em>Los programas Emprendamos Avanzado y Emprendamos Semilla para familias del Subsistema de Seguridades y Oportunidades, buscan aumentar la generaci\u00f3n de ingresos a trav\u00e9s de la capacitaci\u00f3n, asesor\u00eda t\u00e9cnica y financiamiento.<\/em><\/p>\n<p style=\"text-align: justify;\"><em>La iniciativa permitir\u00e1 el desarrollo de negocios en Puerto Ays\u00e9n, Puerto Chacabuco, Villa Ma\u00f1ihuales y Puerto Aguirre.<\/em><\/p>\n<p style=\"text-align: justify;\">Hasta Puerto Ays\u00e9n lleg\u00f3 la Directora Regional del FOSIS, Fernanda Leiva, quien acompa\u00f1ada del representante de la Delegaci\u00f3n Presidencial Provincial de Ays\u00e9n, Julio Rossel, dieron la bienvenida a las personas emprendedoras que inician sus talleres de capacitaci\u00f3n en los programas de generaci\u00f3n de ingresos, financiados por el Fondo de Solidaridad e Inversi\u00f3n Social, FOSIS y ejecutados con apoyo de Nativo Consultores.<\/p>\n<p style=\"text-align: justify;\">Los sesenta y cinco usuarios y usuarias seleccionadas de Puerto Ays\u00e9n, Puerto Chacabuco, Villa Ma\u00f1ihuales y Puerto Aguirre para los programas Emprendamos Avanzado y Emprendamos Semilla para familias del Subsistema de Seguridades y Oportunidades; confirmaron su voluntad de participar en todas las etapas comprendidas por los proyectos que les entregar\u00e1n capacitaciones, asesor\u00edas t\u00e9cnicas personalizadas y el financiamiento de un plan de negocios.<\/p>\n<p style=\"text-align: justify;\">Francisca Cabello, usuaria del programa Emprendamos Avanzado, destac\u00f3 que \u201cparticip\u00e9 en la primera etapa donde nos ayudaron con el tema de la administraci\u00f3n, c\u00f3mo guiar el emprendimiento, obtener financiamiento y gestionarlo. Ahora vamos por la segunda etapa del proyecto, donde quiero seguir avanzando con la administraci\u00f3n del negocio, sacar a flote mi emprendimiento con un local f\u00edsico o tiendita, iniciar actividades y seguir creciendo\u201d.<\/p>\n<p style=\"text-align: justify;\">La Directora Regional del FOSIS Ays\u00e9n, Fernanda Leiva, recalc\u00f3 la importancia de poder entregar herramientas y apoyar a quienes ven en el emprendimiento una oportunidad de desarrollo y sustento. \u201cDimos la bienvenida a emprendedores y emprendedoras que est\u00e1n iniciando su proceso de formaci\u00f3n y a la ejecuci\u00f3n de estos programas que buscan aumentar los ingresos y generar mayor autonom\u00eda econ\u00f3mica para personas emprendedoras de la comuna de Ays\u00e9n, con el fin de mejorar su calidad de vida\u201d.<\/p>\n<p style=\"text-align: justify;\">Evelyn Vallejos, usuaria del programa Emprendamos Semilla para familias del Subsistema de Seguridades y Oportunidades, coment\u00f3 sus expectativas de participaci\u00f3n. \u201cMe he capacitado en algunas cosas, estuve trabajando en peluquer\u00eda, as\u00ed que igual tengo conocimiento del tema, estoy contenta con poder ser parte de este proyecto. Me va a ayudar mucho a futuro. Estoy feliz porque qued\u00e9 seleccionada en este programa y me gustar\u00eda irme capacitando m\u00e1s para poder tener un local\u201d.<\/p>\n<p style=\"text-align: justify;\">El representante de la Delegaci\u00f3n Presidencial Provincial de Ays\u00e9n, Julio Rossel, manifest\u00f3 que \u201cagradecemos que se den estas instancias que permitan a la poblaci\u00f3n que est\u00e1n buscando desde el emprendimiento mejorar sus condiciones de vida e insertarse en la econom\u00eda de la localidad. Es un tremendo empuje y empe\u00f1o que el estado hace a trav\u00e9s de estos programas, que nos gustar\u00eda l\u00f3gicamente que tengan un mayor aporte y apoyo de recursos del Gobierno Regional\u201d.<\/p>\n<p style=\"text-align: justify;\">Los programas Emprendamos Semilla y Avanzado entregan apoyo para iniciar y consolidar un negocio independiente que permita generar o aumentar ingresos y est\u00e1n dirigidos a quienes tienen una idea de negocio y a quienes ya tienen un emprendimiento en funcionamiento y buscan fortalecerlo.<\/p>\n<\/div><\/section><\/div>\n<div  style='height:50px' class='hr hr-invisible   avia-builder-el-6  el_after_av_one_full  el_before_av_social_share '><span class='hr-inner ' ><span class='hr-inner-style'><\/span><\/span><\/div>\n<div  class='av-social-sharing-box  avia-builder-el-7  el_after_av_hr  el_before_av_hr  '><div class='av-share-box'><h5 class='av-share-link-description av-no-toc '>Compartir esta noticia<\/h5><ul class='av-share-box-list noLightbox'><li class='av-share-link av-social-link-facebook' ><a target=\"_blank\" aria-label=\"Compartir en Facebook\" href='https:\/\/www.facebook.com\/sharer.php?u=https:\/\/radiorevelacionfm.cl\/?p=44611&#038;t=M%C3%A1s%20de%2060%20personas%20emprendedoras%20de%20la%20comuna%20de%20Ays%C3%A9n%20inician%20talleres%20de%20capacitaci%C3%B3n%20con%20apoyo%20del%20FOSIS' aria-hidden='false' data-av_icon='\ue8f3' data-av_iconfont='entypo-fontello' title='' data-avia-related-tooltip='Compartir en Facebook' rel=\"noopener\"><span class='avia_hidden_link_text'>Compartir en Facebook<\/span><\/a><\/li><li class='av-share-link av-social-link-twitter' ><a target=\"_blank\" aria-label=\"Compartir en Twitter\" href='https:\/\/twitter.com\/share?text=M%C3%A1s%20de%2060%20personas%20emprendedoras%20de%20la%20comuna%20de%20Ays%C3%A9n%20inician%20talleres%20de%20capacitaci%C3%B3n%20con%20apoyo%20del%20FOSIS&#038;url=https:\/\/radiorevelacionfm.cl\/?p=44611' aria-hidden='false' data-av_icon='\ue8f1' data-av_iconfont='entypo-fontello' title='' data-avia-related-tooltip='Compartir en Twitter' rel=\"noopener\"><span class='avia_hidden_link_text'>Compartir en Twitter<\/span><\/a><\/li><li class='av-share-link av-social-link-whatsapp' ><a target=\"_blank\" aria-label=\"Compartir en Whatsapp\" href='https:\/\/api.whatsapp.com\/send?text=https:\/\/radiorevelacionfm.cl\/?p=44611' aria-hidden='false' data-av_icon='\uf232' data-av_iconfont='entypo-fontello' title='' data-avia-related-tooltip='Compartir en Whatsapp' rel=\"noopener\"><span class='avia_hidden_link_text'>Compartir en Whatsapp<\/span><\/a><\/li><li class='av-share-link av-social-link-linkedin' ><a target=\"_blank\" aria-label=\"Compartir en LinkedIn\" href='https:\/\/linkedin.com\/shareArticle?mini=true&#038;title=M%C3%A1s%20de%2060%20personas%20emprendedoras%20de%20la%20comuna%20de%20Ays%C3%A9n%20inician%20talleres%20de%20capacitaci%C3%B3n%20con%20apoyo%20del%20FOSIS&#038;url=https:\/\/radiorevelacionfm.cl\/?p=44611' aria-hidden='false' data-av_icon='\ue8fc' data-av_iconfont='entypo-fontello' title='' data-avia-related-tooltip='Compartir en LinkedIn' rel=\"noopener\"><span class='avia_hidden_link_text'>Compartir en LinkedIn<\/span><\/a><\/li><li class='av-share-link av-social-link-mail' ><a  aria-label=\"Compartir por correo\" href='mailto:?subject=M%C3%A1s%20de%2060%20personas%20emprendedoras%20de%20la%20comuna%20de%20Ays%C3%A9n%20inician%20talleres%20de%20capacitaci%C3%B3n%20con%20apoyo%20del%20FOSIS&#038;body=https:\/\/radiorevelacionfm.cl\/?p=44611' aria-hidden='false' data-av_icon='\ue805' data-av_iconfont='entypo-fontello' title='' data-avia-related-tooltip='Compartir por correo'><span class='avia_hidden_link_text'>Compartir por correo<\/span><\/a><\/li><\/ul><\/div><\/div>\n<div  style='height:50px' class='hr hr-invisible   avia-builder-el-8  el_after_av_social_share  el_before_av_comments_list '><span class='hr-inner ' ><span class='hr-inner-style'><\/span><\/span><\/div>\n<div  class='av-buildercomment  av-blog-meta-html-info-disabled av-blog-meta-tag-disabled  '><\/div>\n<div class=\"flex_column av_two_third  flex_column_div av-zero-column-padding first  \" style='border-radius:0px; '><\/div>\n","protected":false},"excerpt":{"rendered":"","protected":false},"author":1,"featured_media":44612,"comment_status":"open","ping_status":"open","sticky":false,"template":"","format":"standard","meta":{"footnotes":""},"categories":[38],"tags":[],"class_list":["post-44611","post","type-post","status-publish","format-standard","has-post-thumbnail","hentry","category-regional"],"jetpack_featured_media_url":"https:\/\/radiorevelacionfm.cl\/wp-content\/uploads\/2024\/07\/1-79-1-1.jpeg","_links":{"self":[{"href":"https:\/\/radiorevelacionfm.cl\/index.php?rest_route=\/wp\/v2\/posts\/44611","targetHints":{"allow":["GET"]}}],"collection":[{"href":"https:\/\/radiorevelacionfm.cl\/index.php?rest_route=\/wp\/v2\/posts"}],"about":[{"href":"https:\/\/radiorevelacionfm.cl\/index.php?rest_route=\/wp\/v2\/types\/post"}],"author":[{"embeddable":true,"href":"https:\/\/radiorevelacionfm.cl\/index.php?rest_route=\/wp\/v2\/users\/1"}],"replies":[{"embeddable":true,"href":"https:\/\/radiorevelacionfm.cl\/index.php?rest_route=%2Fwp%2Fv2%2Fcomments&post=44611"}],"version-history":[{"count":2,"href":"https:\/\/radiorevelacionfm.cl\/index.php?rest_route=\/wp\/v2\/posts\/44611\/revisions"}],"predecessor-version":[{"id":44618,"href":"https:\/\/radiorevelacionfm.cl\/index.php?rest_route=\/wp\/v2\/posts\/44611\/revisions\/44618"}],"wp:featuredmedia":[{"embeddable":true,"href":"https:\/\/radiorevelacionfm.cl\/index.php?rest_route=\/wp\/v2\/media\/44612"}],"wp:attachment":[{"href":"https:\/\/radiorevelacionfm.cl\/index.php?rest_route=%2Fwp%2Fv2%2Fmedia&parent=44611"}],"wp:term":[{"taxonomy":"category","embeddable":true,"href":"https:\/\/radiorevelacionfm.cl\/index.php?rest_route=%2Fwp%2Fv2%2Fcategories&post=44611"},{"taxonomy":"post_tag","embeddable":true,"href":"https:\/\/radiorevelacionfm.cl\/index.php?rest_route=%2Fwp%2Fv2%2Ftags&post=44611"}],"curies":[{"name":"wp","href":"https:\/\/api.w.org\/{rel}","templated":true}]}}