{"id":44608,"date":"2024-07-30T11:50:37","date_gmt":"2024-07-30T14:50:37","guid":{"rendered":"https:\/\/radiorevelacionfm.cl\/?p=44608"},"modified":"2024-07-30T11:50:37","modified_gmt":"2024-07-30T14:50:37","slug":"inauguran-recinto-de-la-anhelada-veterinaria-comunitaria-en-coyhaique","status":"publish","type":"post","link":"https:\/\/radiorevelacionfm.cl\/?p=44608","title":{"rendered":"Inauguran recinto de la anhelada Veterinaria Comunitaria en Coyhaique"},"content":{"rendered":"<div class=\"flex_column av_one_full  flex_column_div av-zero-column-padding first  avia-builder-el-0  el_before_av_one_full  avia-builder-el-first  \" style='border-radius:0px; '><div  class='avia-image-container  av-styling-    avia-builder-el-1  avia-builder-el-no-sibling  avia-align-center '  itemprop=\"image\" itemscope=\"itemscope\" itemtype=\"https:\/\/schema.org\/ImageObject\"  ><div class='avia-image-container-inner'><div class='avia-image-overlay-wrap'><img decoding=\"async\" class='wp-image-44609 avia-img-lazy-loading-not-44609 avia_image' src=\"https:\/\/radiorevelacionfm.cl\/wp-content\/uploads\/2024\/07\/Inauguracion-Vet-Comunitaria-1-1.jpeg\" alt='' title='Inauguraci\u00f3n Vet Comunitaria (1) (1)' height=\"600\" width=\"1047\"  itemprop=\"thumbnailUrl\" srcset=\"https:\/\/radiorevelacionfm.cl\/wp-content\/uploads\/2024\/07\/Inauguracion-Vet-Comunitaria-1-1.jpeg 1047w, https:\/\/radiorevelacionfm.cl\/wp-content\/uploads\/2024\/07\/Inauguracion-Vet-Comunitaria-1-1-300x172.jpeg 300w, https:\/\/radiorevelacionfm.cl\/wp-content\/uploads\/2024\/07\/Inauguracion-Vet-Comunitaria-1-1-1030x590.jpeg 1030w, https:\/\/radiorevelacionfm.cl\/wp-content\/uploads\/2024\/07\/Inauguracion-Vet-Comunitaria-1-1-768x440.jpeg 768w, https:\/\/radiorevelacionfm.cl\/wp-content\/uploads\/2024\/07\/Inauguracion-Vet-Comunitaria-1-1-705x404.jpeg 705w, https:\/\/radiorevelacionfm.cl\/wp-content\/uploads\/2024\/07\/Inauguracion-Vet-Comunitaria-1-1-450x258.jpeg 450w, https:\/\/radiorevelacionfm.cl\/wp-content\/uploads\/2024\/07\/Inauguracion-Vet-Comunitaria-1-1-600x344.jpeg 600w\" sizes=\"(max-width: 1047px) 100vw, 1047px\" \/><\/div><\/div><\/div><\/div><div class=\"flex_column av_one_full  flex_column_div av-zero-column-padding first  avia-builder-el-2  el_after_av_one_full  el_before_av_one_full  column-top-margin\" style='border-radius:0px; '><section class=\"av_textblock_section \"  itemscope=\"itemscope\" itemtype=\"https:\/\/schema.org\/BlogPosting\" itemprop=\"blogPost\" ><div class='avia_textblock  '   itemprop=\"text\" ><p style=\"text-align: center;\"><strong><span style=\"font-size: 18pt;\">Inauguran recinto de la anhelada Veterinaria Comunitaria en Coyhaique<\/span><\/strong><\/p>\n<div id=\"gtx-trans\" style=\"position: absolute; left: -50px; top: 4.31534px;\">\n<div class=\"gtx-trans-icon\"><\/div>\n<\/div>\n<\/div><\/section><\/div><div class=\"flex_column av_one_full  flex_column_div av-zero-column-padding first  avia-builder-el-4  el_after_av_one_full  el_before_av_hr  column-top-margin\" style='border-radius:0px; '><section class=\"av_textblock_section \"  itemscope=\"itemscope\" itemtype=\"https:\/\/schema.org\/BlogPosting\" itemprop=\"blogPost\" ><div class='avia_textblock  '   itemprop=\"text\" ><p style=\"text-align: justify;\"><em>Las dependencias ya se encuentran abiertas a la comunidad en calle Magallanes #109, el ex terminal de buses de la comuna.<\/em><\/p>\n<p style=\"text-align: justify;\">Con la presencia de dirigentes sociales, representantes de organizaciones animalistas, autoridades regionales y locales, adem\u00e1s del equipo que se desempe\u00f1ar\u00e1 en el recinto, el alcalde de Coyhaique, Carlos Gatica, dio el vamos oficialmente a la Veterinaria Comunitaria, un proyecto, que afirm\u00f3 ha sido parte de los compromisos de esta administraci\u00f3n con la comunidad y que viene a otorgar prestaciones que ir\u00e1n en directo beneficio de miles de familias de la comuna, la tenencia responsable de mascotas y tambi\u00e9n a los diversos programas que han desarrollado junto a organizaciones animalistas.<\/p>\n<p style=\"text-align: justify;\">A trav\u00e9s de la Veterinaria Comunitaria, la ciudadan\u00eda podr\u00e1 acceder a atenciones de calidad a bajo costo y que ser\u00e1 otorgada por un equipo de profesionales. Entre los servicios que se est\u00e1n entregando desde ya a la comunidad, se encuentran las esterilizaciones y castraciones para caninos y felinos de manera gratuita mediante cupos limitados. Este centro m\u00e9dico veterinario cuenta tambi\u00e9n con la capacidad para realizar procedimientos bajo sedaci\u00f3n, ambulatorios, bajo anestesia general, cirug\u00edas de mediana complejidad y de alta complejidad.<\/p>\n<p style=\"text-align: justify;\">Tras la inauguraci\u00f3n, el alcalde de Coyhaique, Carlos Gatica Villegas, manifest\u00f3 que \u201cestamos contentos, porque abrazamos el bienestar animal y nos hacemos responsable de la tenencia de mascotas, adem\u00e1s ratificamos este compromiso con la comunidad. Esto trae consigo que se lleven a cabo, esterilizaciones gratuitas para toda la poblaci\u00f3n felina y canina de nuestra ciudad, van a haber horas m\u00e9dicas para atenciones generales de las mascotas, cirug\u00edas,\u00a0 microchipeos, desparasitaci\u00f3n de tiempo completo, entre otras prestaciones\u201d.<\/p>\n<p style=\"text-align: justify;\">\u201cHacemos el llamado a nuestros vecinos a estar inform\u00e1ndose a trav\u00e9s de los canales de nuestro municipio para tomar las horas de esterilizaci\u00f3n, cirug\u00edas y atenciones m\u00e9dicas para sus mascotas. Esto es un gran esfuerzo que hemos hecho a trav\u00e9s de la Ley de Casinos, logrando invertir este gran fondo, por ende, agradecemos tambi\u00e9n en esa l\u00ednea a nuestro Concejo Municipal por la aprobaci\u00f3n de estos recursos, siendo la primera etapa\u201d, agreg\u00f3.<\/p>\n<p style=\"text-align: justify;\">\u201cEn tanto, la segunda etapa, ser\u00e1 llevada a cabo gracias al Fondo Regional de Iniciativas Locales del Gobierno Regional, ah\u00ed proyectamos lo que ser\u00e1 la ampliaci\u00f3n de un segundo pabell\u00f3n quir\u00fargico y box de atenciones, que nos permitir\u00e1 abarcar una mayor poblaci\u00f3n. Estamos muy contentos, ha sido un sue\u00f1o tambi\u00e9n de nuestros vecinos y viene a dar una soluci\u00f3n concreta a una problem\u00e1tica que viene d\u00e1ndose hace mucho tiempo, y ya no seremos indiferentes a ello, lo asumimos con mucha responsabilidad\u201d, enfatiz\u00f3 la autoridad comunal.<\/p>\n<p style=\"text-align: justify;\">Las solicitudes de hora m\u00e9dica se realizar\u00e1n todos los viernes a partir de las 08:30 horas con cupos limitados, siendo este el d\u00eda de trabajo administrativo del equipo, lo que permitir\u00e1 programar las atenciones m\u00e9dicas y cirug\u00edas que correspondan de lunes a jueves.<\/p>\n<\/div><\/section><\/div><div  style='height:50px' class='hr hr-invisible   avia-builder-el-6  el_after_av_one_full  el_before_av_social_share '><span class='hr-inner ' ><span class='hr-inner-style'><\/span><\/span><\/div><\/p>\n<div  class='av-social-sharing-box  avia-builder-el-7  el_after_av_hr  el_before_av_hr  '><div class='av-share-box'><h5 class='av-share-link-description av-no-toc '>Compartir esta noticia<\/h5><ul class='av-share-box-list noLightbox'><li class='av-share-link av-social-link-facebook' ><a target=\"_blank\" aria-label=\"Compartir en Facebook\" href='https:\/\/www.facebook.com\/sharer.php?u=https:\/\/radiorevelacionfm.cl\/?p=44608&#038;t=Inauguran%20recinto%20de%20la%20anhelada%20Veterinaria%20Comunitaria%20en%20Coyhaique' aria-hidden='false' data-av_icon='\ue8f3' data-av_iconfont='entypo-fontello' title='' data-avia-related-tooltip='Compartir en Facebook' rel=\"noopener\"><span class='avia_hidden_link_text'>Compartir en Facebook<\/span><\/a><\/li><li class='av-share-link av-social-link-twitter' ><a target=\"_blank\" aria-label=\"Compartir en Twitter\" href='https:\/\/twitter.com\/share?text=Inauguran%20recinto%20de%20la%20anhelada%20Veterinaria%20Comunitaria%20en%20Coyhaique&#038;url=https:\/\/radiorevelacionfm.cl\/?p=44608' aria-hidden='false' data-av_icon='\ue8f1' data-av_iconfont='entypo-fontello' title='' data-avia-related-tooltip='Compartir en Twitter' rel=\"noopener\"><span class='avia_hidden_link_text'>Compartir en Twitter<\/span><\/a><\/li><li class='av-share-link av-social-link-whatsapp' ><a target=\"_blank\" aria-label=\"Compartir en Whatsapp\" href='https:\/\/api.whatsapp.com\/send?text=https:\/\/radiorevelacionfm.cl\/?p=44608' aria-hidden='false' data-av_icon='\uf232' data-av_iconfont='entypo-fontello' title='' data-avia-related-tooltip='Compartir en Whatsapp' rel=\"noopener\"><span class='avia_hidden_link_text'>Compartir en Whatsapp<\/span><\/a><\/li><li class='av-share-link av-social-link-linkedin' ><a target=\"_blank\" aria-label=\"Compartir en LinkedIn\" href='https:\/\/linkedin.com\/shareArticle?mini=true&#038;title=Inauguran%20recinto%20de%20la%20anhelada%20Veterinaria%20Comunitaria%20en%20Coyhaique&#038;url=https:\/\/radiorevelacionfm.cl\/?p=44608' aria-hidden='false' data-av_icon='\ue8fc' data-av_iconfont='entypo-fontello' title='' data-avia-related-tooltip='Compartir en LinkedIn' rel=\"noopener\"><span class='avia_hidden_link_text'>Compartir en LinkedIn<\/span><\/a><\/li><li class='av-share-link av-social-link-mail' ><a  aria-label=\"Compartir por correo\" href='mailto:?subject=Inauguran%20recinto%20de%20la%20anhelada%20Veterinaria%20Comunitaria%20en%20Coyhaique&#038;body=https:\/\/radiorevelacionfm.cl\/?p=44608' aria-hidden='false' data-av_icon='\ue805' data-av_iconfont='entypo-fontello' title='' data-avia-related-tooltip='Compartir por correo'><span class='avia_hidden_link_text'>Compartir por correo<\/span><\/a><\/li><\/ul><\/div><\/div>\n<div  style='height:50px' class='hr hr-invisible   avia-builder-el-8  el_after_av_social_share  el_before_av_comments_list '><span class='hr-inner ' ><span class='hr-inner-style'><\/span><\/span><\/div>\n<div  class='av-buildercomment  av-blog-meta-html-info-disabled av-blog-meta-tag-disabled  '><\/div>\n","protected":false},"excerpt":{"rendered":"","protected":false},"author":1,"featured_media":44609,"comment_status":"open","ping_status":"open","sticky":false,"template":"","format":"standard","meta":{"footnotes":""},"categories":[38],"tags":[],"class_list":["post-44608","post","type-post","status-publish","format-standard","has-post-thumbnail","hentry","category-regional"],"jetpack_featured_media_url":"https:\/\/radiorevelacionfm.cl\/wp-content\/uploads\/2024\/07\/Inauguracion-Vet-Comunitaria-1-1.jpeg","_links":{"self":[{"href":"https:\/\/radiorevelacionfm.cl\/index.php?rest_route=\/wp\/v2\/posts\/44608","targetHints":{"allow":["GET"]}}],"collection":[{"href":"https:\/\/radiorevelacionfm.cl\/index.php?rest_route=\/wp\/v2\/posts"}],"about":[{"href":"https:\/\/radiorevelacionfm.cl\/index.php?rest_route=\/wp\/v2\/types\/post"}],"author":[{"embeddable":true,"href":"https:\/\/radiorevelacionfm.cl\/index.php?rest_route=\/wp\/v2\/users\/1"}],"replies":[{"embeddable":true,"href":"https:\/\/radiorevelacionfm.cl\/index.php?rest_route=%2Fwp%2Fv2%2Fcomments&post=44608"}],"version-history":[{"count":1,"href":"https:\/\/radiorevelacionfm.cl\/index.php?rest_route=\/wp\/v2\/posts\/44608\/revisions"}],"predecessor-version":[{"id":44610,"href":"https:\/\/radiorevelacionfm.cl\/index.php?rest_route=\/wp\/v2\/posts\/44608\/revisions\/44610"}],"wp:featuredmedia":[{"embeddable":true,"href":"https:\/\/radiorevelacionfm.cl\/index.php?rest_route=\/wp\/v2\/media\/44609"}],"wp:attachment":[{"href":"https:\/\/radiorevelacionfm.cl\/index.php?rest_route=%2Fwp%2Fv2%2Fmedia&parent=44608"}],"wp:term":[{"taxonomy":"category","embeddable":true,"href":"https:\/\/radiorevelacionfm.cl\/index.php?rest_route=%2Fwp%2Fv2%2Fcategories&post=44608"},{"taxonomy":"post_tag","embeddable":true,"href":"https:\/\/radiorevelacionfm.cl\/index.php?rest_route=%2Fwp%2Fv2%2Ftags&post=44608"}],"curies":[{"name":"wp","href":"https:\/\/api.w.org\/{rel}","templated":true}]}}