{"id":44601,"date":"2024-07-29T21:18:28","date_gmt":"2024-07-30T00:18:28","guid":{"rendered":"https:\/\/radiorevelacionfm.cl\/?p=44601"},"modified":"2024-07-29T21:18:28","modified_gmt":"2024-07-30T00:18:28","slug":"empresas-bahamonde-celebra-junto-a-sus-trabajadores-el-dia-nacional-del-recolector-de-residuos-domiciliarios-en-puerto-aysen","status":"publish","type":"post","link":"https:\/\/radiorevelacionfm.cl\/?p=44601","title":{"rendered":"Empresas Bahamonde celebra junto a sus trabajadores el D\u00eda Nacional del Recolector de Residuos Domiciliarios en Puerto Ays\u00e9n"},"content":{"rendered":"<div class=\"flex_column av_one_full  flex_column_div av-zero-column-padding first  avia-builder-el-0  el_before_av_one_full  avia-builder-el-first  \" style='border-radius:0px; '><div  class='avia-image-container  av-styling-    avia-builder-el-1  avia-builder-el-no-sibling  avia-align-center '  itemprop=\"image\" itemscope=\"itemscope\" itemtype=\"https:\/\/schema.org\/ImageObject\"  ><div class='avia-image-container-inner'><div class='avia-image-overlay-wrap'><img decoding=\"async\" class='wp-image-44602 avia-img-lazy-loading-not-44602 avia_image' src=\"https:\/\/radiorevelacionfm.cl\/wp-content\/uploads\/2024\/07\/diadelrecolector-bahamonde3-1_optimized.jpeg\" alt='' title='diadelrecolector-bahamonde3-(1)_optimized' height=\"600\" width=\"1066\"  itemprop=\"thumbnailUrl\" srcset=\"https:\/\/radiorevelacionfm.cl\/wp-content\/uploads\/2024\/07\/diadelrecolector-bahamonde3-1_optimized.jpeg 1066w, https:\/\/radiorevelacionfm.cl\/wp-content\/uploads\/2024\/07\/diadelrecolector-bahamonde3-1_optimized-300x169.jpeg 300w, https:\/\/radiorevelacionfm.cl\/wp-content\/uploads\/2024\/07\/diadelrecolector-bahamonde3-1_optimized-1030x580.jpeg 1030w, https:\/\/radiorevelacionfm.cl\/wp-content\/uploads\/2024\/07\/diadelrecolector-bahamonde3-1_optimized-768x432.jpeg 768w, https:\/\/radiorevelacionfm.cl\/wp-content\/uploads\/2024\/07\/diadelrecolector-bahamonde3-1_optimized-705x397.jpeg 705w, https:\/\/radiorevelacionfm.cl\/wp-content\/uploads\/2024\/07\/diadelrecolector-bahamonde3-1_optimized-450x253.jpeg 450w, https:\/\/radiorevelacionfm.cl\/wp-content\/uploads\/2024\/07\/diadelrecolector-bahamonde3-1_optimized-600x338.jpeg 600w\" sizes=\"(max-width: 1066px) 100vw, 1066px\" \/><\/div><\/div><\/div><\/div><div class=\"flex_column av_one_full  flex_column_div av-zero-column-padding first  avia-builder-el-2  el_after_av_one_full  el_before_av_one_full  column-top-margin\" style='border-radius:0px; '><section class=\"av_textblock_section \"  itemscope=\"itemscope\" itemtype=\"https:\/\/schema.org\/BlogPosting\" itemprop=\"blogPost\" ><div class='avia_textblock  '   itemprop=\"text\" ><p style=\"text-align: center;\"><strong><span style=\"font-size: 18pt;\">Empresas Bahamonde celebra junto a sus trabajadores el D\u00eda Nacional del Recolector de Residuos Domiciliarios en Puerto Ays\u00e9n<\/span><\/strong><\/p>\n<div id=\"gtx-trans\" style=\"position: absolute; left: -50px; top: 4.31534px;\">\n<div class=\"gtx-trans-icon\"><\/div>\n<\/div>\n<\/div><\/section><\/div><div class=\"flex_column av_one_full  flex_column_div av-zero-column-padding first  avia-builder-el-4  el_after_av_one_full  el_before_av_hr  column-top-margin\" style='border-radius:0px; '><section class=\"av_textblock_section \"  itemscope=\"itemscope\" itemtype=\"https:\/\/schema.org\/BlogPosting\" itemprop=\"blogPost\" ><div class='avia_textblock  '   itemprop=\"text\" ><p style=\"text-align: justify;\"><em>La empresa aysenina ha generado, adem\u00e1s una ardua campa\u00f1a de sensibilizaci\u00f3n denominada #LosGuardianesdeAysen en redes sociales.<\/em><\/p>\n<p style=\"text-align: justify;\">Cada 29 de julio se conmemora en Chile el D\u00eda Nacional del Recolector y Recolectora de Residuos Domiciliarios, una fecha establecida en 2022 tras la promulgaci\u00f3n de la Ley N\u00ba 21.429. La celebraci\u00f3n busca realzar el trabajo de quienes desempe\u00f1an esta crucial labor y a su vez, sensibilizar a la comunidad sobre la importancia de su funci\u00f3n en la primera l\u00ednea de la gesti\u00f3n de residuos s\u00f3lidos. En este contexto, Empresas Bahamonde organiz\u00f3 una convivencia con sus trabajadores, entregando distinciones y est\u00edmulos ante la ardua labor que realizan por mantener el cuidado y protecci\u00f3n del entorno en la comuna porte\u00f1a.<\/p>\n<p style=\"text-align: justify;\">Esto se suma a la acci\u00f3n de sensibilizaci\u00f3n denominada #LosGuardianesdeAysen que busca prevenir accidentes en el desarrollo de sus funciones y que ha sido ampliamente difundida en redes sociales, apelando principalmente, a la responsabilidad individual para disponer adecuadamente de residuos peligrosos como jeringas, vidrio, cenizas y otros materiales. As\u00ed como tambi\u00e9n, recomendaciones para evitar que el personal pueda ver interrumpido su labor debido a autos mal estacionados, jaur\u00edas de perros dom\u00e9sticos o asilvestrados y otras situaciones relevantes.<\/p>\n<p style=\"text-align: justify;\">Al respecto, la encargada de Vinculaci\u00f3n con el Medio de la empresa aysenina, Daniela Garriga Leiva, enfatiz\u00f3 que \u201cEl servicio de recolecci\u00f3n es vital para nuestra comunidad y nuestro personal con mucho esfuerzo y dedicaci\u00f3n efect\u00faa este trabajo a diario. Queremos hacer un llamado a la comunidad a valorar el trabajo que realizan nuestros recolectores, ya que como ciudadanos somos responsables de realizar una correcta disposici\u00f3n de nuestros residuos domiciliarios. Recordemos que la dignidad que le damos a su trabajo es un reflejo de la calidad de nuestra sociedad. Los invitamos a seguir la campa\u00f1a \u00abLos Guardianes de Ays\u00e9n\u00bb en las redes sociales de Empresas Bahamonde\u201d.<\/p>\n<p style=\"text-align: justify;\">Por su parte, Juber Osmin Amaya, quien se desempe\u00f1a como condudor en uno de los camiones de recolecci\u00f3n expres\u00f3 su gratitud, a\u00f1adiendo que \u201cestamos muy agradecidos porque todo el personal administrativo de la empresa nos ha dedicado este d\u00eda. Nosotros estamos atentos para dar un buen servicio a la poblaci\u00f3n aysenina y lo hacemos de todo coraz\u00f3n para que se mantenga la ciudad limpia\u201d.<\/p>\n<p style=\"text-align: justify;\">Finalmente, Alexander Valencia, operario de recolecci\u00f3n se\u00f1al\u00f3 que \u201cprimero, dar muchas gracias al se\u00f1or Alejandro (Bahamonde), igual a la empresa y sus funcionarios que hicieron esto posible para nosotros los trabajadores de recolecci\u00f3n. De mi parte muy agradecido. Me encant\u00f3 y gust\u00f3\u201d sentenci\u00f3 Valencia.<\/p>\n<\/div><\/section><\/div><div  style='height:50px' class='hr hr-invisible   avia-builder-el-6  el_after_av_one_full  el_before_av_social_share '><span class='hr-inner ' ><span class='hr-inner-style'><\/span><\/span><\/div><\/p>\n<div  class='av-social-sharing-box  avia-builder-el-7  el_after_av_hr  el_before_av_hr  '><div class='av-share-box'><h5 class='av-share-link-description av-no-toc '>Compartir esta noticia<\/h5><ul class='av-share-box-list noLightbox'><li class='av-share-link av-social-link-facebook' ><a target=\"_blank\" aria-label=\"Compartir en Facebook\" href='https:\/\/www.facebook.com\/sharer.php?u=https:\/\/radiorevelacionfm.cl\/?p=44601&#038;t=Empresas%20Bahamonde%20celebra%20junto%20a%20sus%20trabajadores%20el%20D%C3%ADa%20Nacional%20del%20Recolector%20de%20Residuos%20Domiciliarios%20en%20Puerto%20Ays%C3%A9n' aria-hidden='false' data-av_icon='\ue8f3' data-av_iconfont='entypo-fontello' title='' data-avia-related-tooltip='Compartir en Facebook' rel=\"noopener\"><span class='avia_hidden_link_text'>Compartir en Facebook<\/span><\/a><\/li><li class='av-share-link av-social-link-twitter' ><a target=\"_blank\" aria-label=\"Compartir en Twitter\" href='https:\/\/twitter.com\/share?text=Empresas%20Bahamonde%20celebra%20junto%20a%20sus%20trabajadores%20el%20D%C3%ADa%20Nacional%20del%20Recolector%20de%20Residuos%20Domiciliarios%20en%20Puerto%20Ays%C3%A9n&#038;url=https:\/\/radiorevelacionfm.cl\/?p=44601' aria-hidden='false' data-av_icon='\ue8f1' data-av_iconfont='entypo-fontello' title='' data-avia-related-tooltip='Compartir en Twitter' rel=\"noopener\"><span class='avia_hidden_link_text'>Compartir en Twitter<\/span><\/a><\/li><li class='av-share-link av-social-link-whatsapp' ><a target=\"_blank\" aria-label=\"Compartir en Whatsapp\" href='https:\/\/api.whatsapp.com\/send?text=https:\/\/radiorevelacionfm.cl\/?p=44601' aria-hidden='false' data-av_icon='\uf232' data-av_iconfont='entypo-fontello' title='' data-avia-related-tooltip='Compartir en Whatsapp' rel=\"noopener\"><span class='avia_hidden_link_text'>Compartir en Whatsapp<\/span><\/a><\/li><li class='av-share-link av-social-link-linkedin' ><a target=\"_blank\" aria-label=\"Compartir en LinkedIn\" href='https:\/\/linkedin.com\/shareArticle?mini=true&#038;title=Empresas%20Bahamonde%20celebra%20junto%20a%20sus%20trabajadores%20el%20D%C3%ADa%20Nacional%20del%20Recolector%20de%20Residuos%20Domiciliarios%20en%20Puerto%20Ays%C3%A9n&#038;url=https:\/\/radiorevelacionfm.cl\/?p=44601' aria-hidden='false' data-av_icon='\ue8fc' data-av_iconfont='entypo-fontello' title='' data-avia-related-tooltip='Compartir en LinkedIn' rel=\"noopener\"><span class='avia_hidden_link_text'>Compartir en LinkedIn<\/span><\/a><\/li><li class='av-share-link av-social-link-mail' ><a  aria-label=\"Compartir por correo\" href='mailto:?subject=Empresas%20Bahamonde%20celebra%20junto%20a%20sus%20trabajadores%20el%20D%C3%ADa%20Nacional%20del%20Recolector%20de%20Residuos%20Domiciliarios%20en%20Puerto%20Ays%C3%A9n&#038;body=https:\/\/radiorevelacionfm.cl\/?p=44601' aria-hidden='false' data-av_icon='\ue805' data-av_iconfont='entypo-fontello' title='' data-avia-related-tooltip='Compartir por correo'><span class='avia_hidden_link_text'>Compartir por correo<\/span><\/a><\/li><\/ul><\/div><\/div>\n<div  style='height:50px' class='hr hr-invisible   avia-builder-el-8  el_after_av_social_share  el_before_av_comments_list '><span class='hr-inner ' ><span class='hr-inner-style'><\/span><\/span><\/div>\n<div  class='av-buildercomment  av-blog-meta-html-info-disabled av-blog-meta-tag-disabled  '><\/div>\n","protected":false},"excerpt":{"rendered":"","protected":false},"author":1,"featured_media":44602,"comment_status":"open","ping_status":"open","sticky":false,"template":"","format":"standard","meta":{"footnotes":""},"categories":[38],"tags":[],"class_list":["post-44601","post","type-post","status-publish","format-standard","has-post-thumbnail","hentry","category-regional"],"jetpack_featured_media_url":"https:\/\/radiorevelacionfm.cl\/wp-content\/uploads\/2024\/07\/diadelrecolector-bahamonde3-1_optimized.jpeg","_links":{"self":[{"href":"https:\/\/radiorevelacionfm.cl\/index.php?rest_route=\/wp\/v2\/posts\/44601","targetHints":{"allow":["GET"]}}],"collection":[{"href":"https:\/\/radiorevelacionfm.cl\/index.php?rest_route=\/wp\/v2\/posts"}],"about":[{"href":"https:\/\/radiorevelacionfm.cl\/index.php?rest_route=\/wp\/v2\/types\/post"}],"author":[{"embeddable":true,"href":"https:\/\/radiorevelacionfm.cl\/index.php?rest_route=\/wp\/v2\/users\/1"}],"replies":[{"embeddable":true,"href":"https:\/\/radiorevelacionfm.cl\/index.php?rest_route=%2Fwp%2Fv2%2Fcomments&post=44601"}],"version-history":[{"count":1,"href":"https:\/\/radiorevelacionfm.cl\/index.php?rest_route=\/wp\/v2\/posts\/44601\/revisions"}],"predecessor-version":[{"id":44603,"href":"https:\/\/radiorevelacionfm.cl\/index.php?rest_route=\/wp\/v2\/posts\/44601\/revisions\/44603"}],"wp:featuredmedia":[{"embeddable":true,"href":"https:\/\/radiorevelacionfm.cl\/index.php?rest_route=\/wp\/v2\/media\/44602"}],"wp:attachment":[{"href":"https:\/\/radiorevelacionfm.cl\/index.php?rest_route=%2Fwp%2Fv2%2Fmedia&parent=44601"}],"wp:term":[{"taxonomy":"category","embeddable":true,"href":"https:\/\/radiorevelacionfm.cl\/index.php?rest_route=%2Fwp%2Fv2%2Fcategories&post=44601"},{"taxonomy":"post_tag","embeddable":true,"href":"https:\/\/radiorevelacionfm.cl\/index.php?rest_route=%2Fwp%2Fv2%2Ftags&post=44601"}],"curies":[{"name":"wp","href":"https:\/\/api.w.org\/{rel}","templated":true}]}}