{"id":4460,"date":"2021-05-24T18:18:43","date_gmt":"2021-05-24T21:18:43","guid":{"rendered":"https:\/\/radiorevelacionfm.cl\/?p=4460"},"modified":"2021-05-24T18:18:43","modified_gmt":"2021-05-24T21:18:43","slug":"pdi-detiene-y-pone-a-disposicion-del-tribunal-a-un-imputado-requerido-por-el-delito-de-estafa","status":"publish","type":"post","link":"https:\/\/radiorevelacionfm.cl\/?p=4460","title":{"rendered":"PDI detiene y pone a disposici\u00f3n del Tribunal a un imputado requerido por el delito de estafa"},"content":{"rendered":"<div class=\"flex_column av_one_full  flex_column_div av-zero-column-padding first  avia-builder-el-0  el_before_av_one_full  avia-builder-el-first  \" style='border-radius:0px; '><div  class='avia-image-container  av-styling-    avia-builder-el-1  avia-builder-el-no-sibling  avia-align-center '  itemprop=\"image\" itemscope=\"itemscope\" itemtype=\"https:\/\/schema.org\/ImageObject\"  ><div class='avia-image-container-inner'><div class='avia-image-overlay-wrap'><img decoding=\"async\" class='wp-image-3192 avia-img-lazy-loading-not-3192 avia_image' src=\"https:\/\/radiorevelacionfm.cl\/wp-content\/uploads\/2021\/04\/PDI-05.03.jpg\" alt='' title='PDI 05.03' height=\"540\" width=\"810\"  itemprop=\"thumbnailUrl\" srcset=\"https:\/\/radiorevelacionfm.cl\/wp-content\/uploads\/2021\/04\/PDI-05.03.jpg 810w, https:\/\/radiorevelacionfm.cl\/wp-content\/uploads\/2021\/04\/PDI-05.03-300x200.jpg 300w, https:\/\/radiorevelacionfm.cl\/wp-content\/uploads\/2021\/04\/PDI-05.03-768x512.jpg 768w, https:\/\/radiorevelacionfm.cl\/wp-content\/uploads\/2021\/04\/PDI-05.03-705x470.jpg 705w, https:\/\/radiorevelacionfm.cl\/wp-content\/uploads\/2021\/04\/PDI-05.03-600x400.jpg 600w\" sizes=\"(max-width: 810px) 100vw, 810px\" \/><\/div><\/div><\/div><\/div><div class=\"flex_column av_one_full  flex_column_div av-zero-column-padding first  avia-builder-el-2  el_after_av_one_full  el_before_av_one_full  column-top-margin\" style='border-radius:0px; '><section class=\"av_textblock_section \"  itemscope=\"itemscope\" itemtype=\"https:\/\/schema.org\/BlogPosting\" itemprop=\"blogPost\" ><div class='avia_textblock  '   itemprop=\"text\" ><p style=\"text-align: center;\"><strong><span style=\"font-size: 18pt;\">PDI detiene y pone a disposici\u00f3n del Tribunal a un imputado requerido por el delito de estafa<\/span><\/strong><\/p>\n<div id=\"gtx-trans\" style=\"position: absolute; left: -50px; top: 4.31534px;\">\n<div class=\"gtx-trans-icon\"><\/div>\n<\/div>\n<\/div><\/section><\/div><div class=\"flex_column av_one_full  flex_column_div av-zero-column-padding first  avia-builder-el-4  el_after_av_one_full  el_before_av_hr  column-top-margin\" style='border-radius:0px; '><section class=\"av_textblock_section \"  itemscope=\"itemscope\" itemtype=\"https:\/\/schema.org\/BlogPosting\" itemprop=\"blogPost\" ><div class='avia_textblock  '   itemprop=\"text\" ><p style=\"text-align: justify;\">Detectives de la Brigada Investigadora de Delitos Econ\u00f3micos Coyhaique, durante la semana reci\u00e9n pasada detuvieron a un imputado -chileno, mayor de edad y sin antecedentes policiales-, dando cumplimiento a una orden de detenci\u00f3n por el delito de estafa y otras defraudaciones emanada desde el Juzgado de Garant\u00eda de Coyhaique.<\/p>\n<p style=\"text-align: justify;\">Al respecto, el comisario Alejandro Mu\u00f1oz, jefe de la Brigada Investigadora de Delitos Econ\u00f3micos Coyhaique, se\u00f1al\u00f3 que \u201cel procedimiento policial se gener\u00f3 tras recibir la orden de detenci\u00f3n por parte del Tribunal, donde nuestros funcionarios se abocaron a realizar las diligencias tendientes a dar con la ubicaci\u00f3n del imputado que no se present\u00f3 a la audiencia de procedimiento simplificado\u201d. Tras su detenci\u00f3n, el imputado fue puesto a disposici\u00f3n del Tribunal mediante videoconferencia para continuar con su proceso penal.<\/p>\n<p style=\"text-align: justify;\">Sobre los hechos que son investigados de manera conjunta con el Ministerio P\u00fablico, el comisario Mu\u00f1oz indic\u00f3 que \u201cla investigaci\u00f3n se origin\u00f3 a ra\u00edz de una denuncia efectuada durante el a\u00f1o 2018 por parte de una v\u00edctima que acudi\u00f3 donde el imputado para adquirir una caja de cambio para su veh\u00edculo, compra que se realizar\u00eda a trav\u00e9s de un contacto en Iquique que mandar\u00eda el repuesto luego del pago de $450.000 pesos. Sin embargo, tras realizar el dep\u00f3sito el repuesto no lleg\u00f3 en la fecha indicada, excus\u00e1ndose de diversas formas el imputado, no contestando m\u00e1s las llamadas del denunciante, advirtiendo este \u00faltimo que hab\u00eda sido enga\u00f1ado\u201d.<\/p>\n<p style=\"text-align: justify;\">De acuerdo a lo informado por la PDI, este tipo de hechos se presenta de manera frecuente en la regi\u00f3n de Ays\u00e9n, es por esto que el jefe de la unidad especializada realiz\u00f3 un llamado a la ciudadan\u00eda a denunciar cada vez que sean v\u00edctimas de un hecho constitutivo de delito de estas caracter\u00edsticas, \u201cesta situaci\u00f3n se puede dar con una diversidad de art\u00edculos y productos que ofrecen las personas por distintos medios, por lo tanto, en caso de caer en una estafa de este tipo recomendamos guardar comprobante de dep\u00f3sito o transferencia realizada, mantener las conversaciones en caso de realizar compra por alguna red social y denunciar inmediatamente si no recibe respuesta por parte del vendedor ante incumplimiento de lo pactado\u201d.<\/p>\n<p style=\"text-align: justify;\">Adem\u00e1s, el comisario Mu\u00f1oz entreg\u00f3 algunas recomendaciones para evitar caer en este tipo de enga\u00f1os, \u201caconsejamos, dentro de lo posible, comprar en locales comerciales establecidos y solicitar alg\u00fan comprobante o boleta que acredite la compra, informaci\u00f3n que servir\u00e1 como antecedente en caso de investigaci\u00f3n por el delito de estafa\u201d.<\/p>\n<\/div><\/section><\/div><div  style='height:50px' class='hr hr-invisible   avia-builder-el-6  el_after_av_one_full  el_before_av_social_share '><span class='hr-inner ' ><span class='hr-inner-style'><\/span><\/span><\/div><\/p>\n<div  class='av-social-sharing-box  avia-builder-el-7  el_after_av_hr  el_before_av_hr  '><div class='av-share-box'><h5 class='av-share-link-description av-no-toc '>Compartir esta noticia<\/h5><ul class='av-share-box-list noLightbox'><li class='av-share-link av-social-link-facebook' ><a target=\"_blank\" aria-label=\"Compartir en Facebook\" href='https:\/\/www.facebook.com\/sharer.php?u=https:\/\/radiorevelacionfm.cl\/?p=4460&#038;t=PDI%20detiene%20y%20pone%20a%20disposici%C3%B3n%20del%20Tribunal%20a%20un%20imputado%20requerido%20por%20el%20delito%20de%20estafa' aria-hidden='false' data-av_icon='\ue8f3' data-av_iconfont='entypo-fontello' title='' data-avia-related-tooltip='Compartir en Facebook' rel=\"noopener\"><span class='avia_hidden_link_text'>Compartir en Facebook<\/span><\/a><\/li><li class='av-share-link av-social-link-twitter' ><a target=\"_blank\" aria-label=\"Compartir en Twitter\" href='https:\/\/twitter.com\/share?text=PDI%20detiene%20y%20pone%20a%20disposici%C3%B3n%20del%20Tribunal%20a%20un%20imputado%20requerido%20por%20el%20delito%20de%20estafa&#038;url=https:\/\/radiorevelacionfm.cl\/?p=4460' aria-hidden='false' data-av_icon='\ue8f1' data-av_iconfont='entypo-fontello' title='' data-avia-related-tooltip='Compartir en Twitter' rel=\"noopener\"><span class='avia_hidden_link_text'>Compartir en Twitter<\/span><\/a><\/li><li class='av-share-link av-social-link-whatsapp' ><a target=\"_blank\" aria-label=\"Compartir en Whatsapp\" href='https:\/\/api.whatsapp.com\/send?text=https:\/\/radiorevelacionfm.cl\/?p=4460' aria-hidden='false' data-av_icon='\uf232' data-av_iconfont='entypo-fontello' title='' data-avia-related-tooltip='Compartir en Whatsapp' rel=\"noopener\"><span class='avia_hidden_link_text'>Compartir en Whatsapp<\/span><\/a><\/li><li class='av-share-link av-social-link-linkedin' ><a target=\"_blank\" aria-label=\"Compartir en LinkedIn\" href='https:\/\/linkedin.com\/shareArticle?mini=true&#038;title=PDI%20detiene%20y%20pone%20a%20disposici%C3%B3n%20del%20Tribunal%20a%20un%20imputado%20requerido%20por%20el%20delito%20de%20estafa&#038;url=https:\/\/radiorevelacionfm.cl\/?p=4460' aria-hidden='false' data-av_icon='\ue8fc' data-av_iconfont='entypo-fontello' title='' data-avia-related-tooltip='Compartir en LinkedIn' rel=\"noopener\"><span class='avia_hidden_link_text'>Compartir en LinkedIn<\/span><\/a><\/li><li class='av-share-link av-social-link-mail' ><a  aria-label=\"Compartir por correo\" href='mailto:?subject=PDI%20detiene%20y%20pone%20a%20disposici%C3%B3n%20del%20Tribunal%20a%20un%20imputado%20requerido%20por%20el%20delito%20de%20estafa&#038;body=https:\/\/radiorevelacionfm.cl\/?p=4460' aria-hidden='false' data-av_icon='\ue805' data-av_iconfont='entypo-fontello' title='' data-avia-related-tooltip='Compartir por correo'><span class='avia_hidden_link_text'>Compartir por correo<\/span><\/a><\/li><\/ul><\/div><\/div>\n<div  style='height:50px' class='hr hr-invisible   avia-builder-el-8  el_after_av_social_share  el_before_av_comments_list '><span class='hr-inner ' ><span class='hr-inner-style'><\/span><\/span><\/div>\n<div  class='av-buildercomment  av-blog-meta-html-info-disabled av-blog-meta-tag-disabled  '><\/div>\n","protected":false},"excerpt":{"rendered":"","protected":false},"author":1,"featured_media":3192,"comment_status":"open","ping_status":"open","sticky":false,"template":"","format":"standard","meta":{"footnotes":""},"categories":[36],"tags":[],"class_list":["post-4460","post","type-post","status-publish","format-standard","has-post-thumbnail","hentry","category-policial"],"jetpack_featured_media_url":"https:\/\/radiorevelacionfm.cl\/wp-content\/uploads\/2021\/04\/PDI-05.03.jpg","_links":{"self":[{"href":"https:\/\/radiorevelacionfm.cl\/index.php?rest_route=\/wp\/v2\/posts\/4460","targetHints":{"allow":["GET"]}}],"collection":[{"href":"https:\/\/radiorevelacionfm.cl\/index.php?rest_route=\/wp\/v2\/posts"}],"about":[{"href":"https:\/\/radiorevelacionfm.cl\/index.php?rest_route=\/wp\/v2\/types\/post"}],"author":[{"embeddable":true,"href":"https:\/\/radiorevelacionfm.cl\/index.php?rest_route=\/wp\/v2\/users\/1"}],"replies":[{"embeddable":true,"href":"https:\/\/radiorevelacionfm.cl\/index.php?rest_route=%2Fwp%2Fv2%2Fcomments&post=4460"}],"version-history":[{"count":1,"href":"https:\/\/radiorevelacionfm.cl\/index.php?rest_route=\/wp\/v2\/posts\/4460\/revisions"}],"predecessor-version":[{"id":4461,"href":"https:\/\/radiorevelacionfm.cl\/index.php?rest_route=\/wp\/v2\/posts\/4460\/revisions\/4461"}],"wp:featuredmedia":[{"embeddable":true,"href":"https:\/\/radiorevelacionfm.cl\/index.php?rest_route=\/wp\/v2\/media\/3192"}],"wp:attachment":[{"href":"https:\/\/radiorevelacionfm.cl\/index.php?rest_route=%2Fwp%2Fv2%2Fmedia&parent=4460"}],"wp:term":[{"taxonomy":"category","embeddable":true,"href":"https:\/\/radiorevelacionfm.cl\/index.php?rest_route=%2Fwp%2Fv2%2Fcategories&post=4460"},{"taxonomy":"post_tag","embeddable":true,"href":"https:\/\/radiorevelacionfm.cl\/index.php?rest_route=%2Fwp%2Fv2%2Ftags&post=4460"}],"curies":[{"name":"wp","href":"https:\/\/api.w.org\/{rel}","templated":true}]}}