{"id":44596,"date":"2024-07-29T22:06:29","date_gmt":"2024-07-30T01:06:29","guid":{"rendered":"https:\/\/radiorevelacionfm.cl\/?p=44596"},"modified":"2024-07-29T22:06:29","modified_gmt":"2024-07-30T01:06:29","slug":"fiscalia-solicito-ampliar-la-detencion-de-imputado-por-homicidio-ocurrido-este-domingo","status":"publish","type":"post","link":"https:\/\/radiorevelacionfm.cl\/?p=44596","title":{"rendered":"Fiscal\u00eda solicit\u00f3 ampliar la detenci\u00f3n de imputado por homicidio ocurrido este domingo"},"content":{"rendered":"<div class=\"flex_column av_one_full  flex_column_div av-zero-column-padding first  avia-builder-el-0  el_before_av_one_full  avia-builder-el-first  \" style='border-radius:0px; '><div  class='avia-image-container  av-styling-    avia-builder-el-1  avia-builder-el-no-sibling  avia-align-center '  itemprop=\"image\" itemscope=\"itemscope\" itemtype=\"https:\/\/schema.org\/ImageObject\"  ><div class='avia-image-container-inner'><div class='avia-image-overlay-wrap'><img decoding=\"async\" class='wp-image-38612 avia-img-lazy-loading-not-38612 avia_image' src=\"https:\/\/radiorevelacionfm.cl\/wp-content\/uploads\/2024\/01\/fiscalia_7-1_optimized.jpeg\" alt='' title='fiscalia_7-(1)_optimized' height=\"600\" width=\"859\"  itemprop=\"thumbnailUrl\" srcset=\"https:\/\/radiorevelacionfm.cl\/wp-content\/uploads\/2024\/01\/fiscalia_7-1_optimized.jpeg 859w, https:\/\/radiorevelacionfm.cl\/wp-content\/uploads\/2024\/01\/fiscalia_7-1_optimized-300x210.jpeg 300w, https:\/\/radiorevelacionfm.cl\/wp-content\/uploads\/2024\/01\/fiscalia_7-1_optimized-768x536.jpeg 768w, https:\/\/radiorevelacionfm.cl\/wp-content\/uploads\/2024\/01\/fiscalia_7-1_optimized-705x492.jpeg 705w, https:\/\/radiorevelacionfm.cl\/wp-content\/uploads\/2024\/01\/fiscalia_7-1_optimized-450x314.jpeg 450w, https:\/\/radiorevelacionfm.cl\/wp-content\/uploads\/2024\/01\/fiscalia_7-1_optimized-600x419.jpeg 600w\" sizes=\"(max-width: 859px) 100vw, 859px\" \/><\/div><\/div><\/div><\/div><div class=\"flex_column av_one_full  flex_column_div av-zero-column-padding first  avia-builder-el-2  el_after_av_one_full  el_before_av_one_full  column-top-margin\" style='border-radius:0px; '><section class=\"av_textblock_section \"  itemscope=\"itemscope\" itemtype=\"https:\/\/schema.org\/BlogPosting\" itemprop=\"blogPost\" ><div class='avia_textblock  '   itemprop=\"text\" ><p style=\"text-align: center;\"><span style=\"font-size: 18pt;\"><b>Fiscal\u00eda solicit\u00f3 ampliar la detenci\u00f3n de imputado por homicidio ocurrido este domingo<\/b><\/span><\/p>\n<div id=\"gtx-trans\" style=\"position: absolute; left: -50px; top: 4.31534px;\">\n<div class=\"gtx-trans-icon\"><\/div>\n<\/div>\n<\/div><\/section><\/div><div class=\"flex_column av_one_full  flex_column_div av-zero-column-padding first  avia-builder-el-4  el_after_av_one_full  el_before_av_hr  column-top-margin\" style='border-radius:0px; '><section class=\"av_textblock_section \"  itemscope=\"itemscope\" itemtype=\"https:\/\/schema.org\/BlogPosting\" itemprop=\"blogPost\" ><div class='avia_textblock  '   itemprop=\"text\" ><p style=\"font-weight: 400; text-align: justify;\"><em>Se est\u00e1 a la espera de la autopsia y de diligencias que efect\u00faa la Brigada de Homicidios de la PDI.<\/em><\/p>\n<p style=\"font-weight: 400; text-align: justify;\">Hasta el mi\u00e9rcoles 31 a mediod\u00eda se ampli\u00f3 la detenci\u00f3n de un imputado por el delito de homicidio, hecho ocurrido en Coyhaique la tarde de este domingo.<\/p>\n<p style=\"font-weight: 400; text-align: justify;\">Seg\u00fan explic\u00f3 el abogado asistente de la Fiscal\u00eda de Coyhaique, Mat\u00edas Manzano, \u201cdurante la ma\u00f1ana, se nos inform\u00f3 por parte de la Polic\u00eda Investigaciones que el imputado, que estaba plenamente identificado, hab\u00eda concurrido voluntariamente al cuartel de la Polic\u00eda de Investigaciones, particularmente a la Brigada de Homicidios\u201d, a entregarse como autor de este hecho.<\/p>\n<p style=\"font-weight: 400; text-align: justify;\">Ante lo anterior, la Fiscal\u00eda pidi\u00f3 \u201cuna orden de detenci\u00f3n al Juzgado de Garant\u00eda de Coyhaique atendida la presencia del imputado en el cuartel policial\u201d. Posteriormente, el \u201cimputado pas\u00f3 a control de detenci\u00f3n el d\u00eda de hoy, en horas de la ma\u00f1ana, siendo ampliada su detenci\u00f3n hasta el mi\u00e9rcoles 31 de julio, en la cual se proceder\u00e1 a la formalizaci\u00f3n por parte de Ministerio P\u00fablico\u201d, agreg\u00f3 Manzano.<\/p>\n<p style=\"font-weight: 400; text-align: justify;\">DILIGENCIAS<\/p>\n<p style=\"font-weight: 400; text-align: justify;\">El abogado detall\u00f3 que se est\u00e1 \u201ctambi\u00e9n a la espera de las diligencias que se encuentran pendientes tanto por la misma Polic\u00eda de Investigaciones como tambi\u00e9n el desarrollo de la autopsia, la cual se encuentra pendiente de realizar por parte del Servicio M\u00e9dico Legal\u201d.<\/p>\n<p style=\"font-weight: 400; text-align: justify;\">El delito que investiga el Ministerio P\u00fablico junto a la PDI, ocurri\u00f3 la tarde del domingo reci\u00e9n pasado, donde en el \u201ccontexto de convivencia entre varias personas, un sujeto habr\u00eda agredido con arma blanca a la v\u00edctima, la cual fallece en el mismo lugar producto de las heridas cortopunzantes provocadas por el imputado, el cual, como se\u00f1al\u00e9, se hab\u00eda dado a la fuga hasta el d\u00eda de hoy donde es detenido por parte de la Polic\u00eda de Investigaciones\u201d, finaliz\u00f3 Mat\u00edas Manzano.<\/p>\n<\/div><\/section><\/div><div  style='height:50px' class='hr hr-invisible   avia-builder-el-6  el_after_av_one_full  el_before_av_social_share '><span class='hr-inner ' ><span class='hr-inner-style'><\/span><\/span><\/div><\/p>\n<div  class='av-social-sharing-box  avia-builder-el-7  el_after_av_hr  el_before_av_hr  '><div class='av-share-box'><h5 class='av-share-link-description av-no-toc '>Compartir esta noticia<\/h5><ul class='av-share-box-list noLightbox'><li class='av-share-link av-social-link-facebook' ><a target=\"_blank\" aria-label=\"Compartir en Facebook\" href='https:\/\/www.facebook.com\/sharer.php?u=https:\/\/radiorevelacionfm.cl\/?p=44596&#038;t=Fiscal%C3%ADa%20solicit%C3%B3%20ampliar%20la%20detenci%C3%B3n%20de%20imputado%20por%20homicidio%20ocurrido%20este%20domingo' aria-hidden='false' data-av_icon='\ue8f3' data-av_iconfont='entypo-fontello' title='' data-avia-related-tooltip='Compartir en Facebook' rel=\"noopener\"><span class='avia_hidden_link_text'>Compartir en Facebook<\/span><\/a><\/li><li class='av-share-link av-social-link-twitter' ><a target=\"_blank\" aria-label=\"Compartir en Twitter\" href='https:\/\/twitter.com\/share?text=Fiscal%C3%ADa%20solicit%C3%B3%20ampliar%20la%20detenci%C3%B3n%20de%20imputado%20por%20homicidio%20ocurrido%20este%20domingo&#038;url=https:\/\/radiorevelacionfm.cl\/?p=44596' aria-hidden='false' data-av_icon='\ue8f1' data-av_iconfont='entypo-fontello' title='' data-avia-related-tooltip='Compartir en Twitter' rel=\"noopener\"><span class='avia_hidden_link_text'>Compartir en Twitter<\/span><\/a><\/li><li class='av-share-link av-social-link-whatsapp' ><a target=\"_blank\" aria-label=\"Compartir en Whatsapp\" href='https:\/\/api.whatsapp.com\/send?text=https:\/\/radiorevelacionfm.cl\/?p=44596' aria-hidden='false' data-av_icon='\uf232' data-av_iconfont='entypo-fontello' title='' data-avia-related-tooltip='Compartir en Whatsapp' rel=\"noopener\"><span class='avia_hidden_link_text'>Compartir en Whatsapp<\/span><\/a><\/li><li class='av-share-link av-social-link-linkedin' ><a target=\"_blank\" aria-label=\"Compartir en LinkedIn\" href='https:\/\/linkedin.com\/shareArticle?mini=true&#038;title=Fiscal%C3%ADa%20solicit%C3%B3%20ampliar%20la%20detenci%C3%B3n%20de%20imputado%20por%20homicidio%20ocurrido%20este%20domingo&#038;url=https:\/\/radiorevelacionfm.cl\/?p=44596' aria-hidden='false' data-av_icon='\ue8fc' data-av_iconfont='entypo-fontello' title='' data-avia-related-tooltip='Compartir en LinkedIn' rel=\"noopener\"><span class='avia_hidden_link_text'>Compartir en LinkedIn<\/span><\/a><\/li><li class='av-share-link av-social-link-mail' ><a  aria-label=\"Compartir por correo\" href='mailto:?subject=Fiscal%C3%ADa%20solicit%C3%B3%20ampliar%20la%20detenci%C3%B3n%20de%20imputado%20por%20homicidio%20ocurrido%20este%20domingo&#038;body=https:\/\/radiorevelacionfm.cl\/?p=44596' aria-hidden='false' data-av_icon='\ue805' data-av_iconfont='entypo-fontello' title='' data-avia-related-tooltip='Compartir por correo'><span class='avia_hidden_link_text'>Compartir por correo<\/span><\/a><\/li><\/ul><\/div><\/div>\n<div  style='height:50px' class='hr hr-invisible   avia-builder-el-8  el_after_av_social_share  el_before_av_comments_list '><span class='hr-inner ' ><span class='hr-inner-style'><\/span><\/span><\/div>\n<div  class='av-buildercomment  av-blog-meta-html-info-disabled av-blog-meta-tag-disabled  '><\/div>\n","protected":false},"excerpt":{"rendered":"","protected":false},"author":1,"featured_media":38612,"comment_status":"open","ping_status":"open","sticky":false,"template":"","format":"standard","meta":{"footnotes":""},"categories":[55],"tags":[],"class_list":["post-44596","post","type-post","status-publish","format-standard","has-post-thumbnail","hentry","category-justicia"],"jetpack_featured_media_url":"https:\/\/radiorevelacionfm.cl\/wp-content\/uploads\/2024\/01\/fiscalia_7-1_optimized.jpeg","_links":{"self":[{"href":"https:\/\/radiorevelacionfm.cl\/index.php?rest_route=\/wp\/v2\/posts\/44596","targetHints":{"allow":["GET"]}}],"collection":[{"href":"https:\/\/radiorevelacionfm.cl\/index.php?rest_route=\/wp\/v2\/posts"}],"about":[{"href":"https:\/\/radiorevelacionfm.cl\/index.php?rest_route=\/wp\/v2\/types\/post"}],"author":[{"embeddable":true,"href":"https:\/\/radiorevelacionfm.cl\/index.php?rest_route=\/wp\/v2\/users\/1"}],"replies":[{"embeddable":true,"href":"https:\/\/radiorevelacionfm.cl\/index.php?rest_route=%2Fwp%2Fv2%2Fcomments&post=44596"}],"version-history":[{"count":1,"href":"https:\/\/radiorevelacionfm.cl\/index.php?rest_route=\/wp\/v2\/posts\/44596\/revisions"}],"predecessor-version":[{"id":44597,"href":"https:\/\/radiorevelacionfm.cl\/index.php?rest_route=\/wp\/v2\/posts\/44596\/revisions\/44597"}],"wp:featuredmedia":[{"embeddable":true,"href":"https:\/\/radiorevelacionfm.cl\/index.php?rest_route=\/wp\/v2\/media\/38612"}],"wp:attachment":[{"href":"https:\/\/radiorevelacionfm.cl\/index.php?rest_route=%2Fwp%2Fv2%2Fmedia&parent=44596"}],"wp:term":[{"taxonomy":"category","embeddable":true,"href":"https:\/\/radiorevelacionfm.cl\/index.php?rest_route=%2Fwp%2Fv2%2Fcategories&post=44596"},{"taxonomy":"post_tag","embeddable":true,"href":"https:\/\/radiorevelacionfm.cl\/index.php?rest_route=%2Fwp%2Fv2%2Ftags&post=44596"}],"curies":[{"name":"wp","href":"https:\/\/api.w.org\/{rel}","templated":true}]}}