{"id":44591,"date":"2024-07-30T12:05:00","date_gmt":"2024-07-30T15:05:00","guid":{"rendered":"https:\/\/radiorevelacionfm.cl\/?p=44591"},"modified":"2024-07-30T12:05:00","modified_gmt":"2024-07-30T15:05:00","slug":"anuncian-extension-del-plazo-de-inscripcion-a-la-paes-regular","status":"publish","type":"post","link":"https:\/\/radiorevelacionfm.cl\/?p=44591","title":{"rendered":"Anuncian extensi\u00f3n del plazo de inscripci\u00f3n a la PAES Regular"},"content":{"rendered":"<div class=\"flex_column av_one_full  flex_column_div av-zero-column-padding first  avia-builder-el-0  el_before_av_one_full  avia-builder-el-first  \" style='border-radius:0px; '><div  class='avia-image-container  av-styling-    avia-builder-el-1  avia-builder-el-no-sibling  avia-align-center '  itemprop=\"image\" itemscope=\"itemscope\" itemtype=\"https:\/\/schema.org\/ImageObject\"  ><div class='avia-image-container-inner'><div class='avia-image-overlay-wrap'><img decoding=\"async\" class='wp-image-23259 avia-img-lazy-loading-not-23259 avia_image' src=\"https:\/\/radiorevelacionfm.cl\/wp-content\/uploads\/2022\/10\/isabel-garrido_seremi-educacion-02-1_optimized.jpg\" alt='' title='isabel-garrido_seremi-educacion-02-(1)_optimized' height=\"600\" width=\"1067\"  itemprop=\"thumbnailUrl\" srcset=\"https:\/\/radiorevelacionfm.cl\/wp-content\/uploads\/2022\/10\/isabel-garrido_seremi-educacion-02-1_optimized.jpg 1067w, https:\/\/radiorevelacionfm.cl\/wp-content\/uploads\/2022\/10\/isabel-garrido_seremi-educacion-02-1_optimized-300x169.jpg 300w, https:\/\/radiorevelacionfm.cl\/wp-content\/uploads\/2022\/10\/isabel-garrido_seremi-educacion-02-1_optimized-1030x579.jpg 1030w, https:\/\/radiorevelacionfm.cl\/wp-content\/uploads\/2022\/10\/isabel-garrido_seremi-educacion-02-1_optimized-768x432.jpg 768w, https:\/\/radiorevelacionfm.cl\/wp-content\/uploads\/2022\/10\/isabel-garrido_seremi-educacion-02-1_optimized-705x396.jpg 705w, https:\/\/radiorevelacionfm.cl\/wp-content\/uploads\/2022\/10\/isabel-garrido_seremi-educacion-02-1_optimized-600x337.jpg 600w\" sizes=\"(max-width: 1067px) 100vw, 1067px\" \/><\/div><\/div><\/div><\/div><div class=\"flex_column av_one_full  flex_column_div av-zero-column-padding first  avia-builder-el-2  el_after_av_one_full  el_before_av_one_full  column-top-margin\" style='border-radius:0px; '><section class=\"av_textblock_section \"  itemscope=\"itemscope\" itemtype=\"https:\/\/schema.org\/BlogPosting\" itemprop=\"blogPost\" ><div class='avia_textblock  '   itemprop=\"text\" ><p style=\"text-align: center;\"><strong><span style=\"font-size: 18pt;\">Anuncian extensi\u00f3n del plazo de inscripci\u00f3n a la PAES Regular<\/span><\/strong><\/p>\n<div id=\"gtx-trans\" style=\"position: absolute; left: -50px; top: 4.31534px;\">\n<div class=\"gtx-trans-icon\"><\/div>\n<\/div>\n<\/div><\/section><\/div><div class=\"flex_column av_one_full  flex_column_div av-zero-column-padding first  avia-builder-el-4  el_after_av_one_full  el_before_av_hr  column-top-margin\" style='border-radius:0px; '><section class=\"av_textblock_section \"  itemscope=\"itemscope\" itemtype=\"https:\/\/schema.org\/BlogPosting\" itemprop=\"blogPost\" ><div class='avia_textblock  '   itemprop=\"text\" ><p class=\"v1MsoNormal\" style=\"text-align: justify;\" align=\"center\"><i>La Seremi de Educaci\u00f3n \u00a0Isabel Garrido llam\u00f3 a las y los j\u00f3venes de la regi\u00f3n a inscribirse para rendir este importante examen de ingreso a la educaci\u00f3n superior.<\/i><\/p>\n<p class=\"v1MsoNormal\" style=\"text-align: justify;\" align=\"center\">El Ministerio de Educaci\u00f3n y al Demre de la Universidad de Chile anunciaron este lunes que se extender\u00e1 el proceso de inscripci\u00f3n a las Pruebas de Acceso a la Educaci\u00f3n Superior (PAES) Regular, Admisi\u00f3n 2025, hasta las 13:00 horas de este mi\u00e9rcoles 31 de julio.<\/p>\n<p class=\"v1MsoNormal\" style=\"text-align: justify;\">Con esta extensi\u00f3n, las y los postulantes que por diversos motivos no han podido inscribirse para la PAES Regular, que ser\u00e1 rendida el 2, 3 y 4 de diciembre, podr\u00e1n hacerlo en el portal\u00a0<b>inscripcion.demre.cl<\/b>\u00a0que estar\u00e1 habilitado, excepcionalmente, durante dos d\u00edas adicionales.<\/p>\n<p class=\"v1MsoNormal\" style=\"text-align: justify;\">Al respecto, la Seremi Isabel Garrido llam\u00f3 a las y los j\u00f3venes de la regi\u00f3n a inscribirse para rendir este importante examen de ingreso a la educaci\u00f3n superior.<\/p>\n<p class=\"v1MsoNormal\" style=\"text-align: justify;\">\u00abInvitamos a inscribirse en la PAES, que ha significado una mejora con respecto a los instrumentos anteriores. Se enfoca en evaluar habilidades complejas que predicen de mejor forma el desempe\u00f1o en la educaci\u00f3n superior. Adem\u00e1s, crea la PAES de invierno, permitiendo la opci\u00f3n de postular con los mejores puntajes de cada rendici\u00f3n y de esa manera de reducir la ansiedad, porque el futuro no se juega en una sola prueba\u00bb.<\/p>\n<p class=\"v1MsoNormal\" style=\"text-align: justify;\">En el caso de estudiantes de 4\u00b0 medio, las pruebas de Competencia Lectora y Competencia Matem\u00e1tica 1 (M1) son obligatorias y ya se encuentran seleccionadas en el portal de inscripci\u00f3n, por lo que solo deber\u00e1n registrar, al menos, una prueba electiva: la PAES de Ciencias y\/o PAES de Historia y Ciencias Sociales. Asimismo, algunas universidades solicitar\u00e1n la prueba de Competencia Matem\u00e1tica 2 (M2), la que tendr\u00e1 al menos 5% de ponderaci\u00f3n como factor de selecci\u00f3n.<\/p>\n<p class=\"v1MsoNormal\" style=\"text-align: justify;\">En tanto, quienes ya egresaron de Ense\u00f1anza Media podr\u00e1n inscribir entre 1 y 5 pruebas, mientras que las y los postulantes que rindieron la PAES de Invierno y conocieron sus resultados podr\u00e1n volver a inscribirse \u2013si as\u00ed lo desean- para rendir las pruebas nuevamente en diciembre.<\/p>\n<p class=\"v1MsoNormal\" style=\"text-align: justify;\"><b>\u00bfC\u00f3mo realizar el proceso de inscripci\u00f3n?<\/b><\/p>\n<p class=\"v1MsoNormal\" style=\"text-align: justify;\">Quienes deseen inscribirse deber\u00e1n contar con su C\u00e9dula de Identidad Chilena, Pasaporte o Identificador Provisorio Escolar (IPE) y seguir las instrucciones generales disponibles en la plataforma destinada a este procedimiento.<\/p>\n<p class=\"v1MsoNormal\" style=\"text-align: justify;\">Cabe se\u00f1alar que las y los estudiantes que est\u00e1n cursando 4\u00b0 medio en establecimientos municipales, de Servicios Locales de Educaci\u00f3n P\u00fablica (SLEP), particulares subvencionados y de administraci\u00f3n delegada son beneficiarios de la Beca PAES, por lo cual quedan exentos de pago del arancel de inscripci\u00f3n.<\/p>\n<p class=\"v1MsoNormal\" style=\"text-align: justify;\">Para el resto de quienes se quieran inscribir a la PAES Regular, los valores depender\u00e1n de la cantidad de pruebas que inscriban: 1 prueba cuesta $15.350, dos pruebas tienen un valor de $ 28.100 y tres o m\u00e1s pruebas, $ 40.850.<\/p>\n<p class=\"v1MsoNormal\" style=\"text-align: justify;\"><b>Pr\u00f3ximas fechas<\/b><\/p>\n<ul type=\"disc\">\n<li class=\"v1MsoNormal\" style=\"text-align: justify;\">Cierre de Inscripci\u00f3n de la PAES Regular: mi\u00e9rcoles 31 de julio a las 13:00 horas (plazo extendido).<\/li>\n<li class=\"v1MsoNormal\" style=\"text-align: justify;\">Rendici\u00f3n de la PAES Regular:\u202f2, 3 y 4 de diciembre.<\/li>\n<li class=\"v1MsoNormal\" style=\"text-align: justify;\">Entrega de resultados de la PAES Regular: lunes 6 de enero de 2025 a las 08:00 horas.<\/li>\n<li class=\"v1MsoNormal\" style=\"text-align: justify;\">Postulaciones: del 6 al 9 de enero de 2025.<\/li>\n<li class=\"v1MsoNormal\" style=\"text-align: justify;\">Entrega de resultados de selecci\u00f3n:\u202f20 de enero de 2025.<\/li>\n<li class=\"v1MsoNormal\" style=\"text-align: justify;\">Primer periodo de matr\u00edcula:\u202f21 al 23 de enero de 2025.<\/li>\n<li class=\"v1MsoNormal\" style=\"text-align: justify;\">Segundo periodo de matr\u00edcula:\u202f24 al 30 de enero de 2025.<\/li>\n<\/ul>\n<\/div><\/section><\/div><div  style='height:50px' class='hr hr-invisible   avia-builder-el-6  el_after_av_one_full  el_before_av_social_share '><span class='hr-inner ' ><span class='hr-inner-style'><\/span><\/span><\/div><\/p>\n<div  class='av-social-sharing-box  avia-builder-el-7  el_after_av_hr  el_before_av_hr  '><div class='av-share-box'><h5 class='av-share-link-description av-no-toc '>Compartir esta noticia<\/h5><ul class='av-share-box-list noLightbox'><li class='av-share-link av-social-link-facebook' ><a target=\"_blank\" aria-label=\"Compartir en Facebook\" href='https:\/\/www.facebook.com\/sharer.php?u=https:\/\/radiorevelacionfm.cl\/?p=44591&#038;t=Anuncian%20extensi%C3%B3n%20del%20plazo%20de%20inscripci%C3%B3n%20a%20la%20PAES%20Regular' aria-hidden='false' data-av_icon='\ue8f3' data-av_iconfont='entypo-fontello' title='' data-avia-related-tooltip='Compartir en Facebook' rel=\"noopener\"><span class='avia_hidden_link_text'>Compartir en Facebook<\/span><\/a><\/li><li class='av-share-link av-social-link-twitter' ><a target=\"_blank\" aria-label=\"Compartir en Twitter\" href='https:\/\/twitter.com\/share?text=Anuncian%20extensi%C3%B3n%20del%20plazo%20de%20inscripci%C3%B3n%20a%20la%20PAES%20Regular&#038;url=https:\/\/radiorevelacionfm.cl\/?p=44591' aria-hidden='false' data-av_icon='\ue8f1' data-av_iconfont='entypo-fontello' title='' data-avia-related-tooltip='Compartir en Twitter' rel=\"noopener\"><span class='avia_hidden_link_text'>Compartir en Twitter<\/span><\/a><\/li><li class='av-share-link av-social-link-whatsapp' ><a target=\"_blank\" aria-label=\"Compartir en Whatsapp\" href='https:\/\/api.whatsapp.com\/send?text=https:\/\/radiorevelacionfm.cl\/?p=44591' aria-hidden='false' data-av_icon='\uf232' data-av_iconfont='entypo-fontello' title='' data-avia-related-tooltip='Compartir en Whatsapp' rel=\"noopener\"><span class='avia_hidden_link_text'>Compartir en Whatsapp<\/span><\/a><\/li><li class='av-share-link av-social-link-linkedin' ><a target=\"_blank\" aria-label=\"Compartir en LinkedIn\" href='https:\/\/linkedin.com\/shareArticle?mini=true&#038;title=Anuncian%20extensi%C3%B3n%20del%20plazo%20de%20inscripci%C3%B3n%20a%20la%20PAES%20Regular&#038;url=https:\/\/radiorevelacionfm.cl\/?p=44591' aria-hidden='false' data-av_icon='\ue8fc' data-av_iconfont='entypo-fontello' title='' data-avia-related-tooltip='Compartir en LinkedIn' rel=\"noopener\"><span class='avia_hidden_link_text'>Compartir en LinkedIn<\/span><\/a><\/li><li class='av-share-link av-social-link-mail' ><a  aria-label=\"Compartir por correo\" href='mailto:?subject=Anuncian%20extensi%C3%B3n%20del%20plazo%20de%20inscripci%C3%B3n%20a%20la%20PAES%20Regular&#038;body=https:\/\/radiorevelacionfm.cl\/?p=44591' aria-hidden='false' data-av_icon='\ue805' data-av_iconfont='entypo-fontello' title='' data-avia-related-tooltip='Compartir por correo'><span class='avia_hidden_link_text'>Compartir por correo<\/span><\/a><\/li><\/ul><\/div><\/div>\n<div  style='height:50px' class='hr hr-invisible   avia-builder-el-8  el_after_av_social_share  el_before_av_comments_list '><span class='hr-inner ' ><span class='hr-inner-style'><\/span><\/span><\/div>\n<div  class='av-buildercomment  av-blog-meta-html-info-disabled av-blog-meta-tag-disabled  '><\/div>\n","protected":false},"excerpt":{"rendered":"","protected":false},"author":1,"featured_media":23259,"comment_status":"open","ping_status":"open","sticky":false,"template":"","format":"standard","meta":{"footnotes":""},"categories":[49],"tags":[],"class_list":["post-44591","post","type-post","status-publish","format-standard","has-post-thumbnail","hentry","category-educacion"],"jetpack_featured_media_url":"https:\/\/radiorevelacionfm.cl\/wp-content\/uploads\/2022\/10\/isabel-garrido_seremi-educacion-02-1_optimized.jpg","_links":{"self":[{"href":"https:\/\/radiorevelacionfm.cl\/index.php?rest_route=\/wp\/v2\/posts\/44591","targetHints":{"allow":["GET"]}}],"collection":[{"href":"https:\/\/radiorevelacionfm.cl\/index.php?rest_route=\/wp\/v2\/posts"}],"about":[{"href":"https:\/\/radiorevelacionfm.cl\/index.php?rest_route=\/wp\/v2\/types\/post"}],"author":[{"embeddable":true,"href":"https:\/\/radiorevelacionfm.cl\/index.php?rest_route=\/wp\/v2\/users\/1"}],"replies":[{"embeddable":true,"href":"https:\/\/radiorevelacionfm.cl\/index.php?rest_route=%2Fwp%2Fv2%2Fcomments&post=44591"}],"version-history":[{"count":1,"href":"https:\/\/radiorevelacionfm.cl\/index.php?rest_route=\/wp\/v2\/posts\/44591\/revisions"}],"predecessor-version":[{"id":44592,"href":"https:\/\/radiorevelacionfm.cl\/index.php?rest_route=\/wp\/v2\/posts\/44591\/revisions\/44592"}],"wp:featuredmedia":[{"embeddable":true,"href":"https:\/\/radiorevelacionfm.cl\/index.php?rest_route=\/wp\/v2\/media\/23259"}],"wp:attachment":[{"href":"https:\/\/radiorevelacionfm.cl\/index.php?rest_route=%2Fwp%2Fv2%2Fmedia&parent=44591"}],"wp:term":[{"taxonomy":"category","embeddable":true,"href":"https:\/\/radiorevelacionfm.cl\/index.php?rest_route=%2Fwp%2Fv2%2Fcategories&post=44591"},{"taxonomy":"post_tag","embeddable":true,"href":"https:\/\/radiorevelacionfm.cl\/index.php?rest_route=%2Fwp%2Fv2%2Ftags&post=44591"}],"curies":[{"name":"wp","href":"https:\/\/api.w.org\/{rel}","templated":true}]}}