{"id":44588,"date":"2024-07-30T11:03:46","date_gmt":"2024-07-30T14:03:46","guid":{"rendered":"https:\/\/radiorevelacionfm.cl\/?p=44588"},"modified":"2024-07-30T11:03:46","modified_gmt":"2024-07-30T14:03:46","slug":"calisto-valora-confirmacion-de-recursos-para-planta-de-tratamiento-de-aguas-en-villa-frei-que-permitira-construccion-de-nuevas-viviendas","status":"publish","type":"post","link":"https:\/\/radiorevelacionfm.cl\/?p=44588","title":{"rendered":"Calisto valora confirmaci\u00f3n de recursos para planta de tratamiento de aguas en Villa Frei que permitir\u00e1 construcci\u00f3n de nuevas viviendas"},"content":{"rendered":"<div class=\"flex_column av_one_full  flex_column_div av-zero-column-padding first  avia-builder-el-0  el_before_av_one_full  avia-builder-el-first  \" style='border-radius:0px; '><div  class='avia-image-container  av-styling-    avia-builder-el-1  avia-builder-el-no-sibling  avia-align-center '  itemprop=\"image\" itemscope=\"itemscope\" itemtype=\"https:\/\/schema.org\/ImageObject\"  ><div class='avia-image-container-inner'><div class='avia-image-overlay-wrap'><img decoding=\"async\" class='wp-image-44589 avia-img-lazy-loading-not-44589 avia_image' src=\"https:\/\/radiorevelacionfm.cl\/wp-content\/uploads\/2024\/07\/FOTO-REU-COMITE-VILLA-FREI-1-1.jpg\" alt='' title='FOTO REU COMIT\u00c9 VILLA FREI (1) (1)' height=\"600\" width=\"1051\"  itemprop=\"thumbnailUrl\" srcset=\"https:\/\/radiorevelacionfm.cl\/wp-content\/uploads\/2024\/07\/FOTO-REU-COMITE-VILLA-FREI-1-1.jpg 1051w, https:\/\/radiorevelacionfm.cl\/wp-content\/uploads\/2024\/07\/FOTO-REU-COMITE-VILLA-FREI-1-1-300x171.jpg 300w, https:\/\/radiorevelacionfm.cl\/wp-content\/uploads\/2024\/07\/FOTO-REU-COMITE-VILLA-FREI-1-1-1030x588.jpg 1030w, https:\/\/radiorevelacionfm.cl\/wp-content\/uploads\/2024\/07\/FOTO-REU-COMITE-VILLA-FREI-1-1-768x438.jpg 768w, https:\/\/radiorevelacionfm.cl\/wp-content\/uploads\/2024\/07\/FOTO-REU-COMITE-VILLA-FREI-1-1-705x402.jpg 705w, https:\/\/radiorevelacionfm.cl\/wp-content\/uploads\/2024\/07\/FOTO-REU-COMITE-VILLA-FREI-1-1-450x257.jpg 450w, https:\/\/radiorevelacionfm.cl\/wp-content\/uploads\/2024\/07\/FOTO-REU-COMITE-VILLA-FREI-1-1-600x343.jpg 600w\" sizes=\"(max-width: 1051px) 100vw, 1051px\" \/><\/div><\/div><\/div><\/div><div class=\"flex_column av_one_full  flex_column_div av-zero-column-padding first  avia-builder-el-2  el_after_av_one_full  el_before_av_one_full  column-top-margin\" style='border-radius:0px; '><section class=\"av_textblock_section \"  itemscope=\"itemscope\" itemtype=\"https:\/\/schema.org\/BlogPosting\" itemprop=\"blogPost\" ><div class='avia_textblock  '   itemprop=\"text\" ><p style=\"text-align: center;\"><strong><span style=\"font-size: 18pt;\">Calisto valora confirmaci\u00f3n de recursos para planta de tratamiento de aguas en Villa Frei que permitir\u00e1 construcci\u00f3n de nuevas viviendas<\/span><\/strong><\/p>\n<div id=\"gtx-trans\" style=\"position: absolute; left: -50px; top: 4.31534px;\">\n<div class=\"gtx-trans-icon\"><\/div>\n<\/div>\n<\/div><\/section><\/div><div class=\"flex_column av_one_full  flex_column_div av-zero-column-padding first  avia-builder-el-4  el_after_av_one_full  el_before_av_hr  column-top-margin\" style='border-radius:0px; '><section class=\"av_textblock_section \"  itemscope=\"itemscope\" itemtype=\"https:\/\/schema.org\/BlogPosting\" itemprop=\"blogPost\" ><div class='avia_textblock  '   itemprop=\"text\" ><p style=\"font-weight: 400; text-align: justify;\"><em>Se trata de m\u00e1s de 100 viviendas de tres comit\u00e9s habitacionales, los que esperan postular prontamente a los subsidios. \u00a0<\/em><\/p>\n<p style=\"font-weight: 400; text-align: justify;\">Como una gran noticia calific\u00f3 el diputado Miguel \u00c1ngel Calisto la confirmaci\u00f3n de los recursos para la construcci\u00f3n de una planta de tratamiento en Villa Frei, hecho que fue informado por el Consejero Felipe Klein en una masiva reuni\u00f3n que se realiz\u00f3 este fin de semana, donde particip\u00f3 adem\u00e1s el alcalde Carlos Gatica, como tambi\u00e9n dirigentes y vecinos que proyectan sus casas en esta localidad.<\/p>\n<p style=\"font-weight: 400; text-align: justify;\">El legislador adem\u00e1s valor\u00f3 el hecho que pr\u00f3ximamente los vecinos de los comit\u00e9s Ilusi\u00f3n, Camino a Un sue\u00f1o y Tehuelche podr\u00e1n acceder a los subsidios habitacionales, valorando el aporte que significar\u00e1 este proyecto al desarrollo de Villa Frei.<\/p>\n<p style=\"font-weight: 400; text-align: justify;\">Seg\u00fan el diputado Calisto, \u201ctuvimos una importante reuni\u00f3n con tres comit\u00e9s de vivienda a quienes hemos estado apoyando por mucho tiempo. Son cerca de 100 familias que proyectan ac\u00e1 sus viviendas. Esta es una gesti\u00f3n de muchos a\u00f1os, en su momento logramos conseguir los terrenos y ahora viene la postulaci\u00f3n, la que seg\u00fan lo que se nos inform\u00f3 podr\u00eda ser durante el mes de septiembre, porque existe un compromiso por parte del Gobierno Regional\u201d.<\/p>\n<p style=\"font-weight: 400; text-align: justify;\">\u201cEl Consejero Klein, que tambi\u00e9n particip\u00f3 en la reuni\u00f3n, nos confirm\u00f3 que est\u00e1n los recursos por parte del Gobierno Regional. Tambi\u00e9n existe un compromiso para poder tener la planta de tratamiento en la localidad. Este trabajo lo hemos realizado junto al alcalde Carlos Gatica, el Consejo Regional y las dirigentas, que hacen un tremendo trabajo\u201d, inform\u00f3 Calisto.<\/p>\n<p style=\"font-weight: 400; text-align: justify;\">Miguel \u00c1ngel Calisto inform\u00f3 que \u201ceste proyecto le va a dar urbanizaci\u00f3n y desarrollo a Villa Frei, se transformar\u00e1 seguramente en una ciudad dormitorio dentro de la comuna de Coyhaique, y permitir\u00e1 descongestionar tambi\u00e9n a la capital regional\u201d.<\/p>\n<p style=\"font-weight: 400; text-align: justify;\">Seg\u00fan el Consejero Felipe Klein, \u201cse cuenta con los recursos para la planta de tratamiento de aguas, ha sido un trabajo mancomunado con los consejeros, el diputado Calisto, las dirigentas y el alcalde para lograr este importante paso. Ahora en septiembre la idea es que se postulen estos comit\u00e9s y ya se contar\u00eda con el financiamiento completo para que la construcci\u00f3n parta el a\u00f1o 2025\u201d.<\/p>\n<p style=\"font-weight: 400; text-align: justify;\">\u201cLo m\u00e1s importante es que se cuenta con los recursos cercanos a los 2700 millones de pesos para poder hacer la planta de tratamiento para los tres comit\u00e9s, beneficiando tambi\u00e9n a las dem\u00e1s casas de Villa Frei\u201d, indic\u00f3.<\/p>\n<p style=\"font-weight: 400; text-align: justify;\">Viviana Rauque, Presidenta del comit\u00e9 Ilusi\u00f3n, asegur\u00f3 que \u201cestamos muy contentos con la informaci\u00f3n de hoy sobre el alcantarillado, que es lo que m\u00e1s nos preocupaba. Hemos avanzado harto con la ayuda del Consejero Klein y Miguel \u00c1ngel Calisto, quienes nos han ayudado muy bien con los temas de la planta. Estamos muy contentos y esperamos que podamos postular a los subsidios en septiembre\u201d.<\/p>\n<p style=\"font-weight: 400; text-align: justify;\">Finalmente, Rosita Mansilla, Presidenta del Comit\u00e9 Camino a un Sue\u00f1o, \u201csalimos de esta reuni\u00f3n bastante contentos, porque se ha avanzado much\u00edsimo en este proyecto, esperamos que a fines de la pr\u00f3xima semana tengamos una fecha exacta para una posible postulaci\u00f3n en septiembre. Ya llevamos nueve a\u00f1os en este comit\u00e9 y queremos que esto salga lo antes posible. Le damos las gracias al Diputado Miguel \u00c1ngel Calisto y a nuestro Core Felipe Klein, como as\u00ed tambi\u00e9n al Alcalde, a Serviu y al Minvu\u201d.<\/p>\n<\/div><\/section><\/div><div  style='height:50px' class='hr hr-invisible   avia-builder-el-6  el_after_av_one_full  el_before_av_social_share '><span class='hr-inner ' ><span class='hr-inner-style'><\/span><\/span><\/div><\/p>\n<div  class='av-social-sharing-box  avia-builder-el-7  el_after_av_hr  el_before_av_hr  '><div class='av-share-box'><h5 class='av-share-link-description av-no-toc '>Compartir esta noticia<\/h5><ul class='av-share-box-list noLightbox'><li class='av-share-link av-social-link-facebook' ><a target=\"_blank\" aria-label=\"Compartir en Facebook\" href='https:\/\/www.facebook.com\/sharer.php?u=https:\/\/radiorevelacionfm.cl\/?p=44588&#038;t=Calisto%20valora%20confirmaci%C3%B3n%20de%20recursos%20para%20planta%20de%20tratamiento%20de%20aguas%20en%20Villa%20Frei%20que%20permitir%C3%A1%20construcci%C3%B3n%20de%20nuevas%20viviendas' aria-hidden='false' data-av_icon='\ue8f3' data-av_iconfont='entypo-fontello' title='' data-avia-related-tooltip='Compartir en Facebook' rel=\"noopener\"><span class='avia_hidden_link_text'>Compartir en Facebook<\/span><\/a><\/li><li class='av-share-link av-social-link-twitter' ><a target=\"_blank\" aria-label=\"Compartir en Twitter\" href='https:\/\/twitter.com\/share?text=Calisto%20valora%20confirmaci%C3%B3n%20de%20recursos%20para%20planta%20de%20tratamiento%20de%20aguas%20en%20Villa%20Frei%20que%20permitir%C3%A1%20construcci%C3%B3n%20de%20nuevas%20viviendas&#038;url=https:\/\/radiorevelacionfm.cl\/?p=44588' aria-hidden='false' data-av_icon='\ue8f1' data-av_iconfont='entypo-fontello' title='' data-avia-related-tooltip='Compartir en Twitter' rel=\"noopener\"><span class='avia_hidden_link_text'>Compartir en Twitter<\/span><\/a><\/li><li class='av-share-link av-social-link-whatsapp' ><a target=\"_blank\" aria-label=\"Compartir en Whatsapp\" href='https:\/\/api.whatsapp.com\/send?text=https:\/\/radiorevelacionfm.cl\/?p=44588' aria-hidden='false' data-av_icon='\uf232' data-av_iconfont='entypo-fontello' title='' data-avia-related-tooltip='Compartir en Whatsapp' rel=\"noopener\"><span class='avia_hidden_link_text'>Compartir en Whatsapp<\/span><\/a><\/li><li class='av-share-link av-social-link-linkedin' ><a target=\"_blank\" aria-label=\"Compartir en LinkedIn\" href='https:\/\/linkedin.com\/shareArticle?mini=true&#038;title=Calisto%20valora%20confirmaci%C3%B3n%20de%20recursos%20para%20planta%20de%20tratamiento%20de%20aguas%20en%20Villa%20Frei%20que%20permitir%C3%A1%20construcci%C3%B3n%20de%20nuevas%20viviendas&#038;url=https:\/\/radiorevelacionfm.cl\/?p=44588' aria-hidden='false' data-av_icon='\ue8fc' data-av_iconfont='entypo-fontello' title='' data-avia-related-tooltip='Compartir en LinkedIn' rel=\"noopener\"><span class='avia_hidden_link_text'>Compartir en LinkedIn<\/span><\/a><\/li><li class='av-share-link av-social-link-mail' ><a  aria-label=\"Compartir por correo\" href='mailto:?subject=Calisto%20valora%20confirmaci%C3%B3n%20de%20recursos%20para%20planta%20de%20tratamiento%20de%20aguas%20en%20Villa%20Frei%20que%20permitir%C3%A1%20construcci%C3%B3n%20de%20nuevas%20viviendas&#038;body=https:\/\/radiorevelacionfm.cl\/?p=44588' aria-hidden='false' data-av_icon='\ue805' data-av_iconfont='entypo-fontello' title='' data-avia-related-tooltip='Compartir por correo'><span class='avia_hidden_link_text'>Compartir por correo<\/span><\/a><\/li><\/ul><\/div><\/div>\n<div  style='height:50px' class='hr hr-invisible   avia-builder-el-8  el_after_av_social_share  el_before_av_comments_list '><span class='hr-inner ' ><span class='hr-inner-style'><\/span><\/span><\/div>\n<div  class='av-buildercomment  av-blog-meta-html-info-disabled av-blog-meta-tag-disabled  '><\/div>\n","protected":false},"excerpt":{"rendered":"","protected":false},"author":1,"featured_media":44589,"comment_status":"open","ping_status":"open","sticky":false,"template":"","format":"standard","meta":{"footnotes":""},"categories":[35],"tags":[],"class_list":["post-44588","post","type-post","status-publish","format-standard","has-post-thumbnail","hentry","category-politica"],"jetpack_featured_media_url":"https:\/\/radiorevelacionfm.cl\/wp-content\/uploads\/2024\/07\/FOTO-REU-COMITE-VILLA-FREI-1-1.jpg","_links":{"self":[{"href":"https:\/\/radiorevelacionfm.cl\/index.php?rest_route=\/wp\/v2\/posts\/44588","targetHints":{"allow":["GET"]}}],"collection":[{"href":"https:\/\/radiorevelacionfm.cl\/index.php?rest_route=\/wp\/v2\/posts"}],"about":[{"href":"https:\/\/radiorevelacionfm.cl\/index.php?rest_route=\/wp\/v2\/types\/post"}],"author":[{"embeddable":true,"href":"https:\/\/radiorevelacionfm.cl\/index.php?rest_route=\/wp\/v2\/users\/1"}],"replies":[{"embeddable":true,"href":"https:\/\/radiorevelacionfm.cl\/index.php?rest_route=%2Fwp%2Fv2%2Fcomments&post=44588"}],"version-history":[{"count":1,"href":"https:\/\/radiorevelacionfm.cl\/index.php?rest_route=\/wp\/v2\/posts\/44588\/revisions"}],"predecessor-version":[{"id":44590,"href":"https:\/\/radiorevelacionfm.cl\/index.php?rest_route=\/wp\/v2\/posts\/44588\/revisions\/44590"}],"wp:featuredmedia":[{"embeddable":true,"href":"https:\/\/radiorevelacionfm.cl\/index.php?rest_route=\/wp\/v2\/media\/44589"}],"wp:attachment":[{"href":"https:\/\/radiorevelacionfm.cl\/index.php?rest_route=%2Fwp%2Fv2%2Fmedia&parent=44588"}],"wp:term":[{"taxonomy":"category","embeddable":true,"href":"https:\/\/radiorevelacionfm.cl\/index.php?rest_route=%2Fwp%2Fv2%2Fcategories&post=44588"},{"taxonomy":"post_tag","embeddable":true,"href":"https:\/\/radiorevelacionfm.cl\/index.php?rest_route=%2Fwp%2Fv2%2Ftags&post=44588"}],"curies":[{"name":"wp","href":"https:\/\/api.w.org\/{rel}","templated":true}]}}