{"id":44585,"date":"2024-07-29T20:57:17","date_gmt":"2024-07-29T23:57:17","guid":{"rendered":"https:\/\/radiorevelacionfm.cl\/?p=44585"},"modified":"2024-07-29T20:57:17","modified_gmt":"2024-07-29T23:57:17","slug":"agentes-culturales-de-aysen-participan-en-encuentro-de-gobiernos-locales-en-puerto-varas","status":"publish","type":"post","link":"https:\/\/radiorevelacionfm.cl\/?p=44585","title":{"rendered":"Agentes culturales de Ays\u00e9n participan en Encuentro de Gobiernos Locales en Puerto Varas"},"content":{"rendered":"<div class=\"flex_column av_one_full  flex_column_div av-zero-column-padding first  avia-builder-el-0  el_before_av_one_full  avia-builder-el-first  \" style='border-radius:0px; '><div  class='avia-image-container  av-styling-    avia-builder-el-1  avia-builder-el-no-sibling  avia-align-center '  itemprop=\"image\" itemscope=\"itemscope\" itemtype=\"https:\/\/schema.org\/ImageObject\"  ><div class='avia-image-container-inner'><div class='avia-image-overlay-wrap'><img decoding=\"async\" class='wp-image-44586 avia-img-lazy-loading-not-44586 avia_image' src=\"https:\/\/radiorevelacionfm.cl\/wp-content\/uploads\/2024\/07\/encuentro-gobiernos-locales2-1-1.jpeg\" alt='' title='encuentro gobiernos locales2 (1) (1)' height=\"600\" width=\"800\"  itemprop=\"thumbnailUrl\" srcset=\"https:\/\/radiorevelacionfm.cl\/wp-content\/uploads\/2024\/07\/encuentro-gobiernos-locales2-1-1.jpeg 800w, https:\/\/radiorevelacionfm.cl\/wp-content\/uploads\/2024\/07\/encuentro-gobiernos-locales2-1-1-300x225.jpeg 300w, https:\/\/radiorevelacionfm.cl\/wp-content\/uploads\/2024\/07\/encuentro-gobiernos-locales2-1-1-768x576.jpeg 768w, https:\/\/radiorevelacionfm.cl\/wp-content\/uploads\/2024\/07\/encuentro-gobiernos-locales2-1-1-705x529.jpeg 705w, https:\/\/radiorevelacionfm.cl\/wp-content\/uploads\/2024\/07\/encuentro-gobiernos-locales2-1-1-450x338.jpeg 450w, https:\/\/radiorevelacionfm.cl\/wp-content\/uploads\/2024\/07\/encuentro-gobiernos-locales2-1-1-600x450.jpeg 600w\" sizes=\"(max-width: 800px) 100vw, 800px\" \/><\/div><\/div><\/div><\/div><div class=\"flex_column av_one_full  flex_column_div av-zero-column-padding first  avia-builder-el-2  el_after_av_one_full  el_before_av_one_full  column-top-margin\" style='border-radius:0px; '><section class=\"av_textblock_section \"  itemscope=\"itemscope\" itemtype=\"https:\/\/schema.org\/BlogPosting\" itemprop=\"blogPost\" ><div class='avia_textblock  '   itemprop=\"text\" ><p style=\"text-align: center;\"><strong><span style=\"font-size: 18pt;\">Agentes culturales de Ays\u00e9n participan en Encuentro de Gobiernos Locales en Puerto Varas<\/span><\/strong><\/p>\n<div id=\"gtx-trans\" style=\"position: absolute; left: -50px; top: 4.31534px;\">\n<div class=\"gtx-trans-icon\"><\/div>\n<\/div>\n<\/div><\/section><\/div><div class=\"flex_column av_one_full  flex_column_div av-zero-column-padding first  avia-builder-el-4  el_after_av_one_full  el_before_av_hr  column-top-margin\" style='border-radius:0px; '><section class=\"av_textblock_section \"  itemscope=\"itemscope\" itemtype=\"https:\/\/schema.org\/BlogPosting\" itemprop=\"blogPost\" ><div class='avia_textblock  '   itemprop=\"text\" ><p style=\"text-align: justify;\">El Encuentro Nacional de Gobiernos Locales reuni\u00f3 en Puerto Varas a m\u00e1s 100 agentes de equipos culturales de todo el pa\u00eds, entre funcionarios de municipios y del Ministerio de las Culturas, las Artes y el Patrimonio.<\/p>\n<p style=\"text-align: justify;\">Organizado por el Departamento de Ciudadan\u00eda Cultural, a trav\u00e9s de la Secci\u00f3n Territorio Cultural y su programa Red Cultura, la reuni\u00f3n nacional busca incorporar enfoques de derechos humanos, econ\u00f3micos, sociales y culturales (DESCA), adem\u00e1s de g\u00e9nero y migraci\u00f3n en el dise\u00f1o de Planes Municipales de Cultura y Planes de Gesti\u00f3n de Espacios Culturales.<\/p>\n<p style=\"text-align: justify;\">Desde Ays\u00e9n, acudieron la profesional de apoyo del programa Red Cultura, Patricia Manquelepi, junto a los encargados de Cultura de los municipios de Cisnes, O\u2019Higgins y Cochrane, Nelson Guzm\u00e1n, Luciano Auad y Antonio Cadag\u00e1n.<\/p>\n<p style=\"text-align: justify;\">Para el seremi de Culturas Ays\u00e9n, Felipe Quiroz, el hecho de reunirse fuera de Santiago para hablar de lo que ocurre en regiones es una se\u00f1al \u201cque va en la l\u00ednea descentralizadora que queremos imprimirle a nuestro Gobierno; estar en los territorios no solo de la regi\u00f3n, sino salir de nuestra zona de confort para conocer otras realidades, comparar y crecer en conjunto\u201d.<\/p>\n<p style=\"text-align: justify;\">El encargado de Cultura de la Municipalidad de O\u2019Higgins, Luciano Auad, viaj\u00f3 hasta Puerto Varas desde la punta austral de nuestra regi\u00f3n: \u201cEs muy necesario conocer las realidades de otros lugares de Chile porque al ser de Ays\u00e9n tenemos la idea de que hay problem\u00e1ticas ue son propias de la regi\u00f3n, pero me di cuenta de que muchas veces no son tan propias y se comparten muchas realidades entre el sur y el norte del pa\u00eds. Hab\u00eda comunidades peque\u00f1as del extremo norte y era muy similar e incluso nosotros est\u00e1bamos en una situaci\u00f3n a\u00fan m\u00e1s favorable al ser de la Regi\u00f3n de Ays\u00e9n. Tambi\u00e9n fue relevante el hecho de que la actividad tuviera un enfoque de derechos humanos, ya que nosotros somos agentes p\u00fablicos y, por lo tanto, cogarantes del derecho para la sociedad en general\u201d.<\/p>\n<p style=\"text-align: justify;\">Los contenidos versaron sobre el Desarrollo de pol\u00edticas p\u00fablicas con enfoque de derechos humanos, con la participaci\u00f3n de Francis Valverde, directora de la Asociaci\u00f3n Chilena pro-Naciones Unidas (ACHNU) y Francia Jamett, encargada de la Unidad de Cultura, Memoria y DDHH del MINCAP. Luego, un panel sobre derechos econ\u00f3micos, sociales, culturales y ambientales, DESCA, con la participaci\u00f3n de Natascha Diharce, encargada del programa Interculturalidad e Inclusi\u00f3n de Migrantes del MINCAP, y Mauricio Maya, jefe regional del Instituto Nacional de Derechos Humanos en la Regi\u00f3n de Los Lagos quien present\u00f3 su ponencia junto a la profesional de la misma instituci\u00f3n, Johana Guala.<\/p>\n<p style=\"text-align: justify;\">El segundo d\u00eda del encuentro se inici\u00f3 con el desarrollo de talleres donde se abordaron temas como el fortalecimiento de las autonom\u00edas de las mujeres y la atenci\u00f3n a las violencias de g\u00e9nero en los Planes Municipales de Cultura, con la participaci\u00f3n de Rosario Garc\u00eda-Huidobro, directora regional del Servicio Nacional de la Mujer y la Equidad de G\u00e9nero de Los Lagos. De manera paralela, se realiz\u00f3 el taller Migraci\u00f3n; desigualdades estructurales para artistas migrantes y la movilidad humana como un proceso permanente, dirigido por la gestora cultural, Julieta Mazzoni.<\/p>\n<p style=\"text-align: justify;\">Finalmente, se conocieron las experiencias de Ciudades Creativas de la M\u00fasica: Valpara\u00edso, Concepci\u00f3n y Frutillar; mientras que representantes de la Red de Ciudades y Gobiernos Locales presentaron sus objetivos y planes de trabajo.<\/p>\n<\/div><\/section><\/div><div  style='height:50px' class='hr hr-invisible   avia-builder-el-6  el_after_av_one_full  el_before_av_social_share '><span class='hr-inner ' ><span class='hr-inner-style'><\/span><\/span><\/div><\/p>\n<div  class='av-social-sharing-box  avia-builder-el-7  el_after_av_hr  el_before_av_hr  '><div class='av-share-box'><h5 class='av-share-link-description av-no-toc '>Compartir esta noticia<\/h5><ul class='av-share-box-list noLightbox'><li class='av-share-link av-social-link-facebook' ><a target=\"_blank\" aria-label=\"Compartir en Facebook\" href='https:\/\/www.facebook.com\/sharer.php?u=https:\/\/radiorevelacionfm.cl\/?p=44585&#038;t=Agentes%20culturales%20de%20Ays%C3%A9n%20participan%20en%20Encuentro%20de%20Gobiernos%20Locales%20en%20Puerto%20Varas' aria-hidden='false' data-av_icon='\ue8f3' data-av_iconfont='entypo-fontello' title='' data-avia-related-tooltip='Compartir en Facebook' rel=\"noopener\"><span class='avia_hidden_link_text'>Compartir en Facebook<\/span><\/a><\/li><li class='av-share-link av-social-link-twitter' ><a target=\"_blank\" aria-label=\"Compartir en Twitter\" href='https:\/\/twitter.com\/share?text=Agentes%20culturales%20de%20Ays%C3%A9n%20participan%20en%20Encuentro%20de%20Gobiernos%20Locales%20en%20Puerto%20Varas&#038;url=https:\/\/radiorevelacionfm.cl\/?p=44585' aria-hidden='false' data-av_icon='\ue8f1' data-av_iconfont='entypo-fontello' title='' data-avia-related-tooltip='Compartir en Twitter' rel=\"noopener\"><span class='avia_hidden_link_text'>Compartir en Twitter<\/span><\/a><\/li><li class='av-share-link av-social-link-whatsapp' ><a target=\"_blank\" aria-label=\"Compartir en Whatsapp\" href='https:\/\/api.whatsapp.com\/send?text=https:\/\/radiorevelacionfm.cl\/?p=44585' aria-hidden='false' data-av_icon='\uf232' data-av_iconfont='entypo-fontello' title='' data-avia-related-tooltip='Compartir en Whatsapp' rel=\"noopener\"><span class='avia_hidden_link_text'>Compartir en Whatsapp<\/span><\/a><\/li><li class='av-share-link av-social-link-linkedin' ><a target=\"_blank\" aria-label=\"Compartir en LinkedIn\" href='https:\/\/linkedin.com\/shareArticle?mini=true&#038;title=Agentes%20culturales%20de%20Ays%C3%A9n%20participan%20en%20Encuentro%20de%20Gobiernos%20Locales%20en%20Puerto%20Varas&#038;url=https:\/\/radiorevelacionfm.cl\/?p=44585' aria-hidden='false' data-av_icon='\ue8fc' data-av_iconfont='entypo-fontello' title='' data-avia-related-tooltip='Compartir en LinkedIn' rel=\"noopener\"><span class='avia_hidden_link_text'>Compartir en LinkedIn<\/span><\/a><\/li><li class='av-share-link av-social-link-mail' ><a  aria-label=\"Compartir por correo\" href='mailto:?subject=Agentes%20culturales%20de%20Ays%C3%A9n%20participan%20en%20Encuentro%20de%20Gobiernos%20Locales%20en%20Puerto%20Varas&#038;body=https:\/\/radiorevelacionfm.cl\/?p=44585' aria-hidden='false' data-av_icon='\ue805' data-av_iconfont='entypo-fontello' title='' data-avia-related-tooltip='Compartir por correo'><span class='avia_hidden_link_text'>Compartir por correo<\/span><\/a><\/li><\/ul><\/div><\/div>\n<div  style='height:50px' class='hr hr-invisible   avia-builder-el-8  el_after_av_social_share  el_before_av_comments_list '><span class='hr-inner ' ><span class='hr-inner-style'><\/span><\/span><\/div>\n<div  class='av-buildercomment  av-blog-meta-html-info-disabled av-blog-meta-tag-disabled  '><\/div>\n","protected":false},"excerpt":{"rendered":"","protected":false},"author":1,"featured_media":44586,"comment_status":"open","ping_status":"open","sticky":false,"template":"","format":"standard","meta":{"footnotes":""},"categories":[52],"tags":[],"class_list":["post-44585","post","type-post","status-publish","format-standard","has-post-thumbnail","hentry","category-cultura"],"jetpack_featured_media_url":"https:\/\/radiorevelacionfm.cl\/wp-content\/uploads\/2024\/07\/encuentro-gobiernos-locales2-1-1.jpeg","_links":{"self":[{"href":"https:\/\/radiorevelacionfm.cl\/index.php?rest_route=\/wp\/v2\/posts\/44585","targetHints":{"allow":["GET"]}}],"collection":[{"href":"https:\/\/radiorevelacionfm.cl\/index.php?rest_route=\/wp\/v2\/posts"}],"about":[{"href":"https:\/\/radiorevelacionfm.cl\/index.php?rest_route=\/wp\/v2\/types\/post"}],"author":[{"embeddable":true,"href":"https:\/\/radiorevelacionfm.cl\/index.php?rest_route=\/wp\/v2\/users\/1"}],"replies":[{"embeddable":true,"href":"https:\/\/radiorevelacionfm.cl\/index.php?rest_route=%2Fwp%2Fv2%2Fcomments&post=44585"}],"version-history":[{"count":1,"href":"https:\/\/radiorevelacionfm.cl\/index.php?rest_route=\/wp\/v2\/posts\/44585\/revisions"}],"predecessor-version":[{"id":44587,"href":"https:\/\/radiorevelacionfm.cl\/index.php?rest_route=\/wp\/v2\/posts\/44585\/revisions\/44587"}],"wp:featuredmedia":[{"embeddable":true,"href":"https:\/\/radiorevelacionfm.cl\/index.php?rest_route=\/wp\/v2\/media\/44586"}],"wp:attachment":[{"href":"https:\/\/radiorevelacionfm.cl\/index.php?rest_route=%2Fwp%2Fv2%2Fmedia&parent=44585"}],"wp:term":[{"taxonomy":"category","embeddable":true,"href":"https:\/\/radiorevelacionfm.cl\/index.php?rest_route=%2Fwp%2Fv2%2Fcategories&post=44585"},{"taxonomy":"post_tag","embeddable":true,"href":"https:\/\/radiorevelacionfm.cl\/index.php?rest_route=%2Fwp%2Fv2%2Ftags&post=44585"}],"curies":[{"name":"wp","href":"https:\/\/api.w.org\/{rel}","templated":true}]}}