{"id":44579,"date":"2024-07-29T18:14:05","date_gmt":"2024-07-29T21:14:05","guid":{"rendered":"https:\/\/radiorevelacionfm.cl\/?p=44579"},"modified":"2024-07-29T18:14:05","modified_gmt":"2024-07-29T21:14:05","slug":"se-conforma-el-primer-consejo-consultivo-comunal-de-ninos-ninas-y-adolescentes-en-aysen","status":"publish","type":"post","link":"https:\/\/radiorevelacionfm.cl\/?p=44579","title":{"rendered":"Se conforma el primer Consejo Consultivo Comunal de ni\u00f1os, ni\u00f1as y adolescentes en Ays\u00e9n"},"content":{"rendered":"<div class=\"flex_column av_one_full  flex_column_div av-zero-column-padding first  avia-builder-el-0  el_before_av_one_full  avia-builder-el-first  \" style='border-radius:0px; '><div  class='avia-image-container  av-styling-    avia-builder-el-1  avia-builder-el-no-sibling  avia-align-center '  itemprop=\"image\" itemscope=\"itemscope\" itemtype=\"https:\/\/schema.org\/ImageObject\"  ><div class='avia-image-container-inner'><div class='avia-image-overlay-wrap'><img decoding=\"async\" class='wp-image-44580 avia-img-lazy-loading-not-44580 avia_image' src=\"https:\/\/radiorevelacionfm.cl\/wp-content\/uploads\/2024\/07\/20240724_160629-1_optimized.jpg\" alt='' title='20240724_160629-(1)_optimized' height=\"600\" width=\"1066\"  itemprop=\"thumbnailUrl\" srcset=\"https:\/\/radiorevelacionfm.cl\/wp-content\/uploads\/2024\/07\/20240724_160629-1_optimized.jpg 1066w, https:\/\/radiorevelacionfm.cl\/wp-content\/uploads\/2024\/07\/20240724_160629-1_optimized-300x169.jpg 300w, https:\/\/radiorevelacionfm.cl\/wp-content\/uploads\/2024\/07\/20240724_160629-1_optimized-1030x580.jpg 1030w, https:\/\/radiorevelacionfm.cl\/wp-content\/uploads\/2024\/07\/20240724_160629-1_optimized-768x432.jpg 768w, https:\/\/radiorevelacionfm.cl\/wp-content\/uploads\/2024\/07\/20240724_160629-1_optimized-705x397.jpg 705w, https:\/\/radiorevelacionfm.cl\/wp-content\/uploads\/2024\/07\/20240724_160629-1_optimized-450x253.jpg 450w, https:\/\/radiorevelacionfm.cl\/wp-content\/uploads\/2024\/07\/20240724_160629-1_optimized-600x338.jpg 600w\" sizes=\"(max-width: 1066px) 100vw, 1066px\" \/><\/div><\/div><\/div><\/div><div class=\"flex_column av_one_full  flex_column_div av-zero-column-padding first  avia-builder-el-2  el_after_av_one_full  el_before_av_one_full  column-top-margin\" style='border-radius:0px; '><section class=\"av_textblock_section \"  itemscope=\"itemscope\" itemtype=\"https:\/\/schema.org\/BlogPosting\" itemprop=\"blogPost\" ><div class='avia_textblock  '   itemprop=\"text\" ><p style=\"text-align: center;\"><strong><span style=\"font-size: 18pt;\">Se conforma el primer Consejo Consultivo Comunal de ni\u00f1os, ni\u00f1as y adolescentes en Ays\u00e9n<\/span><\/strong><\/p>\n<div id=\"gtx-trans\" style=\"position: absolute; left: -50px; top: 4.31534px;\">\n<div class=\"gtx-trans-icon\"><\/div>\n<\/div>\n<\/div><\/section><\/div><div class=\"flex_column av_one_full  flex_column_div av-zero-column-padding first  avia-builder-el-4  el_after_av_one_full  el_before_av_hr  column-top-margin\" style='border-radius:0px; '><section class=\"av_textblock_section \"  itemscope=\"itemscope\" itemtype=\"https:\/\/schema.org\/BlogPosting\" itemprop=\"blogPost\" ><div class='avia_textblock  '   itemprop=\"text\" ><p style=\"text-align: justify;\"><em>Esto permitir\u00e1 tener representaci\u00f3n de las personas m\u00e1s j\u00f3venes de la comuna, quienes podr\u00e1n tener voz y voto en decisiones que los afectan e interesan.<\/em><\/p>\n<p style=\"text-align: justify;\">De parte de la Oficina Local de la Ni\u00f1ez de la Municipalidad de Ays\u00e9n, se convoc\u00f3 a varios j\u00f3venes l\u00edderes de varios tipos de organizaciones, esto para formar un consejo consultivo de car\u00e1cter comunal. Una iniciativa que ha realizado a nivel nacional comenzando desde territorio comunal, con la finalidad de conformar un consejo regional y nacional.<\/p>\n<p style=\"text-align: justify;\">El objetivo de la actividad fue potenciar y poner en valor la participaci\u00f3n de los ni\u00f1os, ni\u00f1as y adolescentes, uno de los fines fundamentales que la Oficina Local de la Ni\u00f1ez que, a trav\u00e9s de la Ley 21.430, tiene que realizar durante este periodo.<\/p>\n<p style=\"text-align: justify;\">El asistente social Manuel Vera, gestor comunitario de la Oficina Local de la Ni\u00f1ez, dice estar contento porque \u201chan participado diversos ni\u00f1os y adolescentes que representan a la comunidad, tanto en organizaciones infantiles, juveniles, deportivas, culturales. Esta ha sido sumamente importante, ya que nos ha permitido poder realizar este tipo de actividades que es la conformaci\u00f3n del primer Consejo Consultivo de la Comuna, en el cual el objetivo es poder potenciar la participaci\u00f3n y que nuestros ni\u00f1os y adolescentes tengan voz, tengan voto y puedan tener influencia en la toma de decisiones y asuntos que le puedan afectar o interesar\u201d.<\/p>\n<p style=\"text-align: justify;\">Humberto Avenda\u00f1o, el nuevo presidente del Consejo Consultivo est\u00e1 motivado, pero tambi\u00e9n expectante de su cargo, por eso comenta, \u201ccomo yo soy reci\u00e9n presidente, no s\u00e9 la verdad en qu\u00e9 tengo poder, pero en lo que pueda ayudar a los j\u00f3venes, estar\u00e9 atento\u201d.<\/p>\n<p style=\"text-align: justify;\">\u201cSiempre hay que escuchar la voz de los j\u00f3venes, ya que aunque sean los m\u00e1s j\u00f3venes y no tengamos tanta experiencia. Es bueno saber lo que opinamos, ya que tenemos otro punto de vista, distinta a la de los adultos. Espero que los j\u00f3venes se motiven a seguir participando y que no tengan miedo a hablar, que sean m\u00e1s expresivos, que no se encierren, es mejor comunicarse\u201d, finaliz\u00f3 Humberto Avenda\u00f1o.<\/p>\n<p style=\"text-align: justify;\">La OLN ahora se encargar\u00e1 de validar este Consejo con un decreto para que de manera oficial pueda tener contundencia la palabra de los representantes a la hora de dar la opini\u00f3n.<\/p>\n<p style=\"text-align: justify;\">Katherine Pinuer, encargada de la Oficina Local de la Ni\u00f1ez realiz\u00f3 una invitaci\u00f3n a todos los j\u00f3venes ayseninos.\u201cHacer un llamado a todos los j\u00f3venes, a los ni\u00f1os y ni\u00f1as y adolescentes de la comuna a que puedan sumarse. Si ahora no pudieron venir, nosotros les vamos a estar avisando desde las redes sociales de la p\u00e1gina de la Municipalidad de Ays\u00e9n, de las pr\u00f3ximas reuniones que vamos a tener de nuestro Consejo\u201d.<\/p>\n<\/div><\/section><\/div><div  style='height:50px' class='hr hr-invisible   avia-builder-el-6  el_after_av_one_full  el_before_av_social_share '><span class='hr-inner ' ><span class='hr-inner-style'><\/span><\/span><\/div><\/p>\n<div  class='av-social-sharing-box  avia-builder-el-7  el_after_av_hr  el_before_av_hr  '><div class='av-share-box'><h5 class='av-share-link-description av-no-toc '>Compartir esta noticia<\/h5><ul class='av-share-box-list noLightbox'><li class='av-share-link av-social-link-facebook' ><a target=\"_blank\" aria-label=\"Compartir en Facebook\" href='https:\/\/www.facebook.com\/sharer.php?u=https:\/\/radiorevelacionfm.cl\/?p=44579&#038;t=Se%20conforma%20el%20primer%20Consejo%20Consultivo%20Comunal%20de%20ni%C3%B1os%2C%20ni%C3%B1as%20y%20adolescentes%20en%20Ays%C3%A9n' aria-hidden='false' data-av_icon='\ue8f3' data-av_iconfont='entypo-fontello' title='' data-avia-related-tooltip='Compartir en Facebook' rel=\"noopener\"><span class='avia_hidden_link_text'>Compartir en Facebook<\/span><\/a><\/li><li class='av-share-link av-social-link-twitter' ><a target=\"_blank\" aria-label=\"Compartir en Twitter\" href='https:\/\/twitter.com\/share?text=Se%20conforma%20el%20primer%20Consejo%20Consultivo%20Comunal%20de%20ni%C3%B1os%2C%20ni%C3%B1as%20y%20adolescentes%20en%20Ays%C3%A9n&#038;url=https:\/\/radiorevelacionfm.cl\/?p=44579' aria-hidden='false' data-av_icon='\ue8f1' data-av_iconfont='entypo-fontello' title='' data-avia-related-tooltip='Compartir en Twitter' rel=\"noopener\"><span class='avia_hidden_link_text'>Compartir en Twitter<\/span><\/a><\/li><li class='av-share-link av-social-link-whatsapp' ><a target=\"_blank\" aria-label=\"Compartir en Whatsapp\" href='https:\/\/api.whatsapp.com\/send?text=https:\/\/radiorevelacionfm.cl\/?p=44579' aria-hidden='false' data-av_icon='\uf232' data-av_iconfont='entypo-fontello' title='' data-avia-related-tooltip='Compartir en Whatsapp' rel=\"noopener\"><span class='avia_hidden_link_text'>Compartir en Whatsapp<\/span><\/a><\/li><li class='av-share-link av-social-link-linkedin' ><a target=\"_blank\" aria-label=\"Compartir en LinkedIn\" href='https:\/\/linkedin.com\/shareArticle?mini=true&#038;title=Se%20conforma%20el%20primer%20Consejo%20Consultivo%20Comunal%20de%20ni%C3%B1os%2C%20ni%C3%B1as%20y%20adolescentes%20en%20Ays%C3%A9n&#038;url=https:\/\/radiorevelacionfm.cl\/?p=44579' aria-hidden='false' data-av_icon='\ue8fc' data-av_iconfont='entypo-fontello' title='' data-avia-related-tooltip='Compartir en LinkedIn' rel=\"noopener\"><span class='avia_hidden_link_text'>Compartir en LinkedIn<\/span><\/a><\/li><li class='av-share-link av-social-link-mail' ><a  aria-label=\"Compartir por correo\" href='mailto:?subject=Se%20conforma%20el%20primer%20Consejo%20Consultivo%20Comunal%20de%20ni%C3%B1os%2C%20ni%C3%B1as%20y%20adolescentes%20en%20Ays%C3%A9n&#038;body=https:\/\/radiorevelacionfm.cl\/?p=44579' aria-hidden='false' data-av_icon='\ue805' data-av_iconfont='entypo-fontello' title='' data-avia-related-tooltip='Compartir por correo'><span class='avia_hidden_link_text'>Compartir por correo<\/span><\/a><\/li><\/ul><\/div><\/div>\n<div  style='height:50px' class='hr hr-invisible   avia-builder-el-8  el_after_av_social_share  el_before_av_comments_list '><span class='hr-inner ' ><span class='hr-inner-style'><\/span><\/span><\/div>\n<div  class='av-buildercomment  av-blog-meta-html-info-disabled av-blog-meta-tag-disabled  '><\/div>\n","protected":false},"excerpt":{"rendered":"","protected":false},"author":1,"featured_media":44580,"comment_status":"open","ping_status":"open","sticky":false,"template":"","format":"standard","meta":{"footnotes":""},"categories":[38],"tags":[],"class_list":["post-44579","post","type-post","status-publish","format-standard","has-post-thumbnail","hentry","category-regional"],"jetpack_featured_media_url":"https:\/\/radiorevelacionfm.cl\/wp-content\/uploads\/2024\/07\/20240724_160629-1_optimized.jpg","_links":{"self":[{"href":"https:\/\/radiorevelacionfm.cl\/index.php?rest_route=\/wp\/v2\/posts\/44579","targetHints":{"allow":["GET"]}}],"collection":[{"href":"https:\/\/radiorevelacionfm.cl\/index.php?rest_route=\/wp\/v2\/posts"}],"about":[{"href":"https:\/\/radiorevelacionfm.cl\/index.php?rest_route=\/wp\/v2\/types\/post"}],"author":[{"embeddable":true,"href":"https:\/\/radiorevelacionfm.cl\/index.php?rest_route=\/wp\/v2\/users\/1"}],"replies":[{"embeddable":true,"href":"https:\/\/radiorevelacionfm.cl\/index.php?rest_route=%2Fwp%2Fv2%2Fcomments&post=44579"}],"version-history":[{"count":1,"href":"https:\/\/radiorevelacionfm.cl\/index.php?rest_route=\/wp\/v2\/posts\/44579\/revisions"}],"predecessor-version":[{"id":44581,"href":"https:\/\/radiorevelacionfm.cl\/index.php?rest_route=\/wp\/v2\/posts\/44579\/revisions\/44581"}],"wp:featuredmedia":[{"embeddable":true,"href":"https:\/\/radiorevelacionfm.cl\/index.php?rest_route=\/wp\/v2\/media\/44580"}],"wp:attachment":[{"href":"https:\/\/radiorevelacionfm.cl\/index.php?rest_route=%2Fwp%2Fv2%2Fmedia&parent=44579"}],"wp:term":[{"taxonomy":"category","embeddable":true,"href":"https:\/\/radiorevelacionfm.cl\/index.php?rest_route=%2Fwp%2Fv2%2Fcategories&post=44579"},{"taxonomy":"post_tag","embeddable":true,"href":"https:\/\/radiorevelacionfm.cl\/index.php?rest_route=%2Fwp%2Fv2%2Ftags&post=44579"}],"curies":[{"name":"wp","href":"https:\/\/api.w.org\/{rel}","templated":true}]}}