{"id":44576,"date":"2024-07-29T17:48:54","date_gmt":"2024-07-29T20:48:54","guid":{"rendered":"https:\/\/radiorevelacionfm.cl\/?p=44576"},"modified":"2024-07-29T17:48:54","modified_gmt":"2024-07-29T20:48:54","slug":"mesa-de-energia-de-aysen-aborda-cambios-legales-para-avanzar-en-equidad-tarifaria-e-impulsar-la-innovacion-y-el-desarrollo","status":"publish","type":"post","link":"https:\/\/radiorevelacionfm.cl\/?p=44576","title":{"rendered":"Mesa de Energ\u00eda de Ays\u00e9n aborda cambios legales para avanzar en equidad tarifaria e impulsar la innovaci\u00f3n y el desarrollo"},"content":{"rendered":"<div class=\"flex_column av_one_full  flex_column_div av-zero-column-padding first  avia-builder-el-0  el_before_av_one_full  avia-builder-el-first  \" style='border-radius:0px; '><div  class='avia-image-container  av-styling-    avia-builder-el-1  avia-builder-el-no-sibling  avia-align-center '  itemprop=\"image\" itemscope=\"itemscope\" itemtype=\"https:\/\/schema.org\/ImageObject\"  ><div class='avia-image-container-inner'><div class='avia-image-overlay-wrap'><img decoding=\"async\" class='wp-image-44577 avia-img-lazy-loading-not-44577 avia_image' src=\"https:\/\/radiorevelacionfm.cl\/wp-content\/uploads\/2024\/07\/mesa-de-energia-1_optimized-1.jpg\" alt='' title='mesa-de-energ\u00eda-(1)_optimized (1)' height=\"600\" width=\"1067\"  itemprop=\"thumbnailUrl\" srcset=\"https:\/\/radiorevelacionfm.cl\/wp-content\/uploads\/2024\/07\/mesa-de-energia-1_optimized-1.jpg 1067w, https:\/\/radiorevelacionfm.cl\/wp-content\/uploads\/2024\/07\/mesa-de-energia-1_optimized-1-300x169.jpg 300w, https:\/\/radiorevelacionfm.cl\/wp-content\/uploads\/2024\/07\/mesa-de-energia-1_optimized-1-1030x579.jpg 1030w, https:\/\/radiorevelacionfm.cl\/wp-content\/uploads\/2024\/07\/mesa-de-energia-1_optimized-1-768x432.jpg 768w, https:\/\/radiorevelacionfm.cl\/wp-content\/uploads\/2024\/07\/mesa-de-energia-1_optimized-1-705x396.jpg 705w, https:\/\/radiorevelacionfm.cl\/wp-content\/uploads\/2024\/07\/mesa-de-energia-1_optimized-1-450x253.jpg 450w, https:\/\/radiorevelacionfm.cl\/wp-content\/uploads\/2024\/07\/mesa-de-energia-1_optimized-1-600x337.jpg 600w\" sizes=\"(max-width: 1067px) 100vw, 1067px\" \/><\/div><\/div><\/div><\/div><div class=\"flex_column av_one_full  flex_column_div av-zero-column-padding first  avia-builder-el-2  el_after_av_one_full  el_before_av_one_full  column-top-margin\" style='border-radius:0px; '><section class=\"av_textblock_section \"  itemscope=\"itemscope\" itemtype=\"https:\/\/schema.org\/BlogPosting\" itemprop=\"blogPost\" ><div class='avia_textblock  '   itemprop=\"text\" ><p style=\"text-align: center;\"><span style=\"font-size: 18pt;\"><b>Mesa de Energ\u00eda de Ays\u00e9n aborda cambios legales para avanzar en equidad tarifaria e impulsar la innovaci\u00f3n y el desarrollo<\/b><\/span><\/p>\n<div id=\"gtx-trans\" style=\"position: absolute; left: -50px; top: 4.31534px;\">\n<div class=\"gtx-trans-icon\"><\/div>\n<\/div>\n<\/div><\/section><\/div><div class=\"flex_column av_one_full  flex_column_div av-zero-column-padding first  avia-builder-el-4  el_after_av_one_full  el_before_av_hr  column-top-margin\" style='border-radius:0px; '><section class=\"av_textblock_section \"  itemscope=\"itemscope\" itemtype=\"https:\/\/schema.org\/BlogPosting\" itemprop=\"blogPost\" ><div class='avia_textblock  '   itemprop=\"text\" ><p style=\"font-weight: 400; text-align: justify;\">El Ministerio de Energ\u00eda y Corfo Ays\u00e9n relanzaron la Mesa de Energ\u00eda para enfrentar los desaf\u00edos energ\u00e9ticos de la regi\u00f3n, promoviendo la transici\u00f3n hacia una matriz m\u00e1s sostenible. Este espacio de colaboraci\u00f3n p\u00fablico-privado busca reducir la dependencia de combustibles f\u00f3siles y fomentar el uso de energ\u00edas renovables. En la sesi\u00f3n, se present\u00f3 un estudio de diagn\u00f3stico normativo de sistemas medianos al sector privado, financiado por el Gore, ejecutado por el CIEP y encargado a la consultora IESD.<\/p>\n<p style=\"font-weight: 400; text-align: justify;\">Tom\u00e1s Laibe S\u00e1ez, Seremi de Energ\u00eda, destac\u00f3 los alcances de esta iniciativa. \u00abEn la Mesa de Energ\u00eda analizamos los desaf\u00edos normativos y de programas para que el sector energ\u00e9tico se convierta en un habilitador del desarrollo de Ays\u00e9n, en lugar de un impedimento. Hemos presentado un estudio para mejorar la ley que rige los sistemas medianos de Ays\u00e9n, la cual actualmente limita el desarrollo en t\u00e9rminos de adopci\u00f3n de energ\u00eda renovable y equidad tarifaria\u00bb.<\/p>\n<p style=\"font-weight: 400; text-align: justify;\">\u00abAdoptar tecnolog\u00edas innovadoras en energ\u00edas renovables es esencial para mejorar la competitividad regional,\u00bb afirm\u00f3 Humberto Mar\u00edn Leiva, director de Corfo Ays\u00e9n. \u00abLa innovaci\u00f3n y competitividad son claves para nuestro crecimiento. Promover inversiones que impulsen un desarrollo econ\u00f3mico sostenible beneficiar\u00e1 a futuras generaciones. Adem\u00e1s, apoyamos pol\u00edticas p\u00fablicas que faciliten la transici\u00f3n energ\u00e9tica y mitiguen el cambio clim\u00e1tico. Es esencial tener pol\u00edticas p\u00fablicas eficaces para enfrentar estos desaf\u00edos\u00bb, detall\u00f3 Mar\u00edn Leiva.<\/p>\n<p style=\"font-weight: 400; text-align: justify;\"><strong>TRABAJO COLABORATIVO<\/strong><\/p>\n<p style=\"font-weight: 400; text-align: justify;\">Alejandro Galilea Carrillo del Proyecto Kostenaiken enfatiz\u00f3 la necesidad de institucionalizar la Mesa de Energ\u00eda de forma permanente. Considera que el trabajo presentado por el Centro de Investigaci\u00f3n en Ecosistemas de la Patagonia (CIEP) es robusto y que debe presentarse un resumen a los parlamentarios para avanzar legalmente. Galilea destac\u00f3 la importancia de que el Gobierno Regional proporcione recursos y apoyo t\u00e9cnico continuo para guiar a los parlamentarios en este proceso.<\/p>\n<p style=\"font-weight: 400; text-align: justify;\">Por su parte, Leonardo Mor\u00e1n Aldana, gerente zonal de Edelaysen, elogi\u00f3 los esfuerzos para regular sistemas medianos en la regi\u00f3n, consider\u00e1ndolos fundamentales para resolver problemas estructurales y reducir tarifas. Subray\u00f3 la necesidad de descarbonizar la matriz energ\u00e9tica, ya que el di\u00e9sel es mucho m\u00e1s costoso que las energ\u00edas renovables e impacta negativamente en los costos de generaci\u00f3n. Mor\u00e1n inst\u00f3 a ajustar la legislaci\u00f3n para incentivar proyectos de energ\u00eda renovable y solucionar problemas como la contaminaci\u00f3n en Coyhaique.<\/p>\n<p style=\"font-weight: 400; text-align: justify;\">En tanto, Rodrigo Soto Avello, subgerente de proyectos de Innovaci\u00f3n y Energ\u00eda de Gasco, valor\u00f3 la inclusi\u00f3n del sector privado en la Mesa de Energ\u00eda. Destac\u00f3 que esta inclusi\u00f3n es fundamental para promover iniciativas de generaci\u00f3n m\u00e1s limpia. Tener estos proyectos en el radar de las autoridades facilita la colaboraci\u00f3n y el avance hacia un futuro energ\u00e9tico m\u00e1s sostenible.<\/p>\n<p style=\"font-weight: 400; text-align: justify;\">En la sesi\u00f3n participaron diversas autoridades y representantes del sector privado y academia, como Edelays\u00e9n, Gasco, la C\u00e1mara Chilena de la Construcci\u00f3n, la Universidad de Ays\u00e9n, el Centro de Investigaci\u00f3n en Ecosistemas de la Patagonia (CIEP) y la Corporaci\u00f3n de Desarrollo Productivo del Litoral de Ays\u00e9n, CorpAys\u00e9n.<\/p>\n<\/div><\/section><\/div><div  style='height:50px' class='hr hr-invisible   avia-builder-el-6  el_after_av_one_full  el_before_av_social_share '><span class='hr-inner ' ><span class='hr-inner-style'><\/span><\/span><\/div><\/p>\n<div  class='av-social-sharing-box  avia-builder-el-7  el_after_av_hr  el_before_av_hr  '><div class='av-share-box'><h5 class='av-share-link-description av-no-toc '>Compartir esta noticia<\/h5><ul class='av-share-box-list noLightbox'><li class='av-share-link av-social-link-facebook' ><a target=\"_blank\" aria-label=\"Compartir en Facebook\" href='https:\/\/www.facebook.com\/sharer.php?u=https:\/\/radiorevelacionfm.cl\/?p=44576&#038;t=Mesa%20de%20Energ%C3%ADa%20de%20Ays%C3%A9n%20aborda%20cambios%20legales%20para%20avanzar%20en%20equidad%20tarifaria%20e%20impulsar%20la%20innovaci%C3%B3n%20y%20el%20desarrollo' aria-hidden='false' data-av_icon='\ue8f3' data-av_iconfont='entypo-fontello' title='' data-avia-related-tooltip='Compartir en Facebook' rel=\"noopener\"><span class='avia_hidden_link_text'>Compartir en Facebook<\/span><\/a><\/li><li class='av-share-link av-social-link-twitter' ><a target=\"_blank\" aria-label=\"Compartir en Twitter\" href='https:\/\/twitter.com\/share?text=Mesa%20de%20Energ%C3%ADa%20de%20Ays%C3%A9n%20aborda%20cambios%20legales%20para%20avanzar%20en%20equidad%20tarifaria%20e%20impulsar%20la%20innovaci%C3%B3n%20y%20el%20desarrollo&#038;url=https:\/\/radiorevelacionfm.cl\/?p=44576' aria-hidden='false' data-av_icon='\ue8f1' data-av_iconfont='entypo-fontello' title='' data-avia-related-tooltip='Compartir en Twitter' rel=\"noopener\"><span class='avia_hidden_link_text'>Compartir en Twitter<\/span><\/a><\/li><li class='av-share-link av-social-link-whatsapp' ><a target=\"_blank\" aria-label=\"Compartir en Whatsapp\" href='https:\/\/api.whatsapp.com\/send?text=https:\/\/radiorevelacionfm.cl\/?p=44576' aria-hidden='false' data-av_icon='\uf232' data-av_iconfont='entypo-fontello' title='' data-avia-related-tooltip='Compartir en Whatsapp' rel=\"noopener\"><span class='avia_hidden_link_text'>Compartir en Whatsapp<\/span><\/a><\/li><li class='av-share-link av-social-link-linkedin' ><a target=\"_blank\" aria-label=\"Compartir en LinkedIn\" href='https:\/\/linkedin.com\/shareArticle?mini=true&#038;title=Mesa%20de%20Energ%C3%ADa%20de%20Ays%C3%A9n%20aborda%20cambios%20legales%20para%20avanzar%20en%20equidad%20tarifaria%20e%20impulsar%20la%20innovaci%C3%B3n%20y%20el%20desarrollo&#038;url=https:\/\/radiorevelacionfm.cl\/?p=44576' aria-hidden='false' data-av_icon='\ue8fc' data-av_iconfont='entypo-fontello' title='' data-avia-related-tooltip='Compartir en LinkedIn' rel=\"noopener\"><span class='avia_hidden_link_text'>Compartir en LinkedIn<\/span><\/a><\/li><li class='av-share-link av-social-link-mail' ><a  aria-label=\"Compartir por correo\" href='mailto:?subject=Mesa%20de%20Energ%C3%ADa%20de%20Ays%C3%A9n%20aborda%20cambios%20legales%20para%20avanzar%20en%20equidad%20tarifaria%20e%20impulsar%20la%20innovaci%C3%B3n%20y%20el%20desarrollo&#038;body=https:\/\/radiorevelacionfm.cl\/?p=44576' aria-hidden='false' data-av_icon='\ue805' data-av_iconfont='entypo-fontello' title='' data-avia-related-tooltip='Compartir por correo'><span class='avia_hidden_link_text'>Compartir por correo<\/span><\/a><\/li><\/ul><\/div><\/div>\n<div  style='height:50px' class='hr hr-invisible   avia-builder-el-8  el_after_av_social_share  el_before_av_comments_list '><span class='hr-inner ' ><span class='hr-inner-style'><\/span><\/span><\/div>\n<div  class='av-buildercomment  av-blog-meta-html-info-disabled av-blog-meta-tag-disabled  '><\/div>\n","protected":false},"excerpt":{"rendered":"","protected":false},"author":1,"featured_media":44577,"comment_status":"open","ping_status":"open","sticky":false,"template":"","format":"standard","meta":{"footnotes":""},"categories":[38],"tags":[],"class_list":["post-44576","post","type-post","status-publish","format-standard","has-post-thumbnail","hentry","category-regional"],"jetpack_featured_media_url":"https:\/\/radiorevelacionfm.cl\/wp-content\/uploads\/2024\/07\/mesa-de-energia-1_optimized-1.jpg","_links":{"self":[{"href":"https:\/\/radiorevelacionfm.cl\/index.php?rest_route=\/wp\/v2\/posts\/44576","targetHints":{"allow":["GET"]}}],"collection":[{"href":"https:\/\/radiorevelacionfm.cl\/index.php?rest_route=\/wp\/v2\/posts"}],"about":[{"href":"https:\/\/radiorevelacionfm.cl\/index.php?rest_route=\/wp\/v2\/types\/post"}],"author":[{"embeddable":true,"href":"https:\/\/radiorevelacionfm.cl\/index.php?rest_route=\/wp\/v2\/users\/1"}],"replies":[{"embeddable":true,"href":"https:\/\/radiorevelacionfm.cl\/index.php?rest_route=%2Fwp%2Fv2%2Fcomments&post=44576"}],"version-history":[{"count":1,"href":"https:\/\/radiorevelacionfm.cl\/index.php?rest_route=\/wp\/v2\/posts\/44576\/revisions"}],"predecessor-version":[{"id":44578,"href":"https:\/\/radiorevelacionfm.cl\/index.php?rest_route=\/wp\/v2\/posts\/44576\/revisions\/44578"}],"wp:featuredmedia":[{"embeddable":true,"href":"https:\/\/radiorevelacionfm.cl\/index.php?rest_route=\/wp\/v2\/media\/44577"}],"wp:attachment":[{"href":"https:\/\/radiorevelacionfm.cl\/index.php?rest_route=%2Fwp%2Fv2%2Fmedia&parent=44576"}],"wp:term":[{"taxonomy":"category","embeddable":true,"href":"https:\/\/radiorevelacionfm.cl\/index.php?rest_route=%2Fwp%2Fv2%2Fcategories&post=44576"},{"taxonomy":"post_tag","embeddable":true,"href":"https:\/\/radiorevelacionfm.cl\/index.php?rest_route=%2Fwp%2Fv2%2Ftags&post=44576"}],"curies":[{"name":"wp","href":"https:\/\/api.w.org\/{rel}","templated":true}]}}