{"id":44573,"date":"2024-07-29T15:53:49","date_gmt":"2024-07-29T18:53:49","guid":{"rendered":"https:\/\/radiorevelacionfm.cl\/?p=44573"},"modified":"2024-07-29T15:53:49","modified_gmt":"2024-07-29T18:53:49","slug":"pdi-detiene-a-imputado-por-homicidio-ocurrido-el-fin-de-semana-en-coyhaique","status":"publish","type":"post","link":"https:\/\/radiorevelacionfm.cl\/?p=44573","title":{"rendered":"PDI detiene a imputado por homicidio ocurrido el fin de semana en Coyhaique"},"content":{"rendered":"<div class=\"flex_column av_one_full  flex_column_div av-zero-column-padding first  avia-builder-el-0  el_before_av_one_full  avia-builder-el-first  \" style='border-radius:0px; '><div  class='avia-image-container  av-styling-    avia-builder-el-1  avia-builder-el-no-sibling  avia-align-center '  itemprop=\"image\" itemscope=\"itemscope\" itemtype=\"https:\/\/schema.org\/ImageObject\"  ><div class='avia-image-container-inner'><div class='avia-image-overlay-wrap'><img decoding=\"async\" class='wp-image-6578 avia-img-lazy-loading-not-6578 avia_image' src=\"https:\/\/radiorevelacionfm.cl\/wp-content\/uploads\/2021\/07\/PDI-detencion1-1.jpg\" alt='' title='PDI-detencion1 (1)' height=\"600\" width=\"778\"  itemprop=\"thumbnailUrl\" srcset=\"https:\/\/radiorevelacionfm.cl\/wp-content\/uploads\/2021\/07\/PDI-detencion1-1.jpg 778w, https:\/\/radiorevelacionfm.cl\/wp-content\/uploads\/2021\/07\/PDI-detencion1-1-300x231.jpg 300w, https:\/\/radiorevelacionfm.cl\/wp-content\/uploads\/2021\/07\/PDI-detencion1-1-768x592.jpg 768w, https:\/\/radiorevelacionfm.cl\/wp-content\/uploads\/2021\/07\/PDI-detencion1-1-705x544.jpg 705w, https:\/\/radiorevelacionfm.cl\/wp-content\/uploads\/2021\/07\/PDI-detencion1-1-600x463.jpg 600w\" sizes=\"(max-width: 778px) 100vw, 778px\" \/><\/div><\/div><\/div><\/div><div class=\"flex_column av_one_full  flex_column_div av-zero-column-padding first  avia-builder-el-2  el_after_av_one_full  el_before_av_one_full  column-top-margin\" style='border-radius:0px; '><section class=\"av_textblock_section \"  itemscope=\"itemscope\" itemtype=\"https:\/\/schema.org\/BlogPosting\" itemprop=\"blogPost\" ><div class='avia_textblock  '   itemprop=\"text\" ><p style=\"text-align: center;\"><strong><span style=\"font-size: 18pt;\">PDI detiene a imputado por homicidio ocurrido el fin de semana en Coyhaique<\/span><\/strong><\/p>\n<div id=\"gtx-trans\" style=\"position: absolute; left: -50px; top: 4.31534px;\">\n<div class=\"gtx-trans-icon\"><\/div>\n<\/div>\n<\/div><\/section><\/div><div class=\"flex_column av_one_full  flex_column_div av-zero-column-padding first  avia-builder-el-4  el_after_av_one_full  el_before_av_hr  column-top-margin\" style='border-radius:0px; '><section class=\"av_textblock_section \"  itemscope=\"itemscope\" itemtype=\"https:\/\/schema.org\/BlogPosting\" itemprop=\"blogPost\" ><div class='avia_textblock  '   itemprop=\"text\" ><p style=\"text-align: justify;\">Durante la ma\u00f1ana de este lunes, detectives de la Brigada de Homicidios (BH) Coyhaique lograron la detenci\u00f3n de un hombre de 45 a\u00f1os por su participaci\u00f3n en el delito de homicidio en contra de una v\u00edctima de sexo masculino de 41 a\u00f1os, hechos ocurridos durante la tarde de este domingo en el sector alto de la capital regional.<\/p>\n<p style=\"text-align: justify;\">Al respecto, el comisario \u00cdtalo Todaka, jefe de la unidad especializada, se\u00f1al\u00f3 que \u201cel d\u00eda de ayer, el Ministerio P\u00fablico solicit\u00f3 la concurrencia de esta brigada especializada, porque hab\u00eda una persona fallecida al interior de un inmueble. De esta forma, nos constituimos como Brigada de Homicidios, trabajando el sitio de suceso y el levantamiento de evidencias, tomando declaraciones a los testigos, empadronamientos y todo el trabajo cient\u00edfico t\u00e9cnico del sitio de suceso\u201d.<\/p>\n<p style=\"text-align: justify;\">\u201cHoy, en horas de la ma\u00f1ana, luego de varias diligencias durante la noche y la madrugada, logramos la detenci\u00f3n de este sujeto, quien fue puesto a disposici\u00f3n de la justicia para su control de detenci\u00f3n\u201d, agreg\u00f3 el jefe de la BH Coyhaique.<\/p>\n<p style=\"text-align: justify;\">Sobre el reconocimiento externo policial del cad\u00e1ver, el comisario Todaka indic\u00f3 que la v\u00edctima manten\u00eda dos heridas, una de mayor gravedad que la otra, presentando \u201cuna herida corto punzante penetrante a nivel del cuello\u201d.<\/p>\n<p style=\"text-align: justify;\">Ahora bien, en cuanto al m\u00f3vil del delito, el jefe de la unidad especializada indic\u00f3 que \u201cse trata de un grupo de personas que se conocen hace mucho tiempo y estaban compartiendo hace varios d\u00edas atr\u00e1s\u201d, a\u00f1adiendo que \u201cproducto del consumo de alcohol se produce una discusi\u00f3n entre algunos de ellos, donde el imputado toma un cuchillo que estaba en la cocina y le propina una herida cortante en el cuello a la v\u00edctima que le provoca la muerte\u201d.<\/p>\n<p style=\"text-align: justify;\">El oficial policial subray\u00f3 que la persona detenida tambi\u00e9n presentaba lesiones y que contin\u00faan las diligencias investigativas con la finalidad de esclarecer los hechos y entregar una verdad desde las evidencias.<\/p>\n<p style=\"text-align: justify;\">El imputado fue puesto a disposici\u00f3n del Juzgado de Garant\u00eda de Coyhaique para su control de detenci\u00f3n y formalizaci\u00f3n por parte del Ministerio P\u00fablico. En la audiencia, la detenci\u00f3n fue decretada legal, siendo ampliada hasta el mi\u00e9rcoles 31 de julio, para obtener el resultado de la autopsia.<\/p>\n<\/div><\/section><\/div><div  style='height:50px' class='hr hr-invisible   avia-builder-el-6  el_after_av_one_full  el_before_av_social_share '><span class='hr-inner ' ><span class='hr-inner-style'><\/span><\/span><\/div><\/p>\n<div  class='av-social-sharing-box  avia-builder-el-7  el_after_av_hr  el_before_av_hr  '><div class='av-share-box'><h5 class='av-share-link-description av-no-toc '>Compartir esta noticia<\/h5><ul class='av-share-box-list noLightbox'><li class='av-share-link av-social-link-facebook' ><a target=\"_blank\" aria-label=\"Compartir en Facebook\" href='https:\/\/www.facebook.com\/sharer.php?u=https:\/\/radiorevelacionfm.cl\/?p=44573&#038;t=PDI%20detiene%20a%20imputado%20por%20homicidio%20ocurrido%20el%20fin%20de%20semana%20en%20Coyhaique' aria-hidden='false' data-av_icon='\ue8f3' data-av_iconfont='entypo-fontello' title='' data-avia-related-tooltip='Compartir en Facebook' rel=\"noopener\"><span class='avia_hidden_link_text'>Compartir en Facebook<\/span><\/a><\/li><li class='av-share-link av-social-link-twitter' ><a target=\"_blank\" aria-label=\"Compartir en Twitter\" href='https:\/\/twitter.com\/share?text=PDI%20detiene%20a%20imputado%20por%20homicidio%20ocurrido%20el%20fin%20de%20semana%20en%20Coyhaique&#038;url=https:\/\/radiorevelacionfm.cl\/?p=44573' aria-hidden='false' data-av_icon='\ue8f1' data-av_iconfont='entypo-fontello' title='' data-avia-related-tooltip='Compartir en Twitter' rel=\"noopener\"><span class='avia_hidden_link_text'>Compartir en Twitter<\/span><\/a><\/li><li class='av-share-link av-social-link-whatsapp' ><a target=\"_blank\" aria-label=\"Compartir en Whatsapp\" href='https:\/\/api.whatsapp.com\/send?text=https:\/\/radiorevelacionfm.cl\/?p=44573' aria-hidden='false' data-av_icon='\uf232' data-av_iconfont='entypo-fontello' title='' data-avia-related-tooltip='Compartir en Whatsapp' rel=\"noopener\"><span class='avia_hidden_link_text'>Compartir en Whatsapp<\/span><\/a><\/li><li class='av-share-link av-social-link-linkedin' ><a target=\"_blank\" aria-label=\"Compartir en LinkedIn\" href='https:\/\/linkedin.com\/shareArticle?mini=true&#038;title=PDI%20detiene%20a%20imputado%20por%20homicidio%20ocurrido%20el%20fin%20de%20semana%20en%20Coyhaique&#038;url=https:\/\/radiorevelacionfm.cl\/?p=44573' aria-hidden='false' data-av_icon='\ue8fc' data-av_iconfont='entypo-fontello' title='' data-avia-related-tooltip='Compartir en LinkedIn' rel=\"noopener\"><span class='avia_hidden_link_text'>Compartir en LinkedIn<\/span><\/a><\/li><li class='av-share-link av-social-link-mail' ><a  aria-label=\"Compartir por correo\" href='mailto:?subject=PDI%20detiene%20a%20imputado%20por%20homicidio%20ocurrido%20el%20fin%20de%20semana%20en%20Coyhaique&#038;body=https:\/\/radiorevelacionfm.cl\/?p=44573' aria-hidden='false' data-av_icon='\ue805' data-av_iconfont='entypo-fontello' title='' data-avia-related-tooltip='Compartir por correo'><span class='avia_hidden_link_text'>Compartir por correo<\/span><\/a><\/li><\/ul><\/div><\/div>\n<div  style='height:50px' class='hr hr-invisible   avia-builder-el-8  el_after_av_social_share  el_before_av_comments_list '><span class='hr-inner ' ><span class='hr-inner-style'><\/span><\/span><\/div>\n<div  class='av-buildercomment  av-blog-meta-html-info-disabled av-blog-meta-tag-disabled  '><\/div>\n","protected":false},"excerpt":{"rendered":"","protected":false},"author":1,"featured_media":6578,"comment_status":"open","ping_status":"open","sticky":false,"template":"","format":"standard","meta":{"footnotes":""},"categories":[36],"tags":[],"class_list":["post-44573","post","type-post","status-publish","format-standard","has-post-thumbnail","hentry","category-policial"],"jetpack_featured_media_url":"https:\/\/radiorevelacionfm.cl\/wp-content\/uploads\/2021\/07\/PDI-detencion1-1.jpg","_links":{"self":[{"href":"https:\/\/radiorevelacionfm.cl\/index.php?rest_route=\/wp\/v2\/posts\/44573","targetHints":{"allow":["GET"]}}],"collection":[{"href":"https:\/\/radiorevelacionfm.cl\/index.php?rest_route=\/wp\/v2\/posts"}],"about":[{"href":"https:\/\/radiorevelacionfm.cl\/index.php?rest_route=\/wp\/v2\/types\/post"}],"author":[{"embeddable":true,"href":"https:\/\/radiorevelacionfm.cl\/index.php?rest_route=\/wp\/v2\/users\/1"}],"replies":[{"embeddable":true,"href":"https:\/\/radiorevelacionfm.cl\/index.php?rest_route=%2Fwp%2Fv2%2Fcomments&post=44573"}],"version-history":[{"count":1,"href":"https:\/\/radiorevelacionfm.cl\/index.php?rest_route=\/wp\/v2\/posts\/44573\/revisions"}],"predecessor-version":[{"id":44574,"href":"https:\/\/radiorevelacionfm.cl\/index.php?rest_route=\/wp\/v2\/posts\/44573\/revisions\/44574"}],"wp:featuredmedia":[{"embeddable":true,"href":"https:\/\/radiorevelacionfm.cl\/index.php?rest_route=\/wp\/v2\/media\/6578"}],"wp:attachment":[{"href":"https:\/\/radiorevelacionfm.cl\/index.php?rest_route=%2Fwp%2Fv2%2Fmedia&parent=44573"}],"wp:term":[{"taxonomy":"category","embeddable":true,"href":"https:\/\/radiorevelacionfm.cl\/index.php?rest_route=%2Fwp%2Fv2%2Fcategories&post=44573"},{"taxonomy":"post_tag","embeddable":true,"href":"https:\/\/radiorevelacionfm.cl\/index.php?rest_route=%2Fwp%2Fv2%2Ftags&post=44573"}],"curies":[{"name":"wp","href":"https:\/\/api.w.org\/{rel}","templated":true}]}}