{"id":44571,"date":"2024-07-29T16:20:36","date_gmt":"2024-07-29T19:20:36","guid":{"rendered":"https:\/\/radiorevelacionfm.cl\/?p=44571"},"modified":"2024-07-29T16:20:36","modified_gmt":"2024-07-29T19:20:36","slug":"censo-de-poblacion-y-vivienda-culmina-este-miercoles-31-de-julio","status":"publish","type":"post","link":"https:\/\/radiorevelacionfm.cl\/?p=44571","title":{"rendered":"Censo de poblaci\u00f3n y vivienda culmina este mi\u00e9rcoles 31 de julio"},"content":{"rendered":"<div class=\"flex_column av_one_full  flex_column_div av-zero-column-padding first  avia-builder-el-0  el_before_av_one_full  avia-builder-el-first  \" style='border-radius:0px; '><div  class='avia-image-container  av-styling-    avia-builder-el-1  avia-builder-el-no-sibling  avia-align-center '  itemprop=\"image\" itemscope=\"itemscope\" itemtype=\"https:\/\/schema.org\/ImageObject\"  ><div class='avia-image-container-inner'><div class='avia-image-overlay-wrap'><img decoding=\"async\" class='wp-image-43087 avia-img-lazy-loading-not-43087 avia_image' src=\"https:\/\/radiorevelacionfm.cl\/wp-content\/uploads\/2024\/06\/CENSO-2024-COYHAIQUE-1-1.jpg\" alt='' title='CENSO 2024 COYHAIQUE (1) (1)' height=\"600\" width=\"800\"  itemprop=\"thumbnailUrl\" srcset=\"https:\/\/radiorevelacionfm.cl\/wp-content\/uploads\/2024\/06\/CENSO-2024-COYHAIQUE-1-1.jpg 800w, https:\/\/radiorevelacionfm.cl\/wp-content\/uploads\/2024\/06\/CENSO-2024-COYHAIQUE-1-1-300x225.jpg 300w, https:\/\/radiorevelacionfm.cl\/wp-content\/uploads\/2024\/06\/CENSO-2024-COYHAIQUE-1-1-768x576.jpg 768w, https:\/\/radiorevelacionfm.cl\/wp-content\/uploads\/2024\/06\/CENSO-2024-COYHAIQUE-1-1-705x529.jpg 705w, https:\/\/radiorevelacionfm.cl\/wp-content\/uploads\/2024\/06\/CENSO-2024-COYHAIQUE-1-1-450x338.jpg 450w, https:\/\/radiorevelacionfm.cl\/wp-content\/uploads\/2024\/06\/CENSO-2024-COYHAIQUE-1-1-600x450.jpg 600w\" sizes=\"(max-width: 800px) 100vw, 800px\" \/><\/div><\/div><\/div><\/div><div class=\"flex_column av_one_full  flex_column_div av-zero-column-padding first  avia-builder-el-2  el_after_av_one_full  el_before_av_one_full  column-top-margin\" style='border-radius:0px; '><section class=\"av_textblock_section \"  itemscope=\"itemscope\" itemtype=\"https:\/\/schema.org\/BlogPosting\" itemprop=\"blogPost\" ><div class='avia_textblock  '   itemprop=\"text\" ><p style=\"text-align: center;\"><strong><span style=\"font-size: 18pt;\">Censo de poblaci\u00f3n y vivienda culmina este mi\u00e9rcoles 31 de julio<\/span><\/strong><\/p>\n<div id=\"gtx-trans\" style=\"position: absolute; left: -50px; top: 4.31534px;\">\n<div class=\"gtx-trans-icon\"><\/div>\n<\/div>\n<\/div><\/section><\/div><div class=\"flex_column av_one_full  flex_column_div av-zero-column-padding first  avia-builder-el-4  el_after_av_one_full  el_before_av_hr  column-top-margin\" style='border-radius:0px; '><section class=\"av_textblock_section \"  itemscope=\"itemscope\" itemtype=\"https:\/\/schema.org\/BlogPosting\" itemprop=\"blogPost\" ><div class='avia_textblock  '   itemprop=\"text\" ><p style=\"text-align: justify;\"><em>El pr\u00f3ximo 31 de julio llega a su fin en todo Chile, el Censo de Poblaci\u00f3n y Vivienda 2024. Seg\u00fan lo planificado, se recorri\u00f3 todo el territorio para censar a las y los habitantes de la Regi\u00f3n de Ays\u00e9n.<\/em><\/p>\n<p style=\"text-align: justify;\">Durante lo que resta del proceso a\u00fan se encuentran\u00a0 censistas en terreno con operativos especiales buscando a las personas que por alguna raz\u00f3n todav\u00eda no han sido censadas. En este contexto el Seremi de Econom\u00eda, Fomento y Turismo; Felipe Rojas Pizarro realiz\u00f3 un llamado a que quienes a\u00fan no han respondido el cuestionario para que puedan hacerlo a trav\u00e9s del Censo en L\u00ednea, obteniendo en forma directa su c\u00f3digo de acceso. <em>\u201cEl formato es muy simple y amigable, ingresando a <\/em><a href=\"http:\/\/www.censo2024.cl\"><em>www.censo2024.cl<\/em><\/a><em> o bien llamando al Fono Censo 1525 podr\u00e1n responder el cuestionario de manera simple y fluida. Ahora bien, existe adem\u00e1s la posibilidad de atenci\u00f3n presencial en las oficinas del INE que est\u00e1n ubicadas en Baquedano #496. Es de suma importancia que todos abran su puerta al Censo, ya que la informaci\u00f3n solicitada es important\u00edsima para el dise\u00f1o y confecci\u00f3n de m\u00e1s y mejores pol\u00edticas p\u00fablicas.\u201d<\/em><\/p>\n<p style=\"text-align: justify;\">Por su parte el Director Regional del INE; Danilo Pavez Rosales, relev\u00f3 la recepci\u00f3n que los diversos equipos de Censistas han recibido por parte de la comunidad local: <em>\u201cDurante todo el proceso que comenz\u00f3 en marzo y que termina esta semana, el comportamiento de vecinos y vecinas ha sido muy positivo y esto lo podemos comparar con los operativos que habitualmente realizamos con el INE, donde constantemente tenemos una positiva respuesta de la comunidad, pero con el Censo ha sido a\u00fan mejor, superando todos los par\u00e1metros por tanto el balance es sumamente positivo y de este modo, podemos dar cuenta que efectivamente vecinos y vecinas abrieron la puerta al Censo de forma exitosa y han participado de este importante proceso que nos entregar\u00e1 cifras que ser\u00e1n muy importantes para los pr\u00f3ximos 10 a\u00f1os.\u201d<\/em><\/p>\n<p style=\"text-align: justify;\">En esta definitiva recta final del proceso del Censo de Poblaci\u00f3n y Vivienda, es fundamental y urgente que todas y todos quienes habitan el territorio regional se sumen respondiendo el cuestionario Censal para as\u00ed conocer con precisi\u00f3n no solo la cantidad de personas que habitan nuestro pa\u00eds y su ubicaci\u00f3n, sino que las caracter\u00edsticas que poseen cada uno de ellos, con el fin \u00faltimo de formular pol\u00edticas p\u00fablicas m\u00e1s exactas y su posterior asignaci\u00f3n eficiente de recursos p\u00fablicos.<\/p>\n<\/div><\/section><\/div><div  style='height:50px' class='hr hr-invisible   avia-builder-el-6  el_after_av_one_full  el_before_av_social_share '><span class='hr-inner ' ><span class='hr-inner-style'><\/span><\/span><\/div><\/p>\n<div  class='av-social-sharing-box  avia-builder-el-7  el_after_av_hr  el_before_av_hr  '><div class='av-share-box'><h5 class='av-share-link-description av-no-toc '>Compartir esta noticia<\/h5><ul class='av-share-box-list noLightbox'><li class='av-share-link av-social-link-facebook' ><a target=\"_blank\" aria-label=\"Compartir en Facebook\" href='https:\/\/www.facebook.com\/sharer.php?u=https:\/\/radiorevelacionfm.cl\/?p=44571&#038;t=Censo%20de%20poblaci%C3%B3n%20y%20vivienda%20culmina%20este%20mi%C3%A9rcoles%2031%20de%20julio' aria-hidden='false' data-av_icon='\ue8f3' data-av_iconfont='entypo-fontello' title='' data-avia-related-tooltip='Compartir en Facebook' rel=\"noopener\"><span class='avia_hidden_link_text'>Compartir en Facebook<\/span><\/a><\/li><li class='av-share-link av-social-link-twitter' ><a target=\"_blank\" aria-label=\"Compartir en Twitter\" href='https:\/\/twitter.com\/share?text=Censo%20de%20poblaci%C3%B3n%20y%20vivienda%20culmina%20este%20mi%C3%A9rcoles%2031%20de%20julio&#038;url=https:\/\/radiorevelacionfm.cl\/?p=44571' aria-hidden='false' data-av_icon='\ue8f1' data-av_iconfont='entypo-fontello' title='' data-avia-related-tooltip='Compartir en Twitter' rel=\"noopener\"><span class='avia_hidden_link_text'>Compartir en Twitter<\/span><\/a><\/li><li class='av-share-link av-social-link-whatsapp' ><a target=\"_blank\" aria-label=\"Compartir en Whatsapp\" href='https:\/\/api.whatsapp.com\/send?text=https:\/\/radiorevelacionfm.cl\/?p=44571' aria-hidden='false' data-av_icon='\uf232' data-av_iconfont='entypo-fontello' title='' data-avia-related-tooltip='Compartir en Whatsapp' rel=\"noopener\"><span class='avia_hidden_link_text'>Compartir en Whatsapp<\/span><\/a><\/li><li class='av-share-link av-social-link-linkedin' ><a target=\"_blank\" aria-label=\"Compartir en LinkedIn\" href='https:\/\/linkedin.com\/shareArticle?mini=true&#038;title=Censo%20de%20poblaci%C3%B3n%20y%20vivienda%20culmina%20este%20mi%C3%A9rcoles%2031%20de%20julio&#038;url=https:\/\/radiorevelacionfm.cl\/?p=44571' aria-hidden='false' data-av_icon='\ue8fc' data-av_iconfont='entypo-fontello' title='' data-avia-related-tooltip='Compartir en LinkedIn' rel=\"noopener\"><span class='avia_hidden_link_text'>Compartir en LinkedIn<\/span><\/a><\/li><li class='av-share-link av-social-link-mail' ><a  aria-label=\"Compartir por correo\" href='mailto:?subject=Censo%20de%20poblaci%C3%B3n%20y%20vivienda%20culmina%20este%20mi%C3%A9rcoles%2031%20de%20julio&#038;body=https:\/\/radiorevelacionfm.cl\/?p=44571' aria-hidden='false' data-av_icon='\ue805' data-av_iconfont='entypo-fontello' title='' data-avia-related-tooltip='Compartir por correo'><span class='avia_hidden_link_text'>Compartir por correo<\/span><\/a><\/li><\/ul><\/div><\/div>\n<div  style='height:50px' class='hr hr-invisible   avia-builder-el-8  el_after_av_social_share  el_before_av_comments_list '><span class='hr-inner ' ><span class='hr-inner-style'><\/span><\/span><\/div>\n<div  class='av-buildercomment  av-blog-meta-html-info-disabled av-blog-meta-tag-disabled  '><\/div>\n","protected":false},"excerpt":{"rendered":"","protected":false},"author":1,"featured_media":43087,"comment_status":"open","ping_status":"open","sticky":false,"template":"","format":"standard","meta":{"footnotes":""},"categories":[38],"tags":[],"class_list":["post-44571","post","type-post","status-publish","format-standard","has-post-thumbnail","hentry","category-regional"],"jetpack_featured_media_url":"https:\/\/radiorevelacionfm.cl\/wp-content\/uploads\/2024\/06\/CENSO-2024-COYHAIQUE-1-1.jpg","_links":{"self":[{"href":"https:\/\/radiorevelacionfm.cl\/index.php?rest_route=\/wp\/v2\/posts\/44571","targetHints":{"allow":["GET"]}}],"collection":[{"href":"https:\/\/radiorevelacionfm.cl\/index.php?rest_route=\/wp\/v2\/posts"}],"about":[{"href":"https:\/\/radiorevelacionfm.cl\/index.php?rest_route=\/wp\/v2\/types\/post"}],"author":[{"embeddable":true,"href":"https:\/\/radiorevelacionfm.cl\/index.php?rest_route=\/wp\/v2\/users\/1"}],"replies":[{"embeddable":true,"href":"https:\/\/radiorevelacionfm.cl\/index.php?rest_route=%2Fwp%2Fv2%2Fcomments&post=44571"}],"version-history":[{"count":2,"href":"https:\/\/radiorevelacionfm.cl\/index.php?rest_route=\/wp\/v2\/posts\/44571\/revisions"}],"predecessor-version":[{"id":44575,"href":"https:\/\/radiorevelacionfm.cl\/index.php?rest_route=\/wp\/v2\/posts\/44571\/revisions\/44575"}],"wp:featuredmedia":[{"embeddable":true,"href":"https:\/\/radiorevelacionfm.cl\/index.php?rest_route=\/wp\/v2\/media\/43087"}],"wp:attachment":[{"href":"https:\/\/radiorevelacionfm.cl\/index.php?rest_route=%2Fwp%2Fv2%2Fmedia&parent=44571"}],"wp:term":[{"taxonomy":"category","embeddable":true,"href":"https:\/\/radiorevelacionfm.cl\/index.php?rest_route=%2Fwp%2Fv2%2Fcategories&post=44571"},{"taxonomy":"post_tag","embeddable":true,"href":"https:\/\/radiorevelacionfm.cl\/index.php?rest_route=%2Fwp%2Fv2%2Ftags&post=44571"}],"curies":[{"name":"wp","href":"https:\/\/api.w.org\/{rel}","templated":true}]}}