{"id":4457,"date":"2021-05-24T18:06:02","date_gmt":"2021-05-24T21:06:02","guid":{"rendered":"https:\/\/radiorevelacionfm.cl\/?p=4457"},"modified":"2021-05-24T18:06:02","modified_gmt":"2021-05-24T21:06:02","slug":"se-realizo-audiencia-de-reclamacion-contra-la-sma-por-denuncia-sobre-central-los-maquis","status":"publish","type":"post","link":"https:\/\/radiorevelacionfm.cl\/?p=4457","title":{"rendered":"Se realiz\u00f3 audiencia de reclamaci\u00f3n contra la SMA por denuncia sobre Central Los Maquis"},"content":{"rendered":"<div class=\"flex_column av_one_full  flex_column_div av-zero-column-padding first  avia-builder-el-0  el_before_av_one_full  avia-builder-el-first  \" style='border-radius:0px; '><div  class='avia-image-container  av-styling-    avia-builder-el-1  avia-builder-el-no-sibling  avia-align-center '  itemprop=\"image\" itemscope=\"itemscope\" itemtype=\"https:\/\/schema.org\/ImageObject\"  ><div class='avia-image-container-inner'><div class='avia-image-overlay-wrap'><img decoding=\"async\" class='wp-image-4458 avia-img-lazy-loading-not-4458 avia_image' src=\"https:\/\/radiorevelacionfm.cl\/wp-content\/uploads\/2021\/05\/central-los-maquis-2-1_optimized.jpg\" alt='' title='central-los-maquis-(2)-(1)_optimized' height=\"600\" width=\"1069\"  itemprop=\"thumbnailUrl\" srcset=\"https:\/\/radiorevelacionfm.cl\/wp-content\/uploads\/2021\/05\/central-los-maquis-2-1_optimized.jpg 1069w, https:\/\/radiorevelacionfm.cl\/wp-content\/uploads\/2021\/05\/central-los-maquis-2-1_optimized-300x168.jpg 300w, https:\/\/radiorevelacionfm.cl\/wp-content\/uploads\/2021\/05\/central-los-maquis-2-1_optimized-1030x578.jpg 1030w, https:\/\/radiorevelacionfm.cl\/wp-content\/uploads\/2021\/05\/central-los-maquis-2-1_optimized-768x431.jpg 768w, https:\/\/radiorevelacionfm.cl\/wp-content\/uploads\/2021\/05\/central-los-maquis-2-1_optimized-705x396.jpg 705w, https:\/\/radiorevelacionfm.cl\/wp-content\/uploads\/2021\/05\/central-los-maquis-2-1_optimized-600x337.jpg 600w\" sizes=\"(max-width: 1069px) 100vw, 1069px\" \/><\/div><\/div><\/div><\/div><div class=\"flex_column av_one_full  flex_column_div av-zero-column-padding first  avia-builder-el-2  el_after_av_one_full  el_before_av_one_full  column-top-margin\" style='border-radius:0px; '><section class=\"av_textblock_section \"  itemscope=\"itemscope\" itemtype=\"https:\/\/schema.org\/BlogPosting\" itemprop=\"blogPost\" ><div class='avia_textblock  '   itemprop=\"text\" ><p style=\"text-align: center;\"><strong><span style=\"font-size: 18pt;\">Se realiz\u00f3 audiencia de reclamaci\u00f3n contra la SMA por denuncia sobre Central Los Maquis<\/span><\/strong><\/p>\n<div id=\"gtx-trans\" style=\"position: absolute; left: -50px; top: 4.31534px;\">\n<div class=\"gtx-trans-icon\"><\/div>\n<\/div>\n<\/div><\/section><\/div><div class=\"flex_column av_one_full  flex_column_div av-zero-column-padding first  avia-builder-el-4  el_after_av_one_full  el_before_av_hr  column-top-margin\" style='border-radius:0px; '><section class=\"av_textblock_section \"  itemscope=\"itemscope\" itemtype=\"https:\/\/schema.org\/BlogPosting\" itemprop=\"blogPost\" ><div class='avia_textblock  '   itemprop=\"text\" ><p dir=\"ltr\" style=\"text-align: justify;\">Este lunes se llevaron a cabo los alegatos en la reclamaci\u00f3n interpuesta por un grupo de habitantes de la Regi\u00f3n de Ays\u00e9n en contra de la resoluci\u00f3n de la Superintendencia del Medio Ambiente (SMA) que archiv\u00f3 su denuncia por la presunta elusi\u00f3n al Sistema de Evaluaci\u00f3n de Impacto Ambiental (SEIA) del proyecto \u201cRehabilitaci\u00f3n Central Hidroel\u00e9ctrica Los Maquis\u201d, del titular Empresa El\u00e9ctrica de Ais\u00e9n S.A.<\/p>\n<p dir=\"ltr\" style=\"text-align: justify;\">En la audiencia, los reclamantes sostuvieron que la decisi\u00f3n de archivar es incoherente con la normativa ambiental y que la resoluci\u00f3n no se encontrar\u00eda debidamente fundada, ya que la SMA habr\u00eda omitido ponderar los atributos ambientales de la Cascada Los Maquis y sus pozones circundantes.<\/p>\n<p dir=\"ltr\" style=\"text-align: justify;\">Seg\u00fan los reclamantes, la Zona de Inter\u00e9s Tur\u00edstico (ZOIT) Chelenko, que es donde se emplaza el proyecto, incluye atributos naturales ambientales que no fueron debidamente considerados por el organismo fiscalizador y son parte del valor paisaj\u00edstico que busca resguardar la ZOIT. Los reclamantes sostuvieron que el pronunciamiento del propio Servicio Nacional de Turismo (SERNATUR) reconoce que el proyecto s\u00ed afecta al objeto de conservaci\u00f3n de la ZOIT y alegaron que las medidas de mitigaci\u00f3n y compensaci\u00f3n propuestas por el titular deben ser evaluadas a trav\u00e9s del SEIA, no bastando s\u00f3lo el visto bueno del SERNATUR.<\/p>\n<p dir=\"ltr\" style=\"text-align: justify;\">Por su parte, la SMA asegur\u00f3 que la resoluci\u00f3n que archiv\u00f3 la denuncia se encuentra debidamente fundamentada y se ajusta a derecho. Seg\u00fan el organismo fiscalizador, no todos los proyectos que se ejecuten en \u00e1reas bajo protecci\u00f3n oficial deben ser evaluados ambientalmente y, en este caso, los antecedentes permiten concluir que aunque el proyecto generar\u00e1 efectos en el objeto de protecci\u00f3n de la ZOIT durante la fase de construcci\u00f3n, \u00e9stos ser\u00e1n acotados en el tiempo y no tienen la relevancia por envergadura, duraci\u00f3n o magnitud para ser evaluados a trav\u00e9s del SEIA.<\/p>\n<p dir=\"ltr\" style=\"text-align: justify;\">La SMA adem\u00e1s descart\u00f3 que las medidas propuestas por el titular y aprobadas por el SERNATUR constituyan una mitigaci\u00f3n o compensaci\u00f3n por impactos significativos seg\u00fan un procedimiento de evaluaci\u00f3n ambiental, asegurando que todos los proyectos pueden proponer acciones que minimicen sus efectos, sin que por ello deban ser evaluadas ambientalmente.<\/p>\n<p dir=\"ltr\" style=\"text-align: justify;\">Finalmente, la empresa, que tiene calidad de tercero independiente en la causa, se sum\u00f3 a los argumentos de la SMA y sostuvo que el procedimiento de fiscalizaci\u00f3n fue instruido diligentemente. Seg\u00fan el titular, la resoluci\u00f3n de archivo de la denuncia se encuentra debidamente fundada, ya que el an\u00e1lisis concluy\u00f3 que el proyecto\u00a0 no es susceptible de afectar al objeto de protecci\u00f3n de la ZOIT Chelenko, por lo que no debe ingresar al SEIA.<\/p>\n<p dir=\"ltr\">LINK STREAMING DE LA AUDIENCIA: <a href=\"https:\/\/youtu.be\/2VCjqbMx7Og\" target=\"_blank\" rel=\"noopener\" data-saferedirecturl=\"https:\/\/www.google.com\/url?q=https:\/\/youtu.be\/2VCjqbMx7Og&amp;source=gmail&amp;ust=1621971941039000&amp;usg=AFQjCNFcp2m-EJKynpv26fN0prUsT1t31g\">https:\/\/youtu.be\/2VCjqbMx7Og<\/a><\/p>\n<\/div><\/section><\/div><div  style='height:50px' class='hr hr-invisible   avia-builder-el-6  el_after_av_one_full  el_before_av_social_share '><span class='hr-inner ' ><span class='hr-inner-style'><\/span><\/span><\/div><\/p>\n<div  class='av-social-sharing-box  avia-builder-el-7  el_after_av_hr  el_before_av_hr  '><div class='av-share-box'><h5 class='av-share-link-description av-no-toc '>Compartir esta noticia<\/h5><ul class='av-share-box-list noLightbox'><li class='av-share-link av-social-link-facebook' ><a target=\"_blank\" aria-label=\"Compartir en Facebook\" href='https:\/\/www.facebook.com\/sharer.php?u=https:\/\/radiorevelacionfm.cl\/?p=4457&#038;t=Se%20realiz%C3%B3%20audiencia%20de%20reclamaci%C3%B3n%20contra%20la%20SMA%20por%20denuncia%20sobre%20Central%20Los%20Maquis' aria-hidden='false' data-av_icon='\ue8f3' data-av_iconfont='entypo-fontello' title='' data-avia-related-tooltip='Compartir en Facebook' rel=\"noopener\"><span class='avia_hidden_link_text'>Compartir en Facebook<\/span><\/a><\/li><li class='av-share-link av-social-link-twitter' ><a target=\"_blank\" aria-label=\"Compartir en Twitter\" href='https:\/\/twitter.com\/share?text=Se%20realiz%C3%B3%20audiencia%20de%20reclamaci%C3%B3n%20contra%20la%20SMA%20por%20denuncia%20sobre%20Central%20Los%20Maquis&#038;url=https:\/\/radiorevelacionfm.cl\/?p=4457' aria-hidden='false' data-av_icon='\ue8f1' data-av_iconfont='entypo-fontello' title='' data-avia-related-tooltip='Compartir en Twitter' rel=\"noopener\"><span class='avia_hidden_link_text'>Compartir en Twitter<\/span><\/a><\/li><li class='av-share-link av-social-link-whatsapp' ><a target=\"_blank\" aria-label=\"Compartir en Whatsapp\" href='https:\/\/api.whatsapp.com\/send?text=https:\/\/radiorevelacionfm.cl\/?p=4457' aria-hidden='false' data-av_icon='\uf232' data-av_iconfont='entypo-fontello' title='' data-avia-related-tooltip='Compartir en Whatsapp' rel=\"noopener\"><span class='avia_hidden_link_text'>Compartir en Whatsapp<\/span><\/a><\/li><li class='av-share-link av-social-link-linkedin' ><a target=\"_blank\" aria-label=\"Compartir en LinkedIn\" href='https:\/\/linkedin.com\/shareArticle?mini=true&#038;title=Se%20realiz%C3%B3%20audiencia%20de%20reclamaci%C3%B3n%20contra%20la%20SMA%20por%20denuncia%20sobre%20Central%20Los%20Maquis&#038;url=https:\/\/radiorevelacionfm.cl\/?p=4457' aria-hidden='false' data-av_icon='\ue8fc' data-av_iconfont='entypo-fontello' title='' data-avia-related-tooltip='Compartir en LinkedIn' rel=\"noopener\"><span class='avia_hidden_link_text'>Compartir en LinkedIn<\/span><\/a><\/li><li class='av-share-link av-social-link-mail' ><a  aria-label=\"Compartir por correo\" href='mailto:?subject=Se%20realiz%C3%B3%20audiencia%20de%20reclamaci%C3%B3n%20contra%20la%20SMA%20por%20denuncia%20sobre%20Central%20Los%20Maquis&#038;body=https:\/\/radiorevelacionfm.cl\/?p=4457' aria-hidden='false' data-av_icon='\ue805' data-av_iconfont='entypo-fontello' title='' data-avia-related-tooltip='Compartir por correo'><span class='avia_hidden_link_text'>Compartir por correo<\/span><\/a><\/li><\/ul><\/div><\/div>\n<div  style='height:50px' class='hr hr-invisible   avia-builder-el-8  el_after_av_social_share  el_before_av_comments_list '><span class='hr-inner ' ><span class='hr-inner-style'><\/span><\/span><\/div>\n<div  class='av-buildercomment  av-blog-meta-html-info-disabled av-blog-meta-tag-disabled  '><\/div>\n","protected":false},"excerpt":{"rendered":"","protected":false},"author":1,"featured_media":4458,"comment_status":"open","ping_status":"open","sticky":false,"template":"","format":"standard","meta":{"footnotes":""},"categories":[39],"tags":[],"class_list":["post-4457","post","type-post","status-publish","format-standard","has-post-thumbnail","hentry","category-medio-ambiente"],"jetpack_featured_media_url":"https:\/\/radiorevelacionfm.cl\/wp-content\/uploads\/2021\/05\/central-los-maquis-2-1_optimized.jpg","_links":{"self":[{"href":"https:\/\/radiorevelacionfm.cl\/index.php?rest_route=\/wp\/v2\/posts\/4457","targetHints":{"allow":["GET"]}}],"collection":[{"href":"https:\/\/radiorevelacionfm.cl\/index.php?rest_route=\/wp\/v2\/posts"}],"about":[{"href":"https:\/\/radiorevelacionfm.cl\/index.php?rest_route=\/wp\/v2\/types\/post"}],"author":[{"embeddable":true,"href":"https:\/\/radiorevelacionfm.cl\/index.php?rest_route=\/wp\/v2\/users\/1"}],"replies":[{"embeddable":true,"href":"https:\/\/radiorevelacionfm.cl\/index.php?rest_route=%2Fwp%2Fv2%2Fcomments&post=4457"}],"version-history":[{"count":1,"href":"https:\/\/radiorevelacionfm.cl\/index.php?rest_route=\/wp\/v2\/posts\/4457\/revisions"}],"predecessor-version":[{"id":4459,"href":"https:\/\/radiorevelacionfm.cl\/index.php?rest_route=\/wp\/v2\/posts\/4457\/revisions\/4459"}],"wp:featuredmedia":[{"embeddable":true,"href":"https:\/\/radiorevelacionfm.cl\/index.php?rest_route=\/wp\/v2\/media\/4458"}],"wp:attachment":[{"href":"https:\/\/radiorevelacionfm.cl\/index.php?rest_route=%2Fwp%2Fv2%2Fmedia&parent=4457"}],"wp:term":[{"taxonomy":"category","embeddable":true,"href":"https:\/\/radiorevelacionfm.cl\/index.php?rest_route=%2Fwp%2Fv2%2Fcategories&post=4457"},{"taxonomy":"post_tag","embeddable":true,"href":"https:\/\/radiorevelacionfm.cl\/index.php?rest_route=%2Fwp%2Fv2%2Ftags&post=4457"}],"curies":[{"name":"wp","href":"https:\/\/api.w.org\/{rel}","templated":true}]}}