{"id":44568,"date":"2024-07-30T19:23:51","date_gmt":"2024-07-30T22:23:51","guid":{"rendered":"https:\/\/radiorevelacionfm.cl\/?p=44568"},"modified":"2024-07-30T19:23:51","modified_gmt":"2024-07-30T22:23:51","slug":"cchc-coyhaique-elige-nueva-mesa-directiva-gremio-sera-presidido-por-el-ingeniero-pablo-carrasco","status":"publish","type":"post","link":"https:\/\/radiorevelacionfm.cl\/?p=44568","title":{"rendered":"CChC Coyhaique elige nueva mesa directiva: Gremio ser\u00e1 presidido por el ingeniero Pablo Carrasco"},"content":{"rendered":"<div class=\"flex_column av_one_full  flex_column_div av-zero-column-padding first  avia-builder-el-0  el_before_av_one_full  avia-builder-el-first  \" style='border-radius:0px; '><div  class='avia-image-container  av-styling-    avia-builder-el-1  avia-builder-el-no-sibling  avia-align-center '  itemprop=\"image\" itemscope=\"itemscope\" itemtype=\"https:\/\/schema.org\/ImageObject\"  ><div class='avia-image-container-inner'><div class='avia-image-overlay-wrap'><img decoding=\"async\" class='wp-image-44569 avia-img-lazy-loading-not-44569 avia_image' src=\"https:\/\/radiorevelacionfm.cl\/wp-content\/uploads\/2024\/07\/1-2024-07-29t132850_optimized.552-1.jpg\" alt='' title='1---2024-07-29t132850_optimized.552-(1)' height=\"600\" width=\"1285\"  itemprop=\"thumbnailUrl\" srcset=\"https:\/\/radiorevelacionfm.cl\/wp-content\/uploads\/2024\/07\/1-2024-07-29t132850_optimized.552-1.jpg 1285w, https:\/\/radiorevelacionfm.cl\/wp-content\/uploads\/2024\/07\/1-2024-07-29t132850_optimized.552-1-300x140.jpg 300w, https:\/\/radiorevelacionfm.cl\/wp-content\/uploads\/2024\/07\/1-2024-07-29t132850_optimized.552-1-1030x481.jpg 1030w, https:\/\/radiorevelacionfm.cl\/wp-content\/uploads\/2024\/07\/1-2024-07-29t132850_optimized.552-1-768x359.jpg 768w, https:\/\/radiorevelacionfm.cl\/wp-content\/uploads\/2024\/07\/1-2024-07-29t132850_optimized.552-1-705x329.jpg 705w, https:\/\/radiorevelacionfm.cl\/wp-content\/uploads\/2024\/07\/1-2024-07-29t132850_optimized.552-1-450x210.jpg 450w, https:\/\/radiorevelacionfm.cl\/wp-content\/uploads\/2024\/07\/1-2024-07-29t132850_optimized.552-1-600x280.jpg 600w\" sizes=\"(max-width: 1285px) 100vw, 1285px\" \/><\/div><\/div><\/div><\/div><div class=\"flex_column av_one_full  flex_column_div av-zero-column-padding first  avia-builder-el-2  el_after_av_one_full  el_before_av_one_full  column-top-margin\" style='border-radius:0px; '><section class=\"av_textblock_section \"  itemscope=\"itemscope\" itemtype=\"https:\/\/schema.org\/BlogPosting\" itemprop=\"blogPost\" ><div class='avia_textblock  '   itemprop=\"text\" ><p style=\"text-align: center;\"><span style=\"font-size: 18pt;\"><strong>CChC Coyhaique elige nueva mesa directiva: Gremio ser\u00e1 presidido por el ingeniero Pablo Carrasco<\/strong><\/span><\/p>\n<div id=\"gtx-trans\" style=\"position: absolute; left: -50px; top: 4.31534px;\">\n<div class=\"gtx-trans-icon\"><\/div>\n<\/div>\n<\/div><\/section><\/div><div class=\"flex_column av_one_full  flex_column_div av-zero-column-padding first  avia-builder-el-4  el_after_av_one_full  el_before_av_hr  column-top-margin\" style='border-radius:0px; '><section class=\"av_textblock_section \"  itemscope=\"itemscope\" itemtype=\"https:\/\/schema.org\/BlogPosting\" itemprop=\"blogPost\" ><div class='avia_textblock  '   itemprop=\"text\" ><p style=\"text-align: justify;\">La C\u00e1mara Chilena de la Construcci\u00f3n de Coyhaique eligi\u00f3 nueva mesa directiva, esto, tras finalizar el proceso de elecciones gremiales, que dej\u00f3 la presidencia de este \u00f3rgano en manos del Ingeniero Civil Pablo Carrasco, quien ser\u00e1 acompa\u00f1ado por Pedro Pablo Arriagada, Ingeniero Constructor como vicepresidente gremial; Juan Carlos Urz\u00faa como vicepresidente de gesti\u00f3n y Alejandra Alert como presidenta saliente o past presidenta.<\/p>\n<p style=\"text-align: justify;\">La renovaci\u00f3n de la directiva se producir\u00e1 oficialmente el pr\u00f3ximo jueves primero de agosto, y es resultado de un proceso eleccionario que se extendi\u00f3 por tres d\u00edas, instancia donde se midieron dos listas postulantes, quedando como ganadora, con un 58,87% de los sufragios, el trinomio presidido por Carrasco.<\/p>\n<p style=\"text-align: justify;\">La nueva mesa directiva del gremio de los constructores tiene varios desaf\u00edos, tanto internos como externos, entre estos \u00faltimos, continuar posicionando a la CChC como un actor clave para mejorar las condiciones de vida de los habitantes de la regi\u00f3n de Ays\u00e9n, a trav\u00e9s de temas estrat\u00e9gicos como las leyes de excepci\u00f3n, el medio ambiente, las energ\u00edas renovables y por supuesto, el trabajo con organismos estrat\u00e9gicos tales como: municipios, y los ministerios de Obras P\u00fablicas y Vivienda.<\/p>\n<p style=\"text-align: justify;\">Los resultados de las elecciones se entregaron la tarde del mi\u00e9rcoles 25 de julio, instancia donde el presidente electo del gremio, relev\u00f3 ante los socios, la labor que desarroll\u00f3 la mesa directiva saliente, encabezada por Alejandra Alert, destacando su trabajo en a\u00f1os de crisis para el sector construcci\u00f3n y, asimismo, present\u00f3 los \u00e9nfasis del trabajo que ejecutar\u00e1 junto a su equipo, sobre todo en materia gremial.<\/p>\n<p style=\"text-align: justify;\">La CChC tiene comit\u00e9s, comisiones y grupos de trabajo, espacios donde los socios plantean sus propuestas y lideran acciones de cambio, ah\u00ed est\u00e1 el esp\u00edritu del gremio, indic\u00f3 Pablo Carrasco \u201cson los que crean la labor gremial (\u2026) hay buenos l\u00edderes\u201d explic\u00f3, ello, junto con realizar un reconocimiento a quienes en a\u00f1os anteriores han presidido la c\u00e1mara regional.<\/p>\n<p style=\"text-align: justify;\">Respecto de ese trabajo gremial, el vicepresidente gremial, Pedro Pablo Arriagada, detall\u00f3 que lo que se viene ahora, es delinear \u201cun trabajo conjunto inter comit\u00e9\u201d que les d\u00e9 m\u00e1s valor a las propuestas del gremio.<\/p>\n<p style=\"text-align: justify;\">En tanto, el arquitecto Juan Carlos Urz\u00faa, vicepresidente de gesti\u00f3n relev\u00f3 la gran participaci\u00f3n en el proceso eleccionario, que cont\u00f3 con un 100% de participaci\u00f3n del padr\u00f3n de socios, esperando que \u201cpodamos contar con ustedes\u201d, indic\u00f3 frente a quienes presenciaron la entrega de los resultados electorales.<\/p>\n<p style=\"text-align: justify;\">La nueva mesa directiva de la CChC Coyhaique asume sus funciones el pr\u00f3ximo primero de agosto y hasta esa fecha se mantendr\u00e1 la directiva vigente, integrada por Alejandra Alert como presidenta; Marcelo Sol\u00eds como vicepresidente de gesti\u00f3n; Claudio Sanhueza como vicepresidente gremial; y Manuel Suazo como past president.<\/p>\n<\/div><\/section><\/div><div  style='height:50px' class='hr hr-invisible   avia-builder-el-6  el_after_av_one_full  el_before_av_social_share '><span class='hr-inner ' ><span class='hr-inner-style'><\/span><\/span><\/div><\/p>\n<div  class='av-social-sharing-box  avia-builder-el-7  el_after_av_hr  el_before_av_hr  '><div class='av-share-box'><h5 class='av-share-link-description av-no-toc '>Compartir esta noticia<\/h5><ul class='av-share-box-list noLightbox'><li class='av-share-link av-social-link-facebook' ><a target=\"_blank\" aria-label=\"Compartir en Facebook\" href='https:\/\/www.facebook.com\/sharer.php?u=https:\/\/radiorevelacionfm.cl\/?p=44568&#038;t=CChC%20Coyhaique%20elige%20nueva%20mesa%20directiva%3A%20Gremio%20ser%C3%A1%20presidido%20por%20el%20ingeniero%20Pablo%20Carrasco' aria-hidden='false' data-av_icon='\ue8f3' data-av_iconfont='entypo-fontello' title='' data-avia-related-tooltip='Compartir en Facebook' rel=\"noopener\"><span class='avia_hidden_link_text'>Compartir en Facebook<\/span><\/a><\/li><li class='av-share-link av-social-link-twitter' ><a target=\"_blank\" aria-label=\"Compartir en Twitter\" href='https:\/\/twitter.com\/share?text=CChC%20Coyhaique%20elige%20nueva%20mesa%20directiva%3A%20Gremio%20ser%C3%A1%20presidido%20por%20el%20ingeniero%20Pablo%20Carrasco&#038;url=https:\/\/radiorevelacionfm.cl\/?p=44568' aria-hidden='false' data-av_icon='\ue8f1' data-av_iconfont='entypo-fontello' title='' data-avia-related-tooltip='Compartir en Twitter' rel=\"noopener\"><span class='avia_hidden_link_text'>Compartir en Twitter<\/span><\/a><\/li><li class='av-share-link av-social-link-whatsapp' ><a target=\"_blank\" aria-label=\"Compartir en Whatsapp\" href='https:\/\/api.whatsapp.com\/send?text=https:\/\/radiorevelacionfm.cl\/?p=44568' aria-hidden='false' data-av_icon='\uf232' data-av_iconfont='entypo-fontello' title='' data-avia-related-tooltip='Compartir en Whatsapp' rel=\"noopener\"><span class='avia_hidden_link_text'>Compartir en Whatsapp<\/span><\/a><\/li><li class='av-share-link av-social-link-linkedin' ><a target=\"_blank\" aria-label=\"Compartir en LinkedIn\" href='https:\/\/linkedin.com\/shareArticle?mini=true&#038;title=CChC%20Coyhaique%20elige%20nueva%20mesa%20directiva%3A%20Gremio%20ser%C3%A1%20presidido%20por%20el%20ingeniero%20Pablo%20Carrasco&#038;url=https:\/\/radiorevelacionfm.cl\/?p=44568' aria-hidden='false' data-av_icon='\ue8fc' data-av_iconfont='entypo-fontello' title='' data-avia-related-tooltip='Compartir en LinkedIn' rel=\"noopener\"><span class='avia_hidden_link_text'>Compartir en LinkedIn<\/span><\/a><\/li><li class='av-share-link av-social-link-mail' ><a  aria-label=\"Compartir por correo\" href='mailto:?subject=CChC%20Coyhaique%20elige%20nueva%20mesa%20directiva%3A%20Gremio%20ser%C3%A1%20presidido%20por%20el%20ingeniero%20Pablo%20Carrasco&#038;body=https:\/\/radiorevelacionfm.cl\/?p=44568' aria-hidden='false' data-av_icon='\ue805' data-av_iconfont='entypo-fontello' title='' data-avia-related-tooltip='Compartir por correo'><span class='avia_hidden_link_text'>Compartir por correo<\/span><\/a><\/li><\/ul><\/div><\/div>\n<div  style='height:50px' class='hr hr-invisible   avia-builder-el-8  el_after_av_social_share  el_before_av_comments_list '><span class='hr-inner ' ><span class='hr-inner-style'><\/span><\/span><\/div>\n<div  class='av-buildercomment  av-blog-meta-html-info-disabled av-blog-meta-tag-disabled  '><\/div>\n","protected":false},"excerpt":{"rendered":"","protected":false},"author":1,"featured_media":44569,"comment_status":"open","ping_status":"open","sticky":false,"template":"","format":"standard","meta":{"footnotes":""},"categories":[38],"tags":[],"class_list":["post-44568","post","type-post","status-publish","format-standard","has-post-thumbnail","hentry","category-regional"],"jetpack_featured_media_url":"https:\/\/radiorevelacionfm.cl\/wp-content\/uploads\/2024\/07\/1-2024-07-29t132850_optimized.552-1.jpg","_links":{"self":[{"href":"https:\/\/radiorevelacionfm.cl\/index.php?rest_route=\/wp\/v2\/posts\/44568","targetHints":{"allow":["GET"]}}],"collection":[{"href":"https:\/\/radiorevelacionfm.cl\/index.php?rest_route=\/wp\/v2\/posts"}],"about":[{"href":"https:\/\/radiorevelacionfm.cl\/index.php?rest_route=\/wp\/v2\/types\/post"}],"author":[{"embeddable":true,"href":"https:\/\/radiorevelacionfm.cl\/index.php?rest_route=\/wp\/v2\/users\/1"}],"replies":[{"embeddable":true,"href":"https:\/\/radiorevelacionfm.cl\/index.php?rest_route=%2Fwp%2Fv2%2Fcomments&post=44568"}],"version-history":[{"count":1,"href":"https:\/\/radiorevelacionfm.cl\/index.php?rest_route=\/wp\/v2\/posts\/44568\/revisions"}],"predecessor-version":[{"id":44570,"href":"https:\/\/radiorevelacionfm.cl\/index.php?rest_route=\/wp\/v2\/posts\/44568\/revisions\/44570"}],"wp:featuredmedia":[{"embeddable":true,"href":"https:\/\/radiorevelacionfm.cl\/index.php?rest_route=\/wp\/v2\/media\/44569"}],"wp:attachment":[{"href":"https:\/\/radiorevelacionfm.cl\/index.php?rest_route=%2Fwp%2Fv2%2Fmedia&parent=44568"}],"wp:term":[{"taxonomy":"category","embeddable":true,"href":"https:\/\/radiorevelacionfm.cl\/index.php?rest_route=%2Fwp%2Fv2%2Fcategories&post=44568"},{"taxonomy":"post_tag","embeddable":true,"href":"https:\/\/radiorevelacionfm.cl\/index.php?rest_route=%2Fwp%2Fv2%2Ftags&post=44568"}],"curies":[{"name":"wp","href":"https:\/\/api.w.org\/{rel}","templated":true}]}}