{"id":44565,"date":"2024-07-29T13:28:50","date_gmt":"2024-07-29T16:28:50","guid":{"rendered":"https:\/\/radiorevelacionfm.cl\/?p=44565"},"modified":"2024-07-29T13:28:50","modified_gmt":"2024-07-29T16:28:50","slug":"realizan-operativo-de-fiscalizacion-a-locales-nocturnos-de-coyhaique","status":"publish","type":"post","link":"https:\/\/radiorevelacionfm.cl\/?p=44565","title":{"rendered":"Realizan operativo de fiscalizaci\u00f3n a locales nocturnos de Coyhaique"},"content":{"rendered":"<div class=\"flex_column av_one_full  flex_column_div av-zero-column-padding first  avia-builder-el-0  el_before_av_one_full  avia-builder-el-first  \" style='border-radius:0px; '><div  class='avia-image-container  av-styling-    avia-builder-el-1  avia-builder-el-no-sibling  avia-align-center '  itemprop=\"image\" itemscope=\"itemscope\" itemtype=\"https:\/\/schema.org\/ImageObject\"  ><div class='avia-image-container-inner'><div class='avia-image-overlay-wrap'><img decoding=\"async\" class='wp-image-44566 avia-img-lazy-loading-not-44566 avia_image' src=\"https:\/\/radiorevelacionfm.cl\/wp-content\/uploads\/2024\/07\/PHOTO-2024-07-29-10-50-17-1-1.jpg\" alt='' title='PHOTO-2024-07-29-10-50-17 (1) (1)' height=\"600\" width=\"1183\"  itemprop=\"thumbnailUrl\" srcset=\"https:\/\/radiorevelacionfm.cl\/wp-content\/uploads\/2024\/07\/PHOTO-2024-07-29-10-50-17-1-1.jpg 1183w, https:\/\/radiorevelacionfm.cl\/wp-content\/uploads\/2024\/07\/PHOTO-2024-07-29-10-50-17-1-1-300x152.jpg 300w, https:\/\/radiorevelacionfm.cl\/wp-content\/uploads\/2024\/07\/PHOTO-2024-07-29-10-50-17-1-1-1030x522.jpg 1030w, https:\/\/radiorevelacionfm.cl\/wp-content\/uploads\/2024\/07\/PHOTO-2024-07-29-10-50-17-1-1-768x390.jpg 768w, https:\/\/radiorevelacionfm.cl\/wp-content\/uploads\/2024\/07\/PHOTO-2024-07-29-10-50-17-1-1-705x358.jpg 705w, https:\/\/radiorevelacionfm.cl\/wp-content\/uploads\/2024\/07\/PHOTO-2024-07-29-10-50-17-1-1-450x228.jpg 450w, https:\/\/radiorevelacionfm.cl\/wp-content\/uploads\/2024\/07\/PHOTO-2024-07-29-10-50-17-1-1-600x304.jpg 600w\" sizes=\"(max-width: 1183px) 100vw, 1183px\" \/><\/div><\/div><\/div><\/div><div class=\"flex_column av_one_full  flex_column_div av-zero-column-padding first  avia-builder-el-2  el_after_av_one_full  el_before_av_one_full  column-top-margin\" style='border-radius:0px; '><section class=\"av_textblock_section \"  itemscope=\"itemscope\" itemtype=\"https:\/\/schema.org\/BlogPosting\" itemprop=\"blogPost\" ><div class='avia_textblock  '   itemprop=\"text\" ><p style=\"text-align: center;\"><span style=\"font-size: 18pt;\"><strong>Realizan operativo de fiscalizaci\u00f3n a locales nocturnos de Coyhaique <\/strong><\/span><\/p>\n<div id=\"gtx-trans\" style=\"position: absolute; left: -50px; top: 4.31534px;\">\n<div class=\"gtx-trans-icon\"><\/div>\n<\/div>\n<\/div><\/section><\/div><div class=\"flex_column av_one_full  flex_column_div av-zero-column-padding first  avia-builder-el-4  el_after_av_one_full  el_before_av_hr  column-top-margin\" style='border-radius:0px; '><section class=\"av_textblock_section \"  itemscope=\"itemscope\" itemtype=\"https:\/\/schema.org\/BlogPosting\" itemprop=\"blogPost\" ><div class='avia_textblock  '   itemprop=\"text\" ><p style=\"text-align: justify;\">Recientemente se llev\u00f3 a cabo una fiscalizaci\u00f3n a locales nocturnos de Coyhaique, esto en el marco del trabajo preventivo que desarrolla la Mesa Intersectorial de Trata de Personas y en la que participaron Carabineros de Chile, la Direcci\u00f3n del Trabajo y la Secretar\u00eda Regional Ministerial de Justicia y Derechos Humanos, esta acci\u00f3n fue encabezada por el Seremi de Justicia y Derechos Humanos Samuel Navarro, y ten\u00eda como objetivo revisar que quienes trabajan en estos locales, principalmente extranjeros contaran con sus documentos al d\u00eda y los locales con la documentaci\u00f3n correspondiente.<\/p>\n<p style=\"text-align: justify;\">Respecto a esta acci\u00f3n preventiva, el seremi Samuel Navarro Castro explic\u00f3 que \u201cefectivamente se planific\u00f3 y ejecut\u00f3 un operativo junto a los organismos fiscalizadores Carabineros de Chile y la Direcci\u00f3n del Trabajo, y fue acompa\u00f1ado por este seremi y por una profesional de apoyo de esta serem\u00eda, con el objeto de fiscalizar algunos locales nocturnos que est\u00e1n en la ciudad de Coyhaique y verificar si es que en alguno de ellos se presentaba el delito de Trata de Personas, la fiscalizaci\u00f3n fue muy positiva logr\u00e1ndose fiscalizar varios locales nocturnos, ahora esta iniciativa busca prevenir la comisi\u00f3n de este delito, el que tiene caracter\u00edsticas especiales que es importante que la poblaci\u00f3n conozca y que las autoridades y los organismos que tienen que ver con persecuci\u00f3n de este tipo de delitos realicen actividades para controlar que no proliferen en nuestra regi\u00f3n\u201d.<\/p>\n<p style=\"text-align: justify;\">Por su parte, el comisario de Coyhaique, Mayor Gerardo Gonz\u00e1lez se refiri\u00f3 a este operativo indicando que \u201cproducto de una solicitud que ha levantado la Secretar\u00eda Regional Ministerial de Justicia y Derechos Humanos \u00a0se efectu\u00f3 una fiscalizaci\u00f3n de locales nocturnos en busca de prevenir el delito de Trata de Personas, en la oportunidad se lograron fiscalizar 3 locales y en estos 3 locales adem\u00e1s de verificar todo lo que dice relaci\u00f3n con la ley de alcoholes, tambi\u00e9n se procedi\u00f3 a controlar a las personas, se hicieron controles de identidad principalmente en este caso de personas extranjeras, puesto que Carabineros solamente a trav\u00e9s de su c\u00e9dula de identidad verifica su situaci\u00f3n migratoria, los que se encontraban con sus documentos al d\u00eda en esta fiscalizaci\u00f3n, eso s\u00ed se lograron cursar dos infracciones pero principalmente vinculadas con la ley de alcoholes\u201d.<\/p>\n<p style=\"text-align: justify;\">Finalmente, cabe considerar que la Trata de Personas es un delito de alta connotaci\u00f3n, por ello la importancia de realizar actividades de prevenci\u00f3n, promoci\u00f3n y fiscalizaci\u00f3n para evitar que en regiones como la nuestra se instale esta modalidad delictiva.<\/p>\n<\/div><\/section><\/div><div  style='height:50px' class='hr hr-invisible   avia-builder-el-6  el_after_av_one_full  el_before_av_social_share '><span class='hr-inner ' ><span class='hr-inner-style'><\/span><\/span><\/div><\/p>\n<div  class='av-social-sharing-box  avia-builder-el-7  el_after_av_hr  el_before_av_hr  '><div class='av-share-box'><h5 class='av-share-link-description av-no-toc '>Compartir esta noticia<\/h5><ul class='av-share-box-list noLightbox'><li class='av-share-link av-social-link-facebook' ><a target=\"_blank\" aria-label=\"Compartir en Facebook\" href='https:\/\/www.facebook.com\/sharer.php?u=https:\/\/radiorevelacionfm.cl\/?p=44565&#038;t=Realizan%20operativo%20de%20fiscalizaci%C3%B3n%20a%20locales%20nocturnos%20de%20Coyhaique' aria-hidden='false' data-av_icon='\ue8f3' data-av_iconfont='entypo-fontello' title='' data-avia-related-tooltip='Compartir en Facebook' rel=\"noopener\"><span class='avia_hidden_link_text'>Compartir en Facebook<\/span><\/a><\/li><li class='av-share-link av-social-link-twitter' ><a target=\"_blank\" aria-label=\"Compartir en Twitter\" href='https:\/\/twitter.com\/share?text=Realizan%20operativo%20de%20fiscalizaci%C3%B3n%20a%20locales%20nocturnos%20de%20Coyhaique&#038;url=https:\/\/radiorevelacionfm.cl\/?p=44565' aria-hidden='false' data-av_icon='\ue8f1' data-av_iconfont='entypo-fontello' title='' data-avia-related-tooltip='Compartir en Twitter' rel=\"noopener\"><span class='avia_hidden_link_text'>Compartir en Twitter<\/span><\/a><\/li><li class='av-share-link av-social-link-whatsapp' ><a target=\"_blank\" aria-label=\"Compartir en Whatsapp\" href='https:\/\/api.whatsapp.com\/send?text=https:\/\/radiorevelacionfm.cl\/?p=44565' aria-hidden='false' data-av_icon='\uf232' data-av_iconfont='entypo-fontello' title='' data-avia-related-tooltip='Compartir en Whatsapp' rel=\"noopener\"><span class='avia_hidden_link_text'>Compartir en Whatsapp<\/span><\/a><\/li><li class='av-share-link av-social-link-linkedin' ><a target=\"_blank\" aria-label=\"Compartir en LinkedIn\" href='https:\/\/linkedin.com\/shareArticle?mini=true&#038;title=Realizan%20operativo%20de%20fiscalizaci%C3%B3n%20a%20locales%20nocturnos%20de%20Coyhaique&#038;url=https:\/\/radiorevelacionfm.cl\/?p=44565' aria-hidden='false' data-av_icon='\ue8fc' data-av_iconfont='entypo-fontello' title='' data-avia-related-tooltip='Compartir en LinkedIn' rel=\"noopener\"><span class='avia_hidden_link_text'>Compartir en LinkedIn<\/span><\/a><\/li><li class='av-share-link av-social-link-mail' ><a  aria-label=\"Compartir por correo\" href='mailto:?subject=Realizan%20operativo%20de%20fiscalizaci%C3%B3n%20a%20locales%20nocturnos%20de%20Coyhaique&#038;body=https:\/\/radiorevelacionfm.cl\/?p=44565' aria-hidden='false' data-av_icon='\ue805' data-av_iconfont='entypo-fontello' title='' data-avia-related-tooltip='Compartir por correo'><span class='avia_hidden_link_text'>Compartir por correo<\/span><\/a><\/li><\/ul><\/div><\/div>\n<div  style='height:50px' class='hr hr-invisible   avia-builder-el-8  el_after_av_social_share  el_before_av_comments_list '><span class='hr-inner ' ><span class='hr-inner-style'><\/span><\/span><\/div>\n<div  class='av-buildercomment  av-blog-meta-html-info-disabled av-blog-meta-tag-disabled  '><\/div>\n","protected":false},"excerpt":{"rendered":"","protected":false},"author":1,"featured_media":44566,"comment_status":"open","ping_status":"open","sticky":false,"template":"","format":"standard","meta":{"footnotes":""},"categories":[38],"tags":[],"class_list":["post-44565","post","type-post","status-publish","format-standard","has-post-thumbnail","hentry","category-regional"],"jetpack_featured_media_url":"https:\/\/radiorevelacionfm.cl\/wp-content\/uploads\/2024\/07\/PHOTO-2024-07-29-10-50-17-1-1.jpg","_links":{"self":[{"href":"https:\/\/radiorevelacionfm.cl\/index.php?rest_route=\/wp\/v2\/posts\/44565","targetHints":{"allow":["GET"]}}],"collection":[{"href":"https:\/\/radiorevelacionfm.cl\/index.php?rest_route=\/wp\/v2\/posts"}],"about":[{"href":"https:\/\/radiorevelacionfm.cl\/index.php?rest_route=\/wp\/v2\/types\/post"}],"author":[{"embeddable":true,"href":"https:\/\/radiorevelacionfm.cl\/index.php?rest_route=\/wp\/v2\/users\/1"}],"replies":[{"embeddable":true,"href":"https:\/\/radiorevelacionfm.cl\/index.php?rest_route=%2Fwp%2Fv2%2Fcomments&post=44565"}],"version-history":[{"count":1,"href":"https:\/\/radiorevelacionfm.cl\/index.php?rest_route=\/wp\/v2\/posts\/44565\/revisions"}],"predecessor-version":[{"id":44567,"href":"https:\/\/radiorevelacionfm.cl\/index.php?rest_route=\/wp\/v2\/posts\/44565\/revisions\/44567"}],"wp:featuredmedia":[{"embeddable":true,"href":"https:\/\/radiorevelacionfm.cl\/index.php?rest_route=\/wp\/v2\/media\/44566"}],"wp:attachment":[{"href":"https:\/\/radiorevelacionfm.cl\/index.php?rest_route=%2Fwp%2Fv2%2Fmedia&parent=44565"}],"wp:term":[{"taxonomy":"category","embeddable":true,"href":"https:\/\/radiorevelacionfm.cl\/index.php?rest_route=%2Fwp%2Fv2%2Fcategories&post=44565"},{"taxonomy":"post_tag","embeddable":true,"href":"https:\/\/radiorevelacionfm.cl\/index.php?rest_route=%2Fwp%2Fv2%2Ftags&post=44565"}],"curies":[{"name":"wp","href":"https:\/\/api.w.org\/{rel}","templated":true}]}}