{"id":44562,"date":"2024-07-29T13:16:36","date_gmt":"2024-07-29T16:16:36","guid":{"rendered":"https:\/\/radiorevelacionfm.cl\/?p=44562"},"modified":"2024-07-29T13:16:36","modified_gmt":"2024-07-29T16:16:36","slug":"competencia-de-tropas-de-montana-2024-del-ejercito-realizado-en-cochrane-finalizo-con-exito","status":"publish","type":"post","link":"https:\/\/radiorevelacionfm.cl\/?p=44562","title":{"rendered":"Competencia de Tropas de Monta\u00f1a 2024 del Ej\u00e9rcito realizado en Cochrane finaliz\u00f3 con \u00e9xito"},"content":{"rendered":"<div class=\"flex_column av_one_full  flex_column_div av-zero-column-padding first  avia-builder-el-0  el_before_av_one_full  avia-builder-el-first  \" style='border-radius:0px; '><div  class='avia-image-container  av-styling-    avia-builder-el-1  avia-builder-el-no-sibling  avia-align-center '  itemprop=\"image\" itemscope=\"itemscope\" itemtype=\"https:\/\/schema.org\/ImageObject\"  ><div class='avia-image-container-inner'><div class='avia-image-overlay-wrap'><img decoding=\"async\" class='wp-image-44563 avia-img-lazy-loading-not-44563 avia_image' src=\"https:\/\/radiorevelacionfm.cl\/wp-content\/uploads\/2024\/07\/WhatsApp-Image-2024-07-22-at-22.03.44-1-1.jpeg\" alt='' title='WhatsApp Image 2024-07-22 at 22.03.44 (1) (1)' height=\"600\" width=\"900\"  itemprop=\"thumbnailUrl\" srcset=\"https:\/\/radiorevelacionfm.cl\/wp-content\/uploads\/2024\/07\/WhatsApp-Image-2024-07-22-at-22.03.44-1-1.jpeg 900w, https:\/\/radiorevelacionfm.cl\/wp-content\/uploads\/2024\/07\/WhatsApp-Image-2024-07-22-at-22.03.44-1-1-300x200.jpeg 300w, https:\/\/radiorevelacionfm.cl\/wp-content\/uploads\/2024\/07\/WhatsApp-Image-2024-07-22-at-22.03.44-1-1-768x512.jpeg 768w, https:\/\/radiorevelacionfm.cl\/wp-content\/uploads\/2024\/07\/WhatsApp-Image-2024-07-22-at-22.03.44-1-1-705x470.jpeg 705w, https:\/\/radiorevelacionfm.cl\/wp-content\/uploads\/2024\/07\/WhatsApp-Image-2024-07-22-at-22.03.44-1-1-450x300.jpeg 450w, https:\/\/radiorevelacionfm.cl\/wp-content\/uploads\/2024\/07\/WhatsApp-Image-2024-07-22-at-22.03.44-1-1-600x400.jpeg 600w\" sizes=\"(max-width: 900px) 100vw, 900px\" \/><\/div><\/div><\/div><\/div><div class=\"flex_column av_one_full  flex_column_div av-zero-column-padding first  avia-builder-el-2  el_after_av_one_full  el_before_av_one_full  column-top-margin\" style='border-radius:0px; '><section class=\"av_textblock_section \"  itemscope=\"itemscope\" itemtype=\"https:\/\/schema.org\/BlogPosting\" itemprop=\"blogPost\" ><div class='avia_textblock  '   itemprop=\"text\" ><p style=\"text-align: center;\"><strong><span style=\"font-size: 18pt;\">Competencia de Tropas de Monta\u00f1a 2024 del Ej\u00e9rcito realizado en Cochrane finaliz\u00f3 con \u00e9xito<\/span><\/strong><\/p>\n<div id=\"gtx-trans\" style=\"position: absolute; left: -50px; top: 4.31534px;\">\n<div class=\"gtx-trans-icon\"><\/div>\n<\/div>\n<\/div><\/section><\/div><div class=\"flex_column av_one_full  flex_column_div av-zero-column-padding first  avia-builder-el-4  el_after_av_one_full  el_before_av_hr  column-top-margin\" style='border-radius:0px; '><section class=\"av_textblock_section \"  itemscope=\"itemscope\" itemtype=\"https:\/\/schema.org\/BlogPosting\" itemprop=\"blogPost\" ><div class='avia_textblock  '   itemprop=\"text\" ><p style=\"text-align: justify;\">El Glaciar Calluqueo ubicado en la vertiente occidental del Monte San Lorenzo a 55 km al sureste de la comuna de Cochrane en la Regi\u00f3n de Ays\u00e9n, fue el escenario perfecto para poner a prueba a \u00a0siete patrullas especialistas en monta\u00f1a del Ejercito se Chile, quienes con temperaturas extremadamente bajas desafiaron sus l\u00edmites en la Competencia de Tropas de Monta\u00f1a 2024.<\/p>\n<p style=\"text-align: justify;\">La actividad organizada este a\u00f1o por la IV Divisi\u00f3n de Ej\u00e9rcito, siendo los due\u00f1os de casa la Compa\u00f1\u00eda Andina Divisionaria N\u00b020 Cochrane, contempl\u00f3 pruebas como rescate en grietas, escalamiento en hielo, progresi\u00f3n en Glaciar y tiro de reacci\u00f3n las cuales debieron superar los competidores.<\/p>\n<p style=\"text-align: justify;\">Si bien la competencia tuvo una duraci\u00f3n de siete d\u00edas, el despliegue de personal y medios de las diferentes unidades dependientes de la IV Divisi\u00f3n de Ej\u00e9rcito quienes apoyaron y supervisaron el correcto funcionamiento de esta competencia extrema fue de m\u00e1s de 2 semanas, lo que permiti\u00f3 que la certificaci\u00f3n de los especialistas en monta\u00f1a fuera un \u00e9xito.<\/p>\n<p style=\"text-align: justify;\">Como cierre, se hizo entrega de reconocimientos a las cordadas seg\u00fan los puntajes obtenidos en las diferentes categor\u00edas.<\/p>\n<p style=\"text-align: justify;\">Categor\u00eda Participante, se hicieron acreedor de un reconocimiento las cordadas del Destacamento de Monta\u00f1a N\u00b09 \u201cArauco\u201d y el Destacamento de Monta\u00f1a N\u00b08 \u201cTucapel\u201d.<\/p>\n<p style=\"text-align: justify;\">El medallero qued\u00f3 conformado por las siguientes cordadas:<\/p>\n<p style=\"text-align: justify;\">Medalla de Oro la obtuvo la Compa\u00f1\u00eda Andina Divisionaria N\u00b020 \u201cCochrane\u201d y la Agrupaci\u00f3n Especial de Monta\u00f1a<\/p>\n<p style=\"text-align: justify;\">Medalla de Plata se hizo acreedor el Destacamento de Monta\u00f1a N\u00b017 \u201cLos \u00c1ngeles\u201d y la Escuela de Monta\u00f1a<\/p>\n<p style=\"text-align: justify;\">La medalla de bronce recay\u00f3 en la Cordada del Destacamento de Monta\u00f1a N\u00b03 \u201cYungay\u201d<\/p>\n<p style=\"text-align: justify;\">Cabe destacar, que la finalidad de esta competencia es la certificaci\u00f3n de los especialistas de monta\u00f1a del Ej\u00e9rcito de Chile, instancia donde las unidades demostraron sus capacidades t\u00e1cticas y t\u00e9cnicas, permitiendo preparar a los efectivos para operar en situaciones de emergencias y cat\u00e1strofes en escenarios geogr\u00e1ficos de dif\u00edcil acceso y bajo condiciones meteorol\u00f3gica adversas.<\/p>\n<\/div><\/section><\/div><div  style='height:50px' class='hr hr-invisible   avia-builder-el-6  el_after_av_one_full  el_before_av_social_share '><span class='hr-inner ' ><span class='hr-inner-style'><\/span><\/span><\/div><\/p>\n<div  class='av-social-sharing-box  avia-builder-el-7  el_after_av_hr  el_before_av_hr  '><div class='av-share-box'><h5 class='av-share-link-description av-no-toc '>Compartir esta noticia<\/h5><ul class='av-share-box-list noLightbox'><li class='av-share-link av-social-link-facebook' ><a target=\"_blank\" aria-label=\"Compartir en Facebook\" href='https:\/\/www.facebook.com\/sharer.php?u=https:\/\/radiorevelacionfm.cl\/?p=44562&#038;t=Competencia%20de%20Tropas%20de%20Monta%C3%B1a%202024%20del%20Ej%C3%A9rcito%20realizado%20en%20Cochrane%20finaliz%C3%B3%20con%20%C3%A9xito' aria-hidden='false' data-av_icon='\ue8f3' data-av_iconfont='entypo-fontello' title='' data-avia-related-tooltip='Compartir en Facebook' rel=\"noopener\"><span class='avia_hidden_link_text'>Compartir en Facebook<\/span><\/a><\/li><li class='av-share-link av-social-link-twitter' ><a target=\"_blank\" aria-label=\"Compartir en Twitter\" href='https:\/\/twitter.com\/share?text=Competencia%20de%20Tropas%20de%20Monta%C3%B1a%202024%20del%20Ej%C3%A9rcito%20realizado%20en%20Cochrane%20finaliz%C3%B3%20con%20%C3%A9xito&#038;url=https:\/\/radiorevelacionfm.cl\/?p=44562' aria-hidden='false' data-av_icon='\ue8f1' data-av_iconfont='entypo-fontello' title='' data-avia-related-tooltip='Compartir en Twitter' rel=\"noopener\"><span class='avia_hidden_link_text'>Compartir en Twitter<\/span><\/a><\/li><li class='av-share-link av-social-link-whatsapp' ><a target=\"_blank\" aria-label=\"Compartir en Whatsapp\" href='https:\/\/api.whatsapp.com\/send?text=https:\/\/radiorevelacionfm.cl\/?p=44562' aria-hidden='false' data-av_icon='\uf232' data-av_iconfont='entypo-fontello' title='' data-avia-related-tooltip='Compartir en Whatsapp' rel=\"noopener\"><span class='avia_hidden_link_text'>Compartir en Whatsapp<\/span><\/a><\/li><li class='av-share-link av-social-link-linkedin' ><a target=\"_blank\" aria-label=\"Compartir en LinkedIn\" href='https:\/\/linkedin.com\/shareArticle?mini=true&#038;title=Competencia%20de%20Tropas%20de%20Monta%C3%B1a%202024%20del%20Ej%C3%A9rcito%20realizado%20en%20Cochrane%20finaliz%C3%B3%20con%20%C3%A9xito&#038;url=https:\/\/radiorevelacionfm.cl\/?p=44562' aria-hidden='false' data-av_icon='\ue8fc' data-av_iconfont='entypo-fontello' title='' data-avia-related-tooltip='Compartir en LinkedIn' rel=\"noopener\"><span class='avia_hidden_link_text'>Compartir en LinkedIn<\/span><\/a><\/li><li class='av-share-link av-social-link-mail' ><a  aria-label=\"Compartir por correo\" href='mailto:?subject=Competencia%20de%20Tropas%20de%20Monta%C3%B1a%202024%20del%20Ej%C3%A9rcito%20realizado%20en%20Cochrane%20finaliz%C3%B3%20con%20%C3%A9xito&#038;body=https:\/\/radiorevelacionfm.cl\/?p=44562' aria-hidden='false' data-av_icon='\ue805' data-av_iconfont='entypo-fontello' title='' data-avia-related-tooltip='Compartir por correo'><span class='avia_hidden_link_text'>Compartir por correo<\/span><\/a><\/li><\/ul><\/div><\/div>\n<div  style='height:50px' class='hr hr-invisible   avia-builder-el-8  el_after_av_social_share  el_before_av_comments_list '><span class='hr-inner ' ><span class='hr-inner-style'><\/span><\/span><\/div>\n<div  class='av-buildercomment  av-blog-meta-html-info-disabled av-blog-meta-tag-disabled  '><\/div>\n","protected":false},"excerpt":{"rendered":"","protected":false},"author":1,"featured_media":44563,"comment_status":"open","ping_status":"open","sticky":false,"template":"","format":"standard","meta":{"footnotes":""},"categories":[38],"tags":[],"class_list":["post-44562","post","type-post","status-publish","format-standard","has-post-thumbnail","hentry","category-regional"],"jetpack_featured_media_url":"https:\/\/radiorevelacionfm.cl\/wp-content\/uploads\/2024\/07\/WhatsApp-Image-2024-07-22-at-22.03.44-1-1.jpeg","_links":{"self":[{"href":"https:\/\/radiorevelacionfm.cl\/index.php?rest_route=\/wp\/v2\/posts\/44562","targetHints":{"allow":["GET"]}}],"collection":[{"href":"https:\/\/radiorevelacionfm.cl\/index.php?rest_route=\/wp\/v2\/posts"}],"about":[{"href":"https:\/\/radiorevelacionfm.cl\/index.php?rest_route=\/wp\/v2\/types\/post"}],"author":[{"embeddable":true,"href":"https:\/\/radiorevelacionfm.cl\/index.php?rest_route=\/wp\/v2\/users\/1"}],"replies":[{"embeddable":true,"href":"https:\/\/radiorevelacionfm.cl\/index.php?rest_route=%2Fwp%2Fv2%2Fcomments&post=44562"}],"version-history":[{"count":1,"href":"https:\/\/radiorevelacionfm.cl\/index.php?rest_route=\/wp\/v2\/posts\/44562\/revisions"}],"predecessor-version":[{"id":44564,"href":"https:\/\/radiorevelacionfm.cl\/index.php?rest_route=\/wp\/v2\/posts\/44562\/revisions\/44564"}],"wp:featuredmedia":[{"embeddable":true,"href":"https:\/\/radiorevelacionfm.cl\/index.php?rest_route=\/wp\/v2\/media\/44563"}],"wp:attachment":[{"href":"https:\/\/radiorevelacionfm.cl\/index.php?rest_route=%2Fwp%2Fv2%2Fmedia&parent=44562"}],"wp:term":[{"taxonomy":"category","embeddable":true,"href":"https:\/\/radiorevelacionfm.cl\/index.php?rest_route=%2Fwp%2Fv2%2Fcategories&post=44562"},{"taxonomy":"post_tag","embeddable":true,"href":"https:\/\/radiorevelacionfm.cl\/index.php?rest_route=%2Fwp%2Fv2%2Ftags&post=44562"}],"curies":[{"name":"wp","href":"https:\/\/api.w.org\/{rel}","templated":true}]}}