{"id":44556,"date":"2024-07-29T11:07:23","date_gmt":"2024-07-29T14:07:23","guid":{"rendered":"https:\/\/radiorevelacionfm.cl\/?p=44556"},"modified":"2024-07-29T11:07:23","modified_gmt":"2024-07-29T14:07:23","slug":"injuv-y-senama-lanzan-concurso-de-ilustraciones","status":"publish","type":"post","link":"https:\/\/radiorevelacionfm.cl\/?p=44556","title":{"rendered":"INJUV y SENAMA lanzan concurso de ilustraciones"},"content":{"rendered":"<div class=\"flex_column av_one_full  flex_column_div av-zero-column-padding first  avia-builder-el-0  el_before_av_one_full  avia-builder-el-first  \" style='border-radius:0px; '><div  class='avia-image-container  av-styling-    avia-builder-el-1  avia-builder-el-no-sibling  avia-align-center '  itemprop=\"image\" itemscope=\"itemscope\" itemtype=\"https:\/\/schema.org\/ImageObject\"  ><div class='avia-image-container-inner'><div class='avia-image-overlay-wrap'><img decoding=\"async\" class='wp-image-44557 avia-img-lazy-loading-not-44557 avia_image' src=\"https:\/\/radiorevelacionfm.cl\/wp-content\/uploads\/2024\/07\/concurso-nacional-de-ilustraciones-1-1_optimized.jpg\" alt='' title='concurso-nacional-de-ilustraciones-(1)-(1)_optimized' height=\"998\" width=\"798\"  itemprop=\"thumbnailUrl\" srcset=\"https:\/\/radiorevelacionfm.cl\/wp-content\/uploads\/2024\/07\/concurso-nacional-de-ilustraciones-1-1_optimized.jpg 798w, https:\/\/radiorevelacionfm.cl\/wp-content\/uploads\/2024\/07\/concurso-nacional-de-ilustraciones-1-1_optimized-240x300.jpg 240w, https:\/\/radiorevelacionfm.cl\/wp-content\/uploads\/2024\/07\/concurso-nacional-de-ilustraciones-1-1_optimized-768x960.jpg 768w, https:\/\/radiorevelacionfm.cl\/wp-content\/uploads\/2024\/07\/concurso-nacional-de-ilustraciones-1-1_optimized-564x705.jpg 564w, https:\/\/radiorevelacionfm.cl\/wp-content\/uploads\/2024\/07\/concurso-nacional-de-ilustraciones-1-1_optimized-450x563.jpg 450w, https:\/\/radiorevelacionfm.cl\/wp-content\/uploads\/2024\/07\/concurso-nacional-de-ilustraciones-1-1_optimized-600x750.jpg 600w\" sizes=\"(max-width: 798px) 100vw, 798px\" \/><\/div><\/div><\/div><\/div><div class=\"flex_column av_one_full  flex_column_div av-zero-column-padding first  avia-builder-el-2  el_after_av_one_full  el_before_av_one_full  column-top-margin\" style='border-radius:0px; '><section class=\"av_textblock_section \"  itemscope=\"itemscope\" itemtype=\"https:\/\/schema.org\/BlogPosting\" itemprop=\"blogPost\" ><div class='avia_textblock  '   itemprop=\"text\" ><p style=\"text-align: center;\"><strong><span style=\"font-size: 18pt;\">INJUV y SENAMA lanzan concurso de ilustraciones<\/span><\/strong><\/p>\n<div id=\"gtx-trans\" style=\"position: absolute; left: -50px; top: 4.31534px;\">\n<div class=\"gtx-trans-icon\"><\/div>\n<\/div>\n<\/div><\/section><\/div><div class=\"flex_column av_one_full  flex_column_div av-zero-column-padding first  avia-builder-el-4  el_after_av_one_full  el_before_av_hr  column-top-margin\" style='border-radius:0px; '><section class=\"av_textblock_section \"  itemscope=\"itemscope\" itemtype=\"https:\/\/schema.org\/BlogPosting\" itemprop=\"blogPost\" ><div class='avia_textblock  '   itemprop=\"text\" ><p style=\"text-align: justify;\">El Instituto Nacional de la Juventud (INJUV) lanza la primera versi\u00f3n del \u201cConcurso Nacional de Ilustraciones\u201d, una iniciativa que busca que personas entre 15 y 29 a\u00f1os puedan ilustrar la portada del libro del 10\u00b0 Concurso Literario Autobiogr\u00e1fico de Personas Mayores del Servicio Nacional del Adulto Mayor (SENAMA).<\/p>\n<p style=\"text-align: justify;\">De esta forma, se busca que exista un di\u00e1logo intergeneracional entre las personas mayores que participan en el concurso de SENAMA narrando sus experiencias de vida y las personas j\u00f3venes para que puedan, a trav\u00e9s de la ilustraci\u00f3n, reflejar la profundidad de los relatos.<\/p>\n<p style=\"text-align: justify;\">\u201cLo que busca este concurso es mostrar un trabajo intergeneracional, donde juventudes y adultos mayores se re\u00fanen en torno a sus experiencias de vida. Las personas mayores deben ser la inspiraci\u00f3n para las juventudes quienes, a trav\u00e9s de su talento, pueden plasmar esta conversaci\u00f3n intergeneracional que se transforme en un posible punto de encuentro y de di\u00e1logo\u201d, comenta el director regional de INJUV, Camilo Trivi\u00f1o Urtubia.<\/p>\n<p style=\"text-align: justify;\">En tanto, la coordinadora regional de SENAMA Ays\u00e9n, Claudia Andaur, se\u00f1al\u00f3 que \u201chacemos este llamado\u00a0 a colaborar con esta importante iniciativa que es el Concurso Literario Autobiogr\u00e1fico para personas mayores que SENAMA viene desarrollando hace 10 a\u00f1os, y que estimula la reminiscencia en las personas mayores, relavando sus recuerdos, historias de vida y trayectoria, queremos motivar a los j\u00f3venes artistas que les apasiona el dibujo\u00a0 a aportar con el lenguaje gr\u00e1fico, agreg\u00e1ndole emoci\u00f3n y comprensi\u00f3n al trabajo literario desarrollado por las personas mayores\u201d.<\/p>\n<p style=\"text-align: justify;\"><strong>\u00bfCu\u00e1les son los premios?<\/strong><\/p>\n<p style=\"text-align: justify;\">El concurso tendr\u00e1 una sola categor\u00eda \u201cIlustraci\u00f3n de Portada de libro del Concurso literario autobiogr\u00e1fico de personas mayores de SENAMA\u201d y un \u00fanico ganador o ganadora a nivel nacional que se llevar\u00e1 un set de tres libros ilustrados y una giftcard de $100.000 para ser utilizados en Buscalibre, quienes son patrocinadores de esta iniciativa.<\/p>\n<p style=\"text-align: justify;\"><strong>\u00bfC\u00f3mo participar?<\/strong><\/p>\n<p style=\"text-align: justify;\">Quienes est\u00e9n interesados deben ingresar a\u00a0<a href=\"https:\/\/tramites.injuv.gob.cl\/concurso-ilustraciones-injuv\/\">https:\/\/tramites.injuv.gob.cl\/concurso-ilustraciones-injuv\/<\/a>\u00a0o a trav\u00e9s de\u00a0 las redes sociales de INJUV Ays\u00e9n @injuvaysen, donde encontrar\u00e1n las bases del concurso y podr\u00e1n postular hasta el 20 de agosto.<\/p>\n<p style=\"text-align: justify;\">La persona ganadora se conocer\u00e1 el d\u00eda 06 de septiembre y estar\u00e1 invitado a participar en la ceremonia de premiaci\u00f3n del concurso de Semana donde podr\u00e1 ver su ilustraci\u00f3n en la portada del libro que recopilar\u00e1 los relatos ganadores de este a\u00f1o.<\/p>\n<\/div><\/section><\/div><div  style='height:50px' class='hr hr-invisible   avia-builder-el-6  el_after_av_one_full  el_before_av_social_share '><span class='hr-inner ' ><span class='hr-inner-style'><\/span><\/span><\/div><\/p>\n<div  class='av-social-sharing-box  avia-builder-el-7  el_after_av_hr  el_before_av_hr  '><div class='av-share-box'><h5 class='av-share-link-description av-no-toc '>Compartir esta noticia<\/h5><ul class='av-share-box-list noLightbox'><li class='av-share-link av-social-link-facebook' ><a target=\"_blank\" aria-label=\"Compartir en Facebook\" href='https:\/\/www.facebook.com\/sharer.php?u=https:\/\/radiorevelacionfm.cl\/?p=44556&#038;t=INJUV%20y%20SENAMA%20lanzan%20concurso%20de%20ilustraciones' aria-hidden='false' data-av_icon='\ue8f3' data-av_iconfont='entypo-fontello' title='' data-avia-related-tooltip='Compartir en Facebook' rel=\"noopener\"><span class='avia_hidden_link_text'>Compartir en Facebook<\/span><\/a><\/li><li class='av-share-link av-social-link-twitter' ><a target=\"_blank\" aria-label=\"Compartir en Twitter\" href='https:\/\/twitter.com\/share?text=INJUV%20y%20SENAMA%20lanzan%20concurso%20de%20ilustraciones&#038;url=https:\/\/radiorevelacionfm.cl\/?p=44556' aria-hidden='false' data-av_icon='\ue8f1' data-av_iconfont='entypo-fontello' title='' data-avia-related-tooltip='Compartir en Twitter' rel=\"noopener\"><span class='avia_hidden_link_text'>Compartir en Twitter<\/span><\/a><\/li><li class='av-share-link av-social-link-whatsapp' ><a target=\"_blank\" aria-label=\"Compartir en Whatsapp\" href='https:\/\/api.whatsapp.com\/send?text=https:\/\/radiorevelacionfm.cl\/?p=44556' aria-hidden='false' data-av_icon='\uf232' data-av_iconfont='entypo-fontello' title='' data-avia-related-tooltip='Compartir en Whatsapp' rel=\"noopener\"><span class='avia_hidden_link_text'>Compartir en Whatsapp<\/span><\/a><\/li><li class='av-share-link av-social-link-linkedin' ><a target=\"_blank\" aria-label=\"Compartir en LinkedIn\" href='https:\/\/linkedin.com\/shareArticle?mini=true&#038;title=INJUV%20y%20SENAMA%20lanzan%20concurso%20de%20ilustraciones&#038;url=https:\/\/radiorevelacionfm.cl\/?p=44556' aria-hidden='false' data-av_icon='\ue8fc' data-av_iconfont='entypo-fontello' title='' data-avia-related-tooltip='Compartir en LinkedIn' rel=\"noopener\"><span class='avia_hidden_link_text'>Compartir en LinkedIn<\/span><\/a><\/li><li class='av-share-link av-social-link-mail' ><a  aria-label=\"Compartir por correo\" href='mailto:?subject=INJUV%20y%20SENAMA%20lanzan%20concurso%20de%20ilustraciones&#038;body=https:\/\/radiorevelacionfm.cl\/?p=44556' aria-hidden='false' data-av_icon='\ue805' data-av_iconfont='entypo-fontello' title='' data-avia-related-tooltip='Compartir por correo'><span class='avia_hidden_link_text'>Compartir por correo<\/span><\/a><\/li><\/ul><\/div><\/div>\n<div  style='height:50px' class='hr hr-invisible   avia-builder-el-8  el_after_av_social_share  el_before_av_comments_list '><span class='hr-inner ' ><span class='hr-inner-style'><\/span><\/span><\/div>\n<div  class='av-buildercomment  av-blog-meta-html-info-disabled av-blog-meta-tag-disabled  '><\/div>\n","protected":false},"excerpt":{"rendered":"","protected":false},"author":1,"featured_media":44557,"comment_status":"open","ping_status":"open","sticky":false,"template":"","format":"standard","meta":{"footnotes":""},"categories":[38],"tags":[],"class_list":["post-44556","post","type-post","status-publish","format-standard","has-post-thumbnail","hentry","category-regional"],"jetpack_featured_media_url":"https:\/\/radiorevelacionfm.cl\/wp-content\/uploads\/2024\/07\/concurso-nacional-de-ilustraciones-1-1_optimized.jpg","_links":{"self":[{"href":"https:\/\/radiorevelacionfm.cl\/index.php?rest_route=\/wp\/v2\/posts\/44556","targetHints":{"allow":["GET"]}}],"collection":[{"href":"https:\/\/radiorevelacionfm.cl\/index.php?rest_route=\/wp\/v2\/posts"}],"about":[{"href":"https:\/\/radiorevelacionfm.cl\/index.php?rest_route=\/wp\/v2\/types\/post"}],"author":[{"embeddable":true,"href":"https:\/\/radiorevelacionfm.cl\/index.php?rest_route=\/wp\/v2\/users\/1"}],"replies":[{"embeddable":true,"href":"https:\/\/radiorevelacionfm.cl\/index.php?rest_route=%2Fwp%2Fv2%2Fcomments&post=44556"}],"version-history":[{"count":1,"href":"https:\/\/radiorevelacionfm.cl\/index.php?rest_route=\/wp\/v2\/posts\/44556\/revisions"}],"predecessor-version":[{"id":44558,"href":"https:\/\/radiorevelacionfm.cl\/index.php?rest_route=\/wp\/v2\/posts\/44556\/revisions\/44558"}],"wp:featuredmedia":[{"embeddable":true,"href":"https:\/\/radiorevelacionfm.cl\/index.php?rest_route=\/wp\/v2\/media\/44557"}],"wp:attachment":[{"href":"https:\/\/radiorevelacionfm.cl\/index.php?rest_route=%2Fwp%2Fv2%2Fmedia&parent=44556"}],"wp:term":[{"taxonomy":"category","embeddable":true,"href":"https:\/\/radiorevelacionfm.cl\/index.php?rest_route=%2Fwp%2Fv2%2Fcategories&post=44556"},{"taxonomy":"post_tag","embeddable":true,"href":"https:\/\/radiorevelacionfm.cl\/index.php?rest_route=%2Fwp%2Fv2%2Ftags&post=44556"}],"curies":[{"name":"wp","href":"https:\/\/api.w.org\/{rel}","templated":true}]}}