{"id":44550,"date":"2024-07-28T20:19:07","date_gmt":"2024-07-28T23:19:07","guid":{"rendered":"https:\/\/radiorevelacionfm.cl\/?p=44550"},"modified":"2024-07-28T20:19:07","modified_gmt":"2024-07-28T23:19:07","slug":"innovadora-investigacion-busca-energias-limpias-con-geotermia-en-aysen","status":"publish","type":"post","link":"https:\/\/radiorevelacionfm.cl\/?p=44550","title":{"rendered":"Innovadora investigaci\u00f3n busca energ\u00edas limpias con geotermia en Ays\u00e9n"},"content":{"rendered":"<div class=\"flex_column av_one_full  flex_column_div av-zero-column-padding first  avia-builder-el-0  el_before_av_one_full  avia-builder-el-first  \" style='border-radius:0px; '><div  class='avia-image-container  av-styling-    avia-builder-el-1  avia-builder-el-no-sibling  avia-align-center '  itemprop=\"image\" itemscope=\"itemscope\" itemtype=\"https:\/\/schema.org\/ImageObject\"  ><div class='avia-image-container-inner'><div class='avia-image-overlay-wrap'><img decoding=\"async\" class='wp-image-44551 avia-img-lazy-loading-not-44551 avia_image' src=\"https:\/\/radiorevelacionfm.cl\/wp-content\/uploads\/2024\/07\/cega23-1_optimized-1.jpg\" alt='' title='cega23-(1)_optimized (1)' height=\"600\" width=\"900\"  itemprop=\"thumbnailUrl\" srcset=\"https:\/\/radiorevelacionfm.cl\/wp-content\/uploads\/2024\/07\/cega23-1_optimized-1.jpg 900w, https:\/\/radiorevelacionfm.cl\/wp-content\/uploads\/2024\/07\/cega23-1_optimized-1-300x200.jpg 300w, https:\/\/radiorevelacionfm.cl\/wp-content\/uploads\/2024\/07\/cega23-1_optimized-1-768x512.jpg 768w, https:\/\/radiorevelacionfm.cl\/wp-content\/uploads\/2024\/07\/cega23-1_optimized-1-705x470.jpg 705w, https:\/\/radiorevelacionfm.cl\/wp-content\/uploads\/2024\/07\/cega23-1_optimized-1-450x300.jpg 450w, https:\/\/radiorevelacionfm.cl\/wp-content\/uploads\/2024\/07\/cega23-1_optimized-1-600x400.jpg 600w\" sizes=\"(max-width: 900px) 100vw, 900px\" \/><\/div><\/div><\/div><\/div><div class=\"flex_column av_one_full  flex_column_div av-zero-column-padding first  avia-builder-el-2  el_after_av_one_full  el_before_av_one_full  column-top-margin\" style='border-radius:0px; '><section class=\"av_textblock_section \"  itemscope=\"itemscope\" itemtype=\"https:\/\/schema.org\/BlogPosting\" itemprop=\"blogPost\" ><div class='avia_textblock  '   itemprop=\"text\" ><p style=\"text-align: center;\"><span style=\"font-size: 18pt;\"><b>Innovadora investigaci\u00f3n busca energ\u00edas limpias con geotermia en Ays\u00e9n<\/b><\/span><\/p>\n<div id=\"gtx-trans\" style=\"position: absolute; left: -50px; top: 4.31534px;\">\n<div class=\"gtx-trans-icon\"><\/div>\n<\/div>\n<\/div><\/section><\/div><div class=\"flex_column av_one_full  flex_column_div av-zero-column-padding first  avia-builder-el-4  el_after_av_one_full  el_before_av_hr  column-top-margin\" style='border-radius:0px; '><section class=\"av_textblock_section \"  itemscope=\"itemscope\" itemtype=\"https:\/\/schema.org\/BlogPosting\" itemprop=\"blogPost\" ><div class='avia_textblock  '   itemprop=\"text\" ><p style=\"text-align: justify;\">Un equipo de ingenieros y ge\u00f3logos del Centro de Excelencia en Geotermia de Los Andes, CEGA, de la Universidad de Chile, lleva adelante un estudio de 18 meses para evaluar la prefactiibilidad de generar hidr\u00f3geno verde con geotermia en el fiordo de Ays\u00e9n.<\/p>\n<p style=\"text-align: justify;\">Cofinanciados por el Gobierno Regional y su Consejo, a trav\u00e9s del Fondo de Innovaci\u00f3n para la Competitividad, FIC 2024, los investigadores presentaron el proyecto a la comunidad de Puerto Ays\u00e9n en la Casa de la Cultura de la Municipalidad, hasta donde llegaron cient\u00edficos, estudiantes, integrantes de la sociedad civil y autoridades para conocer los detalles del trabajo que est\u00e1n realizando.<\/p>\n<p style=\"text-align: justify;\">El objetivo principal de esta fase inicial del proyecto es evaluar la viabilidad t\u00e9cnica y econ\u00f3mica de levantar una planta de hidr\u00f3geno verde que sea abastecida con energ\u00eda geot\u00e9rmica en el fiordo de Ays\u00e9n.<\/p>\n<p style=\"text-align: justify;\">El ingeniero civil y mag\u00edster en Geotecnia Nicol\u00e1s P\u00e9rez, investigador de CEGA, ha viajado 3 veces a la Regi\u00f3n de Ays\u00e9n para estudiar en terreno los potenciales beneficios del arco volc\u00e1nico que en el territorio del fiordo de Ays\u00e9n est\u00e1 especialmente pr\u00f3ximo al mar, lo que se traduce en una fuente de calor junto a una fuente de agua permanente:\u00a0\u00abEstamos estudiando las cenizas volc\u00e1nicas y lo que queremos es encontrar qu\u00e9 cenizas volc\u00e1nicas pertenecen a los volcanes Mac\u00e1 y Cay (Cisnes) que son los que nos interesan para este estudio. Y al final terminamos analizando todo lo que son los rellenos sedimentarios\u00bb.<\/p>\n<p style=\"text-align: justify;\">Nicol\u00e1s cuenta que lo que hacen es observar las capas y los estratos horizontales de la tierra donde hay arenas y rocas:\u00a0\u00abCuando un volc\u00e1n hace erupci\u00f3n a 50 o 100 kil\u00f3metros genera una gran columna de humo y de cenizas que se desplazan y se depositan en distintos lugares. Y de repente, por ejemplo, ac\u00e1 el volc\u00e1n m\u00e1s cercano no est\u00e1 a m\u00e1s de 100 kil\u00f3metros y podemos encontrar peque\u00f1as capas relacionadas con las soluciones volc\u00e1nicas. Nosotros extraemos una muestra de estas capas y analizamos sus distintos componentes, los cristales, las roquitas, y al final es como hacer una prueba de ADN y saber de qu\u00e9 volc\u00e1n proviene esa ceniza volc\u00e1nica\u00bb.<\/p>\n<p style=\"text-align: justify;\">Una de las variables m\u00e1s importantes de este estudio es la profundidad en que se emplaza la roca fundida debajo del volc\u00e1n, un aspecto clave para la generaci\u00f3n energ\u00eda geot\u00e9rmica: entre m\u00e1s somero est\u00e1 el calor es mejor para la geotermia.<\/p>\n<p style=\"text-align: justify;\">Bruno Ortega, ingeniero civil mec\u00e1nico del equipo CEGA, sit\u00faa geogr\u00e1ficamente la investigaci\u00f3n:\u00a0\u00abEstamos en un punto muy cercano de Puerto Chacabuco hacia Ensenada P\u00e9rez, aproximadamente unos 10 kil\u00f3metros. Hay un punto interesante para generar electricidad y calor con geotermia y eso aprovecharlo para producir hidr\u00f3geno verde. El hidr\u00f3geno verde es un gas, combustible, se apellida verde por su sustentabilidad y por provenir de energ\u00edas renovables. Y estamos investigando para que sea una opci\u00f3n factible y sustentable de reemplazo y cambio de matriz energ\u00e9tica en la Regi\u00f3n de Aysen. El hidr\u00f3geno verde al combustionar, al no tener mol\u00e9cula de carbono en su estructura no libera di\u00f3xido de carbono que es el principal responsable del calentamiento global. En segundo lugar, respecto de otras fuentes energ\u00e9ticas como la biomasa, no libera material particulado y en un tercer aspecto importante del hidr\u00f3geno verde es que es un vector energ\u00e9tico. Al ser un vector energ\u00e9tico, significa que es una energ\u00eda que se puede almacenar y se puede transportar a distintos puntos de consumo.<\/p>\n<p style=\"text-align: justify;\">Bruno cree que este estudio es una buena noticia para la Regi\u00f3n de Ays\u00e9n \u00abpor su contexto energ\u00e9tico regional actual y su matriz de consumo que es principalmente basado en el petr\u00f3leo diesel y le\u00f1a. En su aspecto de transporte sabemos que la Regi\u00f3n de Ays\u00e9n geogr\u00e1ficamente es extensa y tiene muchos caminos entonces se ocupan muchos combustibles f\u00f3siles en transporte y el hidr\u00f3geno verde puede ser una opci\u00f3n sustentable para la matriz de generaci\u00f3n el\u00e9ctrica y para la calefacci\u00f3n residencial\u00bb.<\/p>\n<p style=\"text-align: justify;\">El alcalde de Ays\u00e9n, Julio Uribe, conoci\u00f3 los estudios geot\u00e9rmicos de CEGA desde sus inicios en 2010 cuando era consejero regional y luego cuando presid\u00eda la Comisi\u00f3n de Ciencia:\u00a0\u00abVarios a\u00f1os despu\u00e9s, los resultados aparecieron cuando yo era presidente del Consejo Regional y una de las termas que ten\u00eda mayor potencial geot\u00e9rmico era la de Puerto P\u00e9rez. Y desde ah\u00ed qued\u00f3 siempre ese encanto de poder solucionar nuestros problemas de energ\u00eda, a trav\u00e9s de la geotermia, pensar que hay pa\u00edses europeos que ocupan la geotermia desde 1900 y ac\u00e1 teniendo los potenciales no los hemos aprovechado. El producir energ\u00eda a bajo costo significar\u00eda dejar la le\u00f1a, tener una energ\u00eda limpia, tal vez abrir la ventana a que se instalen industrias, las cuales necesitan mucha energ\u00eda para funcionar. Esta no es una soluci\u00f3n que ma\u00f1ana termina el estudio y comienza a haber electricidad. Estos son estudios base que nos van a permitir, tal vez en 10, 15 o 20 a\u00f1os m\u00e1s poder tener una soluci\u00f3n. Pero hay que trabajar en ello porque sin estos estudios preliminares no podr\u00edamos llegar a un resultado como lo esperamos\u00bb.<\/p>\n<p style=\"text-align: justify;\">Desde el Gobierno Regional de Ays\u00e9n y su Consejo, respaldaron la iniciativa. Para la jefa de la Divisi\u00f3n Fomento e Industria, Claudia Cantero,\u00a0\u00abla importancia tiene que ver con la toma de decisiones posteriores a este tipo de proyectos. La verdad es que para poder definir y diversificar la matriz energ\u00e9tica de nuestra regi\u00f3n, es importantes poder contar con proyectos y estudios que nos hablen de cu\u00e1les son las capacidades y las posibilidades y las potencialidades que tiene la regi\u00f3n para poder generar otro tipo de energ\u00eda. Por lo tanto, a trav\u00e9s de este proyecto FIC lo que se est\u00e1 buscando es poder contar con m\u00e1s conocimiento y contar con m\u00e1s experiencia de otros lugares tambi\u00e9n y ver si se pueden aplicar ac\u00e1 en la regi\u00f3n\u00bb.<\/p>\n<\/div><\/section><\/div><div  style='height:50px' class='hr hr-invisible   avia-builder-el-6  el_after_av_one_full  el_before_av_social_share '><span class='hr-inner ' ><span class='hr-inner-style'><\/span><\/span><\/div><\/p>\n<div  class='av-social-sharing-box  avia-builder-el-7  el_after_av_hr  el_before_av_hr  '><div class='av-share-box'><h5 class='av-share-link-description av-no-toc '>Compartir esta noticia<\/h5><ul class='av-share-box-list noLightbox'><li class='av-share-link av-social-link-facebook' ><a target=\"_blank\" aria-label=\"Compartir en Facebook\" href='https:\/\/www.facebook.com\/sharer.php?u=https:\/\/radiorevelacionfm.cl\/?p=44550&#038;t=Innovadora%20investigaci%C3%B3n%20busca%20energ%C3%ADas%20limpias%20con%20geotermia%20en%20Ays%C3%A9n' aria-hidden='false' data-av_icon='\ue8f3' data-av_iconfont='entypo-fontello' title='' data-avia-related-tooltip='Compartir en Facebook' rel=\"noopener\"><span class='avia_hidden_link_text'>Compartir en Facebook<\/span><\/a><\/li><li class='av-share-link av-social-link-twitter' ><a target=\"_blank\" aria-label=\"Compartir en Twitter\" href='https:\/\/twitter.com\/share?text=Innovadora%20investigaci%C3%B3n%20busca%20energ%C3%ADas%20limpias%20con%20geotermia%20en%20Ays%C3%A9n&#038;url=https:\/\/radiorevelacionfm.cl\/?p=44550' aria-hidden='false' data-av_icon='\ue8f1' data-av_iconfont='entypo-fontello' title='' data-avia-related-tooltip='Compartir en Twitter' rel=\"noopener\"><span class='avia_hidden_link_text'>Compartir en Twitter<\/span><\/a><\/li><li class='av-share-link av-social-link-whatsapp' ><a target=\"_blank\" aria-label=\"Compartir en Whatsapp\" href='https:\/\/api.whatsapp.com\/send?text=https:\/\/radiorevelacionfm.cl\/?p=44550' aria-hidden='false' data-av_icon='\uf232' data-av_iconfont='entypo-fontello' title='' data-avia-related-tooltip='Compartir en Whatsapp' rel=\"noopener\"><span class='avia_hidden_link_text'>Compartir en Whatsapp<\/span><\/a><\/li><li class='av-share-link av-social-link-linkedin' ><a target=\"_blank\" aria-label=\"Compartir en LinkedIn\" href='https:\/\/linkedin.com\/shareArticle?mini=true&#038;title=Innovadora%20investigaci%C3%B3n%20busca%20energ%C3%ADas%20limpias%20con%20geotermia%20en%20Ays%C3%A9n&#038;url=https:\/\/radiorevelacionfm.cl\/?p=44550' aria-hidden='false' data-av_icon='\ue8fc' data-av_iconfont='entypo-fontello' title='' data-avia-related-tooltip='Compartir en LinkedIn' rel=\"noopener\"><span class='avia_hidden_link_text'>Compartir en LinkedIn<\/span><\/a><\/li><li class='av-share-link av-social-link-mail' ><a  aria-label=\"Compartir por correo\" href='mailto:?subject=Innovadora%20investigaci%C3%B3n%20busca%20energ%C3%ADas%20limpias%20con%20geotermia%20en%20Ays%C3%A9n&#038;body=https:\/\/radiorevelacionfm.cl\/?p=44550' aria-hidden='false' data-av_icon='\ue805' data-av_iconfont='entypo-fontello' title='' data-avia-related-tooltip='Compartir por correo'><span class='avia_hidden_link_text'>Compartir por correo<\/span><\/a><\/li><\/ul><\/div><\/div>\n<div  style='height:50px' class='hr hr-invisible   avia-builder-el-8  el_after_av_social_share  el_before_av_comments_list '><span class='hr-inner ' ><span class='hr-inner-style'><\/span><\/span><\/div>\n<div  class='av-buildercomment  av-blog-meta-html-info-disabled av-blog-meta-tag-disabled  '><\/div>\n","protected":false},"excerpt":{"rendered":"","protected":false},"author":1,"featured_media":44551,"comment_status":"open","ping_status":"open","sticky":false,"template":"","format":"standard","meta":{"footnotes":""},"categories":[38],"tags":[],"class_list":["post-44550","post","type-post","status-publish","format-standard","has-post-thumbnail","hentry","category-regional"],"jetpack_featured_media_url":"https:\/\/radiorevelacionfm.cl\/wp-content\/uploads\/2024\/07\/cega23-1_optimized-1.jpg","_links":{"self":[{"href":"https:\/\/radiorevelacionfm.cl\/index.php?rest_route=\/wp\/v2\/posts\/44550","targetHints":{"allow":["GET"]}}],"collection":[{"href":"https:\/\/radiorevelacionfm.cl\/index.php?rest_route=\/wp\/v2\/posts"}],"about":[{"href":"https:\/\/radiorevelacionfm.cl\/index.php?rest_route=\/wp\/v2\/types\/post"}],"author":[{"embeddable":true,"href":"https:\/\/radiorevelacionfm.cl\/index.php?rest_route=\/wp\/v2\/users\/1"}],"replies":[{"embeddable":true,"href":"https:\/\/radiorevelacionfm.cl\/index.php?rest_route=%2Fwp%2Fv2%2Fcomments&post=44550"}],"version-history":[{"count":1,"href":"https:\/\/radiorevelacionfm.cl\/index.php?rest_route=\/wp\/v2\/posts\/44550\/revisions"}],"predecessor-version":[{"id":44552,"href":"https:\/\/radiorevelacionfm.cl\/index.php?rest_route=\/wp\/v2\/posts\/44550\/revisions\/44552"}],"wp:featuredmedia":[{"embeddable":true,"href":"https:\/\/radiorevelacionfm.cl\/index.php?rest_route=\/wp\/v2\/media\/44551"}],"wp:attachment":[{"href":"https:\/\/radiorevelacionfm.cl\/index.php?rest_route=%2Fwp%2Fv2%2Fmedia&parent=44550"}],"wp:term":[{"taxonomy":"category","embeddable":true,"href":"https:\/\/radiorevelacionfm.cl\/index.php?rest_route=%2Fwp%2Fv2%2Fcategories&post=44550"},{"taxonomy":"post_tag","embeddable":true,"href":"https:\/\/radiorevelacionfm.cl\/index.php?rest_route=%2Fwp%2Fv2%2Ftags&post=44550"}],"curies":[{"name":"wp","href":"https:\/\/api.w.org\/{rel}","templated":true}]}}