{"id":44546,"date":"2024-07-28T18:25:32","date_gmt":"2024-07-28T21:25:32","guid":{"rendered":"https:\/\/radiorevelacionfm.cl\/?p=44546"},"modified":"2024-07-28T18:25:32","modified_gmt":"2024-07-28T21:25:32","slug":"realizan-encuentro-con-trabajadores-as-de-conaf-para-abordar-temas-de-equidad-de-genero-y-avances-legislativos-en-materias-laborales","status":"publish","type":"post","link":"https:\/\/radiorevelacionfm.cl\/?p=44546","title":{"rendered":"Realizan encuentro con trabajadores\/as de Conaf para abordar temas de Equidad de G\u00e9nero y Avances Legislativos en materias laborales"},"content":{"rendered":"<div class=\"flex_column av_one_full  flex_column_div av-zero-column-padding first  avia-builder-el-0  el_before_av_one_full  avia-builder-el-first  \" style='border-radius:0px; '><div  class='avia-image-container  av-styling-    avia-builder-el-1  avia-builder-el-no-sibling  avia-align-center '  itemprop=\"image\" itemscope=\"itemscope\" itemtype=\"https:\/\/schema.org\/ImageObject\"  ><div class='avia-image-container-inner'><div class='avia-image-overlay-wrap'><img decoding=\"async\" class='wp-image-44547 avia-img-lazy-loading-not-44547 avia_image' src=\"https:\/\/radiorevelacionfm.cl\/wp-content\/uploads\/2024\/07\/whatsapp-image-2024-07-28-at-12_optimized.54.55-1-1.jpeg\" alt='' title='whatsapp-image-2024-07-28-at-12_optimized.54.55-(1)-(1)' height=\"600\" width=\"800\"  itemprop=\"thumbnailUrl\" srcset=\"https:\/\/radiorevelacionfm.cl\/wp-content\/uploads\/2024\/07\/whatsapp-image-2024-07-28-at-12_optimized.54.55-1-1.jpeg 800w, https:\/\/radiorevelacionfm.cl\/wp-content\/uploads\/2024\/07\/whatsapp-image-2024-07-28-at-12_optimized.54.55-1-1-300x225.jpeg 300w, https:\/\/radiorevelacionfm.cl\/wp-content\/uploads\/2024\/07\/whatsapp-image-2024-07-28-at-12_optimized.54.55-1-1-768x576.jpeg 768w, https:\/\/radiorevelacionfm.cl\/wp-content\/uploads\/2024\/07\/whatsapp-image-2024-07-28-at-12_optimized.54.55-1-1-705x529.jpeg 705w, https:\/\/radiorevelacionfm.cl\/wp-content\/uploads\/2024\/07\/whatsapp-image-2024-07-28-at-12_optimized.54.55-1-1-450x338.jpeg 450w, https:\/\/radiorevelacionfm.cl\/wp-content\/uploads\/2024\/07\/whatsapp-image-2024-07-28-at-12_optimized.54.55-1-1-600x450.jpeg 600w\" sizes=\"(max-width: 800px) 100vw, 800px\" \/><\/div><\/div><\/div><\/div><div class=\"flex_column av_one_full  flex_column_div av-zero-column-padding first  avia-builder-el-2  el_after_av_one_full  el_before_av_one_full  column-top-margin\" style='border-radius:0px; '><section class=\"av_textblock_section \"  itemscope=\"itemscope\" itemtype=\"https:\/\/schema.org\/BlogPosting\" itemprop=\"blogPost\" ><div class='avia_textblock  '   itemprop=\"text\" ><p style=\"text-align: center;\"><strong><span style=\"font-size: 18pt;\">Realizan encuentro con trabajadores\/as de Conaf para abordar temas de Equidad de G\u00e9nero y Avances Legislativos en materias laborales <\/span><\/strong><\/p>\n<div id=\"gtx-trans\" style=\"position: absolute; left: -50px; top: 4.31534px;\">\n<div class=\"gtx-trans-icon\"><\/div>\n<\/div>\n<\/div><\/section><\/div><div class=\"flex_column av_one_full  flex_column_div av-zero-column-padding first  avia-builder-el-4  el_after_av_one_full  el_before_av_hr  column-top-margin\" style='border-radius:0px; '><section class=\"av_textblock_section \"  itemscope=\"itemscope\" itemtype=\"https:\/\/schema.org\/BlogPosting\" itemprop=\"blogPost\" ><div class='avia_textblock  '   itemprop=\"text\" ><p style=\"font-weight: 400; text-align: justify;\"><em>Dentro de los temas abordados destaca: Pago Efectivo de Deudas de Pensi\u00f3n de Alimento, \u201cEmpoderamiento, Co-responsabilidad familiar, laboral y masculinidades\u201d y Ley Karin\u201d.<\/em><\/p>\n<p style=\"font-weight: 400; text-align: justify;\">Promover el empoderamiento, y acercar informaci\u00f3n legislativa en materia de derechos a cerca de 60 trabajadoras y trabajadores de la Corporaci\u00f3n Nacional Forestal (CONAF) en Coyhaique, fue el principal objetivo de este encuentro, donde en una jornada de dos d\u00edas, se abordaron importantes temas \u00a0en materia de equidad de g\u00e9nero y avances legislativos.<\/p>\n<p style=\"font-weight: 400; text-align: justify;\">Una jornada que cont\u00f3 con la presentaci\u00f3n de la Ley 21.484 de Responsabilidad y Pago Efectivo de Deudas de Pensi\u00f3n de Alimentos, ponencia a cargo del abogado de la Corporaci\u00f3n de Asistencia Judicial, CAJ B\u00edo-B\u00edo, Milton Navarro, donde en su mayor\u00eda \u2013 mujeres, tuvieron la posibilidad de realizar diversas consultas sobre la Ley y su tramitaci\u00f3n, adem\u00e1s de compartir experiencias, desde sus m\u00faltiples roles, sobre un tema tan importante, que no solamente impacta a las trabajadoras, sino tambi\u00e9n a sus hijos e hijas.<\/p>\n<p style=\"font-weight: 400; text-align: justify;\">\u201cComo Fundaci\u00f3n Prodemu estamos siempre muy atentas a ir observando y dialogando con las diferentes instituciones publicas y privadas que trabajan con grupos de mujeres, es as\u00ed que nace esta colaboraci\u00f3n con Conaf Coyhaique, con quienes nos reunimos con el prop\u00f3sito de levantar actividades que nos permitan entregar capacitaci\u00f3n e informaci\u00f3n a las mujeres y hombres que trabajan en ese espacio. Desde este lugar en adelante, generamos un programa de trabajo intersectorial que nos permiti\u00f3 entregar informaci\u00f3n relevante y necesaria de socializar, m\u00e1s cuando los temas abordados nos llevan a reflexionar de lo importante que es incorporar la transversalizaci\u00f3n del enfoque de g\u00e9nero en todos los espacios laborales. Creemos que estas instancias fueron significativas para las\/os trabajadoras\/es que participaron en ambas jornadas, lo que sin duda nos insta a seguir trabajando en la implementaci\u00f3n de nuestra oferta program\u00e1tica institucional\u201d, indic\u00f3 Ingrid Osorio Santana, directora de Fundaci\u00f3n Prodemu Ays\u00e9n.<\/p>\n<p style=\"font-weight: 400; text-align: justify;\">Lindana Cay\u00fan, trabajadora del programa de Restauraci\u00f3n y Manejo Forestal de bosque nativo y plantaciones en Ays\u00e9n, agradeci\u00f3 la instancia, sobre todo por la posibilidad de contar con informaci\u00f3n que tanto ella- como menciona y otras compa\u00f1eras, no conoc\u00edan hasta entonces o no entend\u00edan. \u201cEs muy bueno que haga esto, ojal\u00e1 cada vez se pudieran hacer m\u00e1s charlas sobre estos y otros temas. Hay muchas mujeres, incluso compa\u00f1eras que son muy sumisas, que no reciben pensi\u00f3n de alimentos, y tienen hijos y adem\u00e1s, tiene que mantener a sus ni\u00f1os. Por eso es importante que se enteren de esto que se ha informado, porque esto \u00a0las ayuda a ser m\u00e1s valientes\u201d, puntualiz\u00f3.<\/p>\n<p style=\"font-weight: 400; text-align: justify;\">Jos\u00e9 Luis P\u00e9rez, Jefe Provincial de CONAF Coyhaique, respecto de la actividad indic\u00f3: \u201cComo Corporaci\u00f3n estamos agradecidos de la convocatoria que este encuentro suscito, destacamos la importancia de las organizaciones del Estado que est\u00e9n comprometidas con los trabajadores y trabajadoras, para disipar dudas y de esta forma ayudamos a tener ciudadanos m\u00e1s empoderados\u00a0 en conocimientos claves para su diario vivir. La Ley Karin viene a contribuir y entender la importancia que aprendamos a convivir en un ambiente laboral m\u00e1s grato con relaciones humanas amenas en donde cada persona sea valorada y respetada.\u201d, indic\u00f3.<\/p>\n<p style=\"font-weight: 400; text-align: justify;\">Durante el segundo d\u00eda de jornada, la actividad comenz\u00f3 con un taller sobre \u201cEmpoderamiento, Co-responsabilidad familiar, laboral y masculinidades\u201d, facilitado por el Gestor \u00a0de Formaci\u00f3n y Capacitaci\u00f3n de Fundaci\u00f3n Prodemu, Henry Navarro Saldivia, instancia que permiti\u00f3 no solamente conocer diversas visiones en torno a estos importantes temas, sino tambi\u00e9n reflexionar desde el espacio laboral, sobre los diferentes roles que cumplen hombres y mujeres en la sociedad, cu\u00e1nto se ha avanzado en materia de equidad de g\u00e9nero, y los desaf\u00edos necesarios para acortar las brechas de g\u00e9nero en los diferentes espacios.<\/p>\n<p style=\"font-weight: 400; text-align: justify;\">La actividad cont\u00f3 con la presentaci\u00f3n de La Ley Karin que entra en vigencia el pr\u00f3ximo 01 de agosto, ponencia a cargo del Seremi del Trabajo y Previsi\u00f3n Social, Rodrigo D\u00edaz Cordaro, la cual fue complementada por un panel de conversaci\u00f3n, en el que participaron representantes de las diversas reparticiones p\u00fablicas invitadas, entre ellas: la Direcci\u00f3n del Trabajo, la Superintendencia de Seguridad Social, el Instituto de Seguridad Laboral y otras, que acompa\u00f1aron la jornada, como: La Delegaci\u00f3n Presidencial Regional, SEREMI de Salud, SernamEG, todas, instituciones prestas a brindar asesor\u00eda, responder inquietudes y consultas de los y las asistentes, en el entendido que muchas veces, \u00e9stos\/as, no saben donde acudir, a qui\u00e9n consultar y especialmente, no cuentan con el tiempo necesario para poder hacer ciertos tr\u00e1mites o consultas.<\/p>\n<p style=\"font-weight: 400; text-align: justify;\">Finalmente La SEREMI (S) de la Seremi de la Mujer y La Equidad de G\u00e9nero, Lenka Gatica Sandoval indic\u00f3: \u201cEstamos muy agradecidas de que Prodemu y CONAF, nos hayan hecho parte de este di\u00e1logo con trabajadores y trabajadoras reforzando la articulaci\u00f3n intersectorial a la que estamos llamados los organismos p\u00fablicos, la cual ha permitido acercar esta informaci\u00f3n tan relevante en materia de derechos a hombres y mujeres en sus diversidades. Como SEREMI de la Mujer, nos seguiremos poniendo a disposici\u00f3n, para seguir socializando las pol\u00edticas p\u00fablicas impulsadas por el presidente Gabriel Boric Font, a todos los ciudadanos y ciudadanas, y los avances en materia legislativa, \u00a0que han permitido acortar brechas de g\u00e9nero y de esta manera, \u00a0generar \u00a0mejores oportunidades para hombres y mujeres en nuestro pa\u00eds\u201d, concluy\u00f3.<\/p>\n<\/div><\/section><\/div><div  style='height:50px' class='hr hr-invisible   avia-builder-el-6  el_after_av_one_full  el_before_av_social_share '><span class='hr-inner ' ><span class='hr-inner-style'><\/span><\/span><\/div><\/p>\n<div  class='av-social-sharing-box  avia-builder-el-7  el_after_av_hr  el_before_av_hr  '><div class='av-share-box'><h5 class='av-share-link-description av-no-toc '>Compartir esta noticia<\/h5><ul class='av-share-box-list noLightbox'><li class='av-share-link av-social-link-facebook' ><a target=\"_blank\" aria-label=\"Compartir en Facebook\" href='https:\/\/www.facebook.com\/sharer.php?u=https:\/\/radiorevelacionfm.cl\/?p=44546&#038;t=Realizan%20encuentro%20con%20trabajadores%2Fas%20de%20Conaf%20para%20abordar%20temas%20de%20Equidad%20de%20G%C3%A9nero%20y%20Avances%20Legislativos%20en%20materias%20laborales' aria-hidden='false' data-av_icon='\ue8f3' data-av_iconfont='entypo-fontello' title='' data-avia-related-tooltip='Compartir en Facebook' rel=\"noopener\"><span class='avia_hidden_link_text'>Compartir en Facebook<\/span><\/a><\/li><li class='av-share-link av-social-link-twitter' ><a target=\"_blank\" aria-label=\"Compartir en Twitter\" href='https:\/\/twitter.com\/share?text=Realizan%20encuentro%20con%20trabajadores%2Fas%20de%20Conaf%20para%20abordar%20temas%20de%20Equidad%20de%20G%C3%A9nero%20y%20Avances%20Legislativos%20en%20materias%20laborales&#038;url=https:\/\/radiorevelacionfm.cl\/?p=44546' aria-hidden='false' data-av_icon='\ue8f1' data-av_iconfont='entypo-fontello' title='' data-avia-related-tooltip='Compartir en Twitter' rel=\"noopener\"><span class='avia_hidden_link_text'>Compartir en Twitter<\/span><\/a><\/li><li class='av-share-link av-social-link-whatsapp' ><a target=\"_blank\" aria-label=\"Compartir en Whatsapp\" href='https:\/\/api.whatsapp.com\/send?text=https:\/\/radiorevelacionfm.cl\/?p=44546' aria-hidden='false' data-av_icon='\uf232' data-av_iconfont='entypo-fontello' title='' data-avia-related-tooltip='Compartir en Whatsapp' rel=\"noopener\"><span class='avia_hidden_link_text'>Compartir en Whatsapp<\/span><\/a><\/li><li class='av-share-link av-social-link-linkedin' ><a target=\"_blank\" aria-label=\"Compartir en LinkedIn\" href='https:\/\/linkedin.com\/shareArticle?mini=true&#038;title=Realizan%20encuentro%20con%20trabajadores%2Fas%20de%20Conaf%20para%20abordar%20temas%20de%20Equidad%20de%20G%C3%A9nero%20y%20Avances%20Legislativos%20en%20materias%20laborales&#038;url=https:\/\/radiorevelacionfm.cl\/?p=44546' aria-hidden='false' data-av_icon='\ue8fc' data-av_iconfont='entypo-fontello' title='' data-avia-related-tooltip='Compartir en LinkedIn' rel=\"noopener\"><span class='avia_hidden_link_text'>Compartir en LinkedIn<\/span><\/a><\/li><li class='av-share-link av-social-link-mail' ><a  aria-label=\"Compartir por correo\" href='mailto:?subject=Realizan%20encuentro%20con%20trabajadores%2Fas%20de%20Conaf%20para%20abordar%20temas%20de%20Equidad%20de%20G%C3%A9nero%20y%20Avances%20Legislativos%20en%20materias%20laborales&#038;body=https:\/\/radiorevelacionfm.cl\/?p=44546' aria-hidden='false' data-av_icon='\ue805' data-av_iconfont='entypo-fontello' title='' data-avia-related-tooltip='Compartir por correo'><span class='avia_hidden_link_text'>Compartir por correo<\/span><\/a><\/li><\/ul><\/div><\/div>\n<div  style='height:50px' class='hr hr-invisible   avia-builder-el-8  el_after_av_social_share  el_before_av_comments_list '><span class='hr-inner ' ><span class='hr-inner-style'><\/span><\/span><\/div>\n<div  class='av-buildercomment  av-blog-meta-html-info-disabled av-blog-meta-tag-disabled  '><\/div>\n","protected":false},"excerpt":{"rendered":"","protected":false},"author":1,"featured_media":44547,"comment_status":"open","ping_status":"open","sticky":false,"template":"","format":"standard","meta":{"footnotes":""},"categories":[38],"tags":[],"class_list":["post-44546","post","type-post","status-publish","format-standard","has-post-thumbnail","hentry","category-regional"],"jetpack_featured_media_url":"https:\/\/radiorevelacionfm.cl\/wp-content\/uploads\/2024\/07\/whatsapp-image-2024-07-28-at-12_optimized.54.55-1-1.jpeg","_links":{"self":[{"href":"https:\/\/radiorevelacionfm.cl\/index.php?rest_route=\/wp\/v2\/posts\/44546","targetHints":{"allow":["GET"]}}],"collection":[{"href":"https:\/\/radiorevelacionfm.cl\/index.php?rest_route=\/wp\/v2\/posts"}],"about":[{"href":"https:\/\/radiorevelacionfm.cl\/index.php?rest_route=\/wp\/v2\/types\/post"}],"author":[{"embeddable":true,"href":"https:\/\/radiorevelacionfm.cl\/index.php?rest_route=\/wp\/v2\/users\/1"}],"replies":[{"embeddable":true,"href":"https:\/\/radiorevelacionfm.cl\/index.php?rest_route=%2Fwp%2Fv2%2Fcomments&post=44546"}],"version-history":[{"count":1,"href":"https:\/\/radiorevelacionfm.cl\/index.php?rest_route=\/wp\/v2\/posts\/44546\/revisions"}],"predecessor-version":[{"id":44548,"href":"https:\/\/radiorevelacionfm.cl\/index.php?rest_route=\/wp\/v2\/posts\/44546\/revisions\/44548"}],"wp:featuredmedia":[{"embeddable":true,"href":"https:\/\/radiorevelacionfm.cl\/index.php?rest_route=\/wp\/v2\/media\/44547"}],"wp:attachment":[{"href":"https:\/\/radiorevelacionfm.cl\/index.php?rest_route=%2Fwp%2Fv2%2Fmedia&parent=44546"}],"wp:term":[{"taxonomy":"category","embeddable":true,"href":"https:\/\/radiorevelacionfm.cl\/index.php?rest_route=%2Fwp%2Fv2%2Fcategories&post=44546"},{"taxonomy":"post_tag","embeddable":true,"href":"https:\/\/radiorevelacionfm.cl\/index.php?rest_route=%2Fwp%2Fv2%2Ftags&post=44546"}],"curies":[{"name":"wp","href":"https:\/\/api.w.org\/{rel}","templated":true}]}}