{"id":44543,"date":"2024-07-28T17:11:34","date_gmt":"2024-07-28T20:11:34","guid":{"rendered":"https:\/\/radiorevelacionfm.cl\/?p=44543"},"modified":"2024-07-28T17:11:34","modified_gmt":"2024-07-28T20:11:34","slug":"sandoval-pide-al-mop-aclarar-si-aeropuerto-de-balmaceda-contara-con-tecnologia-que-permite-aterrizajes-en-condiciones-de-baja-visibilidad","status":"publish","type":"post","link":"https:\/\/radiorevelacionfm.cl\/?p=44543","title":{"rendered":"Sandoval pide al MOP aclarar si aeropuerto de Balmaceda contar\u00e1 con tecnolog\u00eda que permite aterrizajes en condiciones de baja visibilidad"},"content":{"rendered":"<div class=\"flex_column av_one_full  flex_column_div av-zero-column-padding first  avia-builder-el-0  el_before_av_one_full  avia-builder-el-first  \" style='border-radius:0px; '><div  class='avia-image-container  av-styling-    avia-builder-el-1  avia-builder-el-no-sibling  avia-align-center '  itemprop=\"image\" itemscope=\"itemscope\" itemtype=\"https:\/\/schema.org\/ImageObject\"  ><div class='avia-image-container-inner'><div class='avia-image-overlay-wrap'><img decoding=\"async\" class='wp-image-44544 avia-img-lazy-loading-not-44544 avia_image' src=\"https:\/\/radiorevelacionfm.cl\/wp-content\/uploads\/2024\/07\/Aeropuerto-Balmaceda-2-1.jpg\" alt='' title='Aeropuerto Balmaceda (2) (1)' height=\"625\" width=\"804\"  itemprop=\"thumbnailUrl\" srcset=\"https:\/\/radiorevelacionfm.cl\/wp-content\/uploads\/2024\/07\/Aeropuerto-Balmaceda-2-1.jpg 804w, https:\/\/radiorevelacionfm.cl\/wp-content\/uploads\/2024\/07\/Aeropuerto-Balmaceda-2-1-300x233.jpg 300w, https:\/\/radiorevelacionfm.cl\/wp-content\/uploads\/2024\/07\/Aeropuerto-Balmaceda-2-1-768x597.jpg 768w, https:\/\/radiorevelacionfm.cl\/wp-content\/uploads\/2024\/07\/Aeropuerto-Balmaceda-2-1-705x548.jpg 705w, https:\/\/radiorevelacionfm.cl\/wp-content\/uploads\/2024\/07\/Aeropuerto-Balmaceda-2-1-450x350.jpg 450w, https:\/\/radiorevelacionfm.cl\/wp-content\/uploads\/2024\/07\/Aeropuerto-Balmaceda-2-1-600x466.jpg 600w\" sizes=\"(max-width: 804px) 100vw, 804px\" \/><\/div><\/div><\/div><\/div><div class=\"flex_column av_one_full  flex_column_div av-zero-column-padding first  avia-builder-el-2  el_after_av_one_full  el_before_av_one_full  column-top-margin\" style='border-radius:0px; '><section class=\"av_textblock_section \"  itemscope=\"itemscope\" itemtype=\"https:\/\/schema.org\/BlogPosting\" itemprop=\"blogPost\" ><div class='avia_textblock  '   itemprop=\"text\" ><p style=\"text-align: center;\"><span style=\"font-size: 18pt;\"><strong>Sandoval pide al MOP aclarar si aeropuerto de Balmaceda contar\u00e1 con tecnolog\u00eda que permite aterrizajes en condiciones de baja visibilidad <\/strong><\/span><\/p>\n<div id=\"gtx-trans\" style=\"position: absolute; left: -50px; top: 4.31534px;\">\n<div class=\"gtx-trans-icon\"><\/div>\n<\/div>\n<\/div><\/section><\/div><div class=\"flex_column av_one_full  flex_column_div av-zero-column-padding first  avia-builder-el-4  el_after_av_one_full  el_before_av_hr  column-top-margin\" style='border-radius:0px; '><section class=\"av_textblock_section \"  itemscope=\"itemscope\" itemtype=\"https:\/\/schema.org\/BlogPosting\" itemprop=\"blogPost\" ><div class='avia_textblock  '   itemprop=\"text\" ><p style=\"text-align: justify;\">El senador David Sandoval se refiri\u00f3 a los sucesivos problemas de suspensi\u00f3n de vuelos durante este invierno en el aeropuerto de Balmaceda, raz\u00f3n por la que solicit\u00f3 al Ministerio de Obras P\u00fablicas (MOP) y la Direcci\u00f3n General de Aeron\u00e1utica Civil (DGAC), que informen si dicho recinto contar\u00e1 con la tecnolog\u00eda ILS (sistema de aterrizaje instrumental).<\/p>\n<p style=\"text-align: justify;\">El parlamentario explic\u00f3 que el objetivo de la solicitud es saber con certeza \u201csobre la viabilidad t\u00e9cnica, econ\u00f3mica y los tiempos que esto considerar\u00eda\u201d, se\u00f1alando que aquello permitir\u00e1 el aterrizaje de naves en condiciones de baja visibilidad. \u201cDurante este invierno ha causado muchos problemas en este aeropuerto, dificultando la llegada y salida de vuelos, suspensi\u00f3n de estos, causando dificultades y complicaciones adicionales\u201d, indic\u00f3.<\/p>\n<p style=\"text-align: justify;\">Sandoval agreg\u00f3 que hoy el MOP, a trav\u00e9s de la direcci\u00f3n de Aeropuertos, est\u00e1 haciendo un proceso de inversi\u00f3n importante en este recinto y por ello, es que pidi\u00f3 conocer si estas inversiones contemplan la instalaci\u00f3n de este equipamiento. \u201cEsto permitir\u00e1 poner en un nivel adecuado de desarrollo tecnol\u00f3gico al aeropuerto, el cual hoy est\u00e1 siendo objeto de sendas intervenciones, de mejoramiento de su infraestructura\u201d, recalcando que las dificultades de no contar hoy con este equipamiento \u201clo sit\u00faan en una condici\u00f3n de un mero aer\u00f3dromo, como muchos a lo largo del pa\u00eds\u201d.<\/p>\n<p style=\"text-align: justify;\">Por \u00faltimo, el legislador espera contar con los datos a la brevedad posible, insistiendo en la importancia que tiene que el principal recinto a\u00e9reo de la regi\u00f3n cuente con dicha tecnolog\u00eda.<\/p>\n<\/div><\/section><\/div><div  style='height:50px' class='hr hr-invisible   avia-builder-el-6  el_after_av_one_full  el_before_av_social_share '><span class='hr-inner ' ><span class='hr-inner-style'><\/span><\/span><\/div><\/p>\n<div  class='av-social-sharing-box  avia-builder-el-7  el_after_av_hr  el_before_av_hr  '><div class='av-share-box'><h5 class='av-share-link-description av-no-toc '>Compartir esta noticia<\/h5><ul class='av-share-box-list noLightbox'><li class='av-share-link av-social-link-facebook' ><a target=\"_blank\" aria-label=\"Compartir en Facebook\" href='https:\/\/www.facebook.com\/sharer.php?u=https:\/\/radiorevelacionfm.cl\/?p=44543&#038;t=Sandoval%20pide%20al%20MOP%20aclarar%20si%20aeropuerto%20de%20Balmaceda%20contar%C3%A1%20con%20tecnolog%C3%ADa%20que%20permite%20aterrizajes%20en%20condiciones%20de%20baja%20visibilidad' aria-hidden='false' data-av_icon='\ue8f3' data-av_iconfont='entypo-fontello' title='' data-avia-related-tooltip='Compartir en Facebook' rel=\"noopener\"><span class='avia_hidden_link_text'>Compartir en Facebook<\/span><\/a><\/li><li class='av-share-link av-social-link-twitter' ><a target=\"_blank\" aria-label=\"Compartir en Twitter\" href='https:\/\/twitter.com\/share?text=Sandoval%20pide%20al%20MOP%20aclarar%20si%20aeropuerto%20de%20Balmaceda%20contar%C3%A1%20con%20tecnolog%C3%ADa%20que%20permite%20aterrizajes%20en%20condiciones%20de%20baja%20visibilidad&#038;url=https:\/\/radiorevelacionfm.cl\/?p=44543' aria-hidden='false' data-av_icon='\ue8f1' data-av_iconfont='entypo-fontello' title='' data-avia-related-tooltip='Compartir en Twitter' rel=\"noopener\"><span class='avia_hidden_link_text'>Compartir en Twitter<\/span><\/a><\/li><li class='av-share-link av-social-link-whatsapp' ><a target=\"_blank\" aria-label=\"Compartir en Whatsapp\" href='https:\/\/api.whatsapp.com\/send?text=https:\/\/radiorevelacionfm.cl\/?p=44543' aria-hidden='false' data-av_icon='\uf232' data-av_iconfont='entypo-fontello' title='' data-avia-related-tooltip='Compartir en Whatsapp' rel=\"noopener\"><span class='avia_hidden_link_text'>Compartir en Whatsapp<\/span><\/a><\/li><li class='av-share-link av-social-link-linkedin' ><a target=\"_blank\" aria-label=\"Compartir en LinkedIn\" href='https:\/\/linkedin.com\/shareArticle?mini=true&#038;title=Sandoval%20pide%20al%20MOP%20aclarar%20si%20aeropuerto%20de%20Balmaceda%20contar%C3%A1%20con%20tecnolog%C3%ADa%20que%20permite%20aterrizajes%20en%20condiciones%20de%20baja%20visibilidad&#038;url=https:\/\/radiorevelacionfm.cl\/?p=44543' aria-hidden='false' data-av_icon='\ue8fc' data-av_iconfont='entypo-fontello' title='' data-avia-related-tooltip='Compartir en LinkedIn' rel=\"noopener\"><span class='avia_hidden_link_text'>Compartir en LinkedIn<\/span><\/a><\/li><li class='av-share-link av-social-link-mail' ><a  aria-label=\"Compartir por correo\" href='mailto:?subject=Sandoval%20pide%20al%20MOP%20aclarar%20si%20aeropuerto%20de%20Balmaceda%20contar%C3%A1%20con%20tecnolog%C3%ADa%20que%20permite%20aterrizajes%20en%20condiciones%20de%20baja%20visibilidad&#038;body=https:\/\/radiorevelacionfm.cl\/?p=44543' aria-hidden='false' data-av_icon='\ue805' data-av_iconfont='entypo-fontello' title='' data-avia-related-tooltip='Compartir por correo'><span class='avia_hidden_link_text'>Compartir por correo<\/span><\/a><\/li><\/ul><\/div><\/div>\n<div  style='height:50px' class='hr hr-invisible   avia-builder-el-8  el_after_av_social_share  el_before_av_comments_list '><span class='hr-inner ' ><span class='hr-inner-style'><\/span><\/span><\/div>\n<div  class='av-buildercomment  av-blog-meta-html-info-disabled av-blog-meta-tag-disabled  '><\/div>\n","protected":false},"excerpt":{"rendered":"","protected":false},"author":1,"featured_media":44544,"comment_status":"open","ping_status":"open","sticky":false,"template":"","format":"standard","meta":{"footnotes":""},"categories":[38],"tags":[],"class_list":["post-44543","post","type-post","status-publish","format-standard","has-post-thumbnail","hentry","category-regional"],"jetpack_featured_media_url":"https:\/\/radiorevelacionfm.cl\/wp-content\/uploads\/2024\/07\/Aeropuerto-Balmaceda-2-1.jpg","_links":{"self":[{"href":"https:\/\/radiorevelacionfm.cl\/index.php?rest_route=\/wp\/v2\/posts\/44543","targetHints":{"allow":["GET"]}}],"collection":[{"href":"https:\/\/radiorevelacionfm.cl\/index.php?rest_route=\/wp\/v2\/posts"}],"about":[{"href":"https:\/\/radiorevelacionfm.cl\/index.php?rest_route=\/wp\/v2\/types\/post"}],"author":[{"embeddable":true,"href":"https:\/\/radiorevelacionfm.cl\/index.php?rest_route=\/wp\/v2\/users\/1"}],"replies":[{"embeddable":true,"href":"https:\/\/radiorevelacionfm.cl\/index.php?rest_route=%2Fwp%2Fv2%2Fcomments&post=44543"}],"version-history":[{"count":1,"href":"https:\/\/radiorevelacionfm.cl\/index.php?rest_route=\/wp\/v2\/posts\/44543\/revisions"}],"predecessor-version":[{"id":44545,"href":"https:\/\/radiorevelacionfm.cl\/index.php?rest_route=\/wp\/v2\/posts\/44543\/revisions\/44545"}],"wp:featuredmedia":[{"embeddable":true,"href":"https:\/\/radiorevelacionfm.cl\/index.php?rest_route=\/wp\/v2\/media\/44544"}],"wp:attachment":[{"href":"https:\/\/radiorevelacionfm.cl\/index.php?rest_route=%2Fwp%2Fv2%2Fmedia&parent=44543"}],"wp:term":[{"taxonomy":"category","embeddable":true,"href":"https:\/\/radiorevelacionfm.cl\/index.php?rest_route=%2Fwp%2Fv2%2Fcategories&post=44543"},{"taxonomy":"post_tag","embeddable":true,"href":"https:\/\/radiorevelacionfm.cl\/index.php?rest_route=%2Fwp%2Fv2%2Ftags&post=44543"}],"curies":[{"name":"wp","href":"https:\/\/api.w.org\/{rel}","templated":true}]}}