{"id":44540,"date":"2024-07-28T16:13:44","date_gmt":"2024-07-28T19:13:44","guid":{"rendered":"https:\/\/radiorevelacionfm.cl\/?p=44540"},"modified":"2024-07-28T16:21:01","modified_gmt":"2024-07-28T19:21:01","slug":"aysen-es-la-primera-region-en-constituir-el-consejo-de-articulacion-regional","status":"publish","type":"post","link":"https:\/\/radiorevelacionfm.cl\/?p=44540","title":{"rendered":"Ays\u00e9n es la primera regi\u00f3n en constituir el Consejo de Articulaci\u00f3n Regional"},"content":{"rendered":"<div class=\"flex_column av_one_full  flex_column_div av-zero-column-padding first  avia-builder-el-0  el_before_av_one_full  avia-builder-el-first  \" style='border-radius:0px; '><div  class='avia-image-container  av-styling-    avia-builder-el-1  avia-builder-el-no-sibling  avia-align-center '  itemprop=\"image\" itemscope=\"itemscope\" itemtype=\"https:\/\/schema.org\/ImageObject\"  ><div class='avia-image-container-inner'><div class='avia-image-overlay-wrap'><img decoding=\"async\" class='wp-image-44541 avia-img-lazy-loading-not-44541 avia_image' src=\"https:\/\/radiorevelacionfm.cl\/wp-content\/uploads\/2024\/07\/grupal-medios-1_optimized-1.jpg\" alt='' title='grupal-medios-(1)_optimized (1)' height=\"600\" width=\"1151\"  itemprop=\"thumbnailUrl\" srcset=\"https:\/\/radiorevelacionfm.cl\/wp-content\/uploads\/2024\/07\/grupal-medios-1_optimized-1.jpg 1151w, https:\/\/radiorevelacionfm.cl\/wp-content\/uploads\/2024\/07\/grupal-medios-1_optimized-1-300x156.jpg 300w, https:\/\/radiorevelacionfm.cl\/wp-content\/uploads\/2024\/07\/grupal-medios-1_optimized-1-1030x537.jpg 1030w, https:\/\/radiorevelacionfm.cl\/wp-content\/uploads\/2024\/07\/grupal-medios-1_optimized-1-768x400.jpg 768w, https:\/\/radiorevelacionfm.cl\/wp-content\/uploads\/2024\/07\/grupal-medios-1_optimized-1-705x368.jpg 705w, https:\/\/radiorevelacionfm.cl\/wp-content\/uploads\/2024\/07\/grupal-medios-1_optimized-1-450x235.jpg 450w, https:\/\/radiorevelacionfm.cl\/wp-content\/uploads\/2024\/07\/grupal-medios-1_optimized-1-600x313.jpg 600w\" sizes=\"(max-width: 1151px) 100vw, 1151px\" \/><\/div><\/div><\/div><\/div>\n<div class=\"flex_column av_one_full  flex_column_div av-zero-column-padding first  avia-builder-el-2  el_after_av_one_full  el_before_av_one_full  column-top-margin\" style='border-radius:0px; '><section class=\"av_textblock_section \"  itemscope=\"itemscope\" itemtype=\"https:\/\/schema.org\/BlogPosting\" itemprop=\"blogPost\" ><div class='avia_textblock  '   itemprop=\"text\" ><p style=\"text-align: center;\"><strong><span style=\"font-size: 18pt;\">Ays\u00e9n es la primera regi\u00f3n en constituir el Consejo de Articulaci\u00f3n Regional<\/span><\/strong><\/p>\n<div id=\"gtx-trans\" style=\"position: absolute; left: -50px; top: 4.31534px;\">\n<div class=\"gtx-trans-icon\"><\/div>\n<\/div>\n<\/div><\/section><\/div><div class=\"flex_column av_one_full  flex_column_div av-zero-column-padding first  avia-builder-el-4  el_after_av_one_full  el_before_av_hr  column-top-margin\" style='border-radius:0px; '><section class=\"av_textblock_section \"  itemscope=\"itemscope\" itemtype=\"https:\/\/schema.org\/BlogPosting\" itemprop=\"blogPost\" ><div class='avia_textblock  '   itemprop=\"text\" ><p style=\"text-align: justify;\">Con la presencia de la Subsecretaria de Evaluaci\u00f3n Social del Ministerio de Desarrollo Social y Familia, Paula Poblete Maureira y m\u00e1s de 30 representantes de diversos servicios p\u00fablicos, empresas privadas y de la sociedad civil, la Regi\u00f3n de Ays\u00e9n, elegida como territorio piloto, constituy\u00f3 el primer Consejo de Articulaci\u00f3n Regional (CAR) del pa\u00eds. El hito que se enmarca dentro \u00a0\u00a0de la Estrategia de Chile para la Implementaci\u00f3n de la Agenda 2030, busca territorializar los Objetivos de Desarrollo Sostenible (ODS) y fomentar la participaci\u00f3n de los actores regionales en miras a un desarrollo justo y sustentable.<\/p>\n<p style=\"text-align: justify;\">Paula Poblete Maureira, Subsecretaria de Evaluaci\u00f3n Social, explic\u00f3 que \u201ccuando venimos el 2022 al Di\u00e1logo 2030 se nos demand\u00f3 que la gobernanza no estuviera s\u00f3lo a nivel nacional, sino que los territorios pudieran definir sus destinos y este Consejo de Articulaci\u00f3n Regional busca poner de acuerdo a todos los actores que est\u00e1n trabajando en lo econ\u00f3mico, lo social y lo ambiental, conjugando esas tres dimensiones para poder hacer que la Regi\u00f3n de Ays\u00e9n sostenible. La evaluaci\u00f3n de esta actividad es muy positiva porque tuvimos un dialogo muy fruct\u00edfero y, lo m\u00e1s importante, hay un compromiso en avanzar en un desarrollo sustentable\u201d.<\/p>\n<p style=\"text-align: justify;\">Uno de los representantes de la academia fue Carlos Rodr\u00edguez, gestor de Vinculaci\u00f3n con el Medio e innovaci\u00f3n de INACAP Coyhaique, quien desatac\u00f3 que la instituci\u00f3n educacional ya est\u00e1 trabajando en torno a la Estrategia de Chile para la Implementaci\u00f3n de la Agenda 2030 que se basa en cinco ejes fundamentales: personas, planeta, prosperidad, paz y alianzas. \u201cEste tipo de iniciativas va muy en concordancia con nuestra labor, ya que hemos incorporado estos ODS tanto a nuestro curr\u00edculum como al quehacer del aprendizaje del estudiante, se ha considerado que los vayan evaluando y tomando en cuenta sus distintos proyectos y c\u00f3mo estos impactan con algunos de estos objetivos\u201d.<\/p>\n<p style=\"text-align: justify;\">Por su parte, Karina Acevedo Auad, Seremi de Desarrollo Social y Familia, dijo que la Regi\u00f3n de Ays\u00e9n ha destacado en las \u00faltimas d\u00e9cadas por su compromiso con el desarrollo sostenible y la protecci\u00f3n ambiental y este pilotaje es un reconocimiento a ese esfuerzo. \u201cPara nosotros como SEREMI y en lo personal como Patagona, es un tremendo desaf\u00edo la Agenda 2030 pues nos propone que nos conversemos todos los actores de la sociedad, el mundo p\u00fablico, privado y las organizaciones sociales para articularnos en torno a un desarrollo sustentable. Tenemos compromisos pa\u00eds muy claros en la Agenda 2030 pero debemos aterrizarlos a nivel regional, tenemos una trayectoria desde 1994 trabajando en torno a estrategia que nos permitan desarrollar una Regi\u00f3n verde y pr\u00edstina.\u201d<\/p>\n<p style=\"text-align: justify;\">El CAR de Ays\u00e9n tiene como misi\u00f3n mejorar la gobernanza y coordinar la implementaci\u00f3n de la Agenda 2030 a nivel regional con distintos actores que van desde lo p\u00fablico, social a lo privado, una de los representantes de este \u00faltimo sector, fue Ximena Sol\u00eds de AquaChile, una empresa socia del Consejo del Salm\u00f3n, quien valor\u00f3 esta instancia porque seg\u00fan lo indic\u00f3 como gremio ya se encuentran trabajando en torno a los diferentes ODS. \u201cSomos parte como AquaChile de la Mesa de la Pol\u00edtica Nacional por la Sustentabilidad y creemos que esta instancia es muy oportuna para mostrar lo que estamos desarrollando como industria salmonera, donde hemos asumido estos desaf\u00edos y hoy estamos trabajando en ellos\u201d.<\/p>\n<p style=\"text-align: justify;\">Peter Hartmann, representante de la Agrupaci\u00f3n Ays\u00e9n Reserva de Vida y CODEFF\u00a0 Ays\u00e9n, parte del mundo de la sociedad civil que particip\u00f3 de este encuentro, aunque fue cr\u00edtico en torno a la lentitud que ha tenido el incorporar de manera m\u00e1s decidida los ODS a la gesti\u00f3n p\u00fablica y privada, reconoci\u00f3 el valor de un espacio como Consejo de Articulaci\u00f3n Regional. \u201cCualquier instancia de este tipo se valora, porque tener a todo el mundo en el mismo tema es dif\u00edcil, muchas veces los distintos actores se mueven\u00a0 por sus propios intereses y la idea de la Naciones Unidad es aunar los esfuerzos. Nosotros \u2013 las organizaciones sociales medioambientales &#8211; \u00a0ya estamos en esto hace muchas d\u00e9cadas\u201d, finaliz\u00f3 el reconocido ambientalista regional.<\/p>\n<\/div><\/section><\/div><\/p>\n<div  style='height:50px' class='hr hr-invisible   avia-builder-el-6  el_after_av_one_full  el_before_av_social_share '><span class='hr-inner ' ><span class='hr-inner-style'><\/span><\/span><\/div>\n<div  class='av-social-sharing-box  avia-builder-el-7  el_after_av_hr  el_before_av_hr  '><div class='av-share-box'><h5 class='av-share-link-description av-no-toc '>Compartir esta noticia<\/h5><ul class='av-share-box-list noLightbox'><li class='av-share-link av-social-link-facebook' ><a target=\"_blank\" aria-label=\"Compartir en Facebook\" href='https:\/\/www.facebook.com\/sharer.php?u=https:\/\/radiorevelacionfm.cl\/?p=44540&#038;t=Ays%C3%A9n%20es%20la%20primera%20regi%C3%B3n%20en%20constituir%20el%20Consejo%20de%20Articulaci%C3%B3n%20Regional' aria-hidden='false' data-av_icon='\ue8f3' data-av_iconfont='entypo-fontello' title='' data-avia-related-tooltip='Compartir en Facebook' rel=\"noopener\"><span class='avia_hidden_link_text'>Compartir en Facebook<\/span><\/a><\/li><li class='av-share-link av-social-link-twitter' ><a target=\"_blank\" aria-label=\"Compartir en Twitter\" href='https:\/\/twitter.com\/share?text=Ays%C3%A9n%20es%20la%20primera%20regi%C3%B3n%20en%20constituir%20el%20Consejo%20de%20Articulaci%C3%B3n%20Regional&#038;url=https:\/\/radiorevelacionfm.cl\/?p=44540' aria-hidden='false' data-av_icon='\ue8f1' data-av_iconfont='entypo-fontello' title='' data-avia-related-tooltip='Compartir en Twitter' rel=\"noopener\"><span class='avia_hidden_link_text'>Compartir en Twitter<\/span><\/a><\/li><li class='av-share-link av-social-link-whatsapp' ><a target=\"_blank\" aria-label=\"Compartir en Whatsapp\" href='https:\/\/api.whatsapp.com\/send?text=https:\/\/radiorevelacionfm.cl\/?p=44540' aria-hidden='false' data-av_icon='\uf232' data-av_iconfont='entypo-fontello' title='' data-avia-related-tooltip='Compartir en Whatsapp' rel=\"noopener\"><span class='avia_hidden_link_text'>Compartir en Whatsapp<\/span><\/a><\/li><li class='av-share-link av-social-link-linkedin' ><a target=\"_blank\" aria-label=\"Compartir en LinkedIn\" href='https:\/\/linkedin.com\/shareArticle?mini=true&#038;title=Ays%C3%A9n%20es%20la%20primera%20regi%C3%B3n%20en%20constituir%20el%20Consejo%20de%20Articulaci%C3%B3n%20Regional&#038;url=https:\/\/radiorevelacionfm.cl\/?p=44540' aria-hidden='false' data-av_icon='\ue8fc' data-av_iconfont='entypo-fontello' title='' data-avia-related-tooltip='Compartir en LinkedIn' rel=\"noopener\"><span class='avia_hidden_link_text'>Compartir en LinkedIn<\/span><\/a><\/li><li class='av-share-link av-social-link-mail' ><a  aria-label=\"Compartir por correo\" href='mailto:?subject=Ays%C3%A9n%20es%20la%20primera%20regi%C3%B3n%20en%20constituir%20el%20Consejo%20de%20Articulaci%C3%B3n%20Regional&#038;body=https:\/\/radiorevelacionfm.cl\/?p=44540' aria-hidden='false' data-av_icon='\ue805' data-av_iconfont='entypo-fontello' title='' data-avia-related-tooltip='Compartir por correo'><span class='avia_hidden_link_text'>Compartir por correo<\/span><\/a><\/li><\/ul><\/div><\/div>\n<div  style='height:50px' class='hr hr-invisible   avia-builder-el-8  el_after_av_social_share  el_before_av_comments_list '><span class='hr-inner ' ><span class='hr-inner-style'><\/span><\/span><\/div>\n<div  class='av-buildercomment  av-blog-meta-html-info-disabled av-blog-meta-tag-disabled  '><\/div>\n","protected":false},"excerpt":{"rendered":"","protected":false},"author":1,"featured_media":44541,"comment_status":"open","ping_status":"open","sticky":false,"template":"","format":"standard","meta":{"footnotes":""},"categories":[38],"tags":[],"class_list":["post-44540","post","type-post","status-publish","format-standard","has-post-thumbnail","hentry","category-regional"],"jetpack_featured_media_url":"https:\/\/radiorevelacionfm.cl\/wp-content\/uploads\/2024\/07\/grupal-medios-1_optimized-1.jpg","_links":{"self":[{"href":"https:\/\/radiorevelacionfm.cl\/index.php?rest_route=\/wp\/v2\/posts\/44540","targetHints":{"allow":["GET"]}}],"collection":[{"href":"https:\/\/radiorevelacionfm.cl\/index.php?rest_route=\/wp\/v2\/posts"}],"about":[{"href":"https:\/\/radiorevelacionfm.cl\/index.php?rest_route=\/wp\/v2\/types\/post"}],"author":[{"embeddable":true,"href":"https:\/\/radiorevelacionfm.cl\/index.php?rest_route=\/wp\/v2\/users\/1"}],"replies":[{"embeddable":true,"href":"https:\/\/radiorevelacionfm.cl\/index.php?rest_route=%2Fwp%2Fv2%2Fcomments&post=44540"}],"version-history":[{"count":2,"href":"https:\/\/radiorevelacionfm.cl\/index.php?rest_route=\/wp\/v2\/posts\/44540\/revisions"}],"predecessor-version":[{"id":44549,"href":"https:\/\/radiorevelacionfm.cl\/index.php?rest_route=\/wp\/v2\/posts\/44540\/revisions\/44549"}],"wp:featuredmedia":[{"embeddable":true,"href":"https:\/\/radiorevelacionfm.cl\/index.php?rest_route=\/wp\/v2\/media\/44541"}],"wp:attachment":[{"href":"https:\/\/radiorevelacionfm.cl\/index.php?rest_route=%2Fwp%2Fv2%2Fmedia&parent=44540"}],"wp:term":[{"taxonomy":"category","embeddable":true,"href":"https:\/\/radiorevelacionfm.cl\/index.php?rest_route=%2Fwp%2Fv2%2Fcategories&post=44540"},{"taxonomy":"post_tag","embeddable":true,"href":"https:\/\/radiorevelacionfm.cl\/index.php?rest_route=%2Fwp%2Fv2%2Ftags&post=44540"}],"curies":[{"name":"wp","href":"https:\/\/api.w.org\/{rel}","templated":true}]}}