{"id":4454,"date":"2021-05-24T17:00:43","date_gmt":"2021-05-24T20:00:43","guid":{"rendered":"https:\/\/radiorevelacionfm.cl\/?p=4454"},"modified":"2021-05-24T17:00:43","modified_gmt":"2021-05-24T20:00:43","slug":"muerte-digna-y-cuidados-paliativos-a-favor-o-en-contra-ciudadania-tendra-30-dias-para-participar","status":"publish","type":"post","link":"https:\/\/radiorevelacionfm.cl\/?p=4454","title":{"rendered":"Muerte digna y cuidados paliativos \u00bfa favor o en contra?: ciudadan\u00eda tendr\u00e1 30 d\u00edas para participar"},"content":{"rendered":"<div class=\"flex_column av_one_full  flex_column_div av-zero-column-padding first  avia-builder-el-0  el_before_av_one_full  avia-builder-el-first  \" style='border-radius:0px; '><div  class='avia-image-container  av-styling-    avia-builder-el-1  avia-builder-el-no-sibling  avia-align-center '  itemprop=\"image\" itemscope=\"itemscope\" itemtype=\"https:\/\/schema.org\/ImageObject\"  ><div class='avia-image-container-inner'><div class='avia-image-overlay-wrap'><img decoding=\"async\" class='wp-image-4455 avia-img-lazy-loading-not-4455 avia_image' src=\"https:\/\/radiorevelacionfm.cl\/wp-content\/uploads\/2021\/05\/Generica2-1.jpg\" alt='' title='Generica2 (1)' height=\"600\" width=\"1067\"  itemprop=\"thumbnailUrl\" srcset=\"https:\/\/radiorevelacionfm.cl\/wp-content\/uploads\/2021\/05\/Generica2-1.jpg 1067w, https:\/\/radiorevelacionfm.cl\/wp-content\/uploads\/2021\/05\/Generica2-1-300x169.jpg 300w, https:\/\/radiorevelacionfm.cl\/wp-content\/uploads\/2021\/05\/Generica2-1-1030x579.jpg 1030w, https:\/\/radiorevelacionfm.cl\/wp-content\/uploads\/2021\/05\/Generica2-1-768x432.jpg 768w, https:\/\/radiorevelacionfm.cl\/wp-content\/uploads\/2021\/05\/Generica2-1-705x396.jpg 705w, https:\/\/radiorevelacionfm.cl\/wp-content\/uploads\/2021\/05\/Generica2-1-600x337.jpg 600w\" sizes=\"(max-width: 1067px) 100vw, 1067px\" \/><\/div><\/div><\/div><\/div><div class=\"flex_column av_one_full  flex_column_div av-zero-column-padding first  avia-builder-el-2  el_after_av_one_full  el_before_av_one_full  column-top-margin\" style='border-radius:0px; '><section class=\"av_textblock_section \"  itemscope=\"itemscope\" itemtype=\"https:\/\/schema.org\/BlogPosting\" itemprop=\"blogPost\" ><div class='avia_textblock  '   itemprop=\"text\" ><p style=\"text-align: center;\"><strong><span style=\"font-size: 18pt;\">Muerte digna y cuidados paliativos \u00bfa favor o en contra?: ciudadan\u00eda tendr\u00e1 30 d\u00edas para participar<\/span><\/strong><\/p>\n<div id=\"gtx-trans\" style=\"position: absolute; left: -50px; top: 4.31534px;\">\n<div class=\"gtx-trans-icon\"><\/div>\n<\/div>\n<\/div><\/section><\/div><div class=\"flex_column av_one_full  flex_column_div av-zero-column-padding first  avia-builder-el-4  el_after_av_one_full  el_before_av_hr  column-top-margin\" style='border-radius:0px; '><section class=\"av_textblock_section \"  itemscope=\"itemscope\" itemtype=\"https:\/\/schema.org\/BlogPosting\" itemprop=\"blogPost\" ><div class='avia_textblock  '   itemprop=\"text\" ><p style=\"text-align: justify;\">Por a\u00f1os se ha buscado legislar en temas, tales como, la muerte digna o permitir la eutanasia. Pues bien, desde el pasado 20 de mayo y hasta el 23 de junio, la ciudadan\u00eda podr\u00e1 participar de este importante debate, en la plataforma\u00a0 del\u00a0<a href=\"https:\/\/congresovirtual.cl\/project\/3817\">Congreso Virtual\u00a0<\/a>.<\/p>\n<p style=\"text-align: justify;\">Para aportar a dicha conversaci\u00f3n virtual, la Comisi\u00f3n de Salud, convoc\u00f3 el <strong>webinar \u201cLa eutanasia y el derecho a morir dignamente: un debate ineludible\u201d<\/strong>\u00a0que tuvo como invitadas a la fundadora del Observatorio de Bio\u00e9tica y Derecho de la Universidad de Barcelona, doctora Mar\u00eda Casado; y a la mag\u00edster en Bio\u00e9tica de la Universidad de Chile, la doctora Gladys B\u00f3rquez.<\/p>\n<p style=\"text-align: justify;\">Ambas acad\u00e9micas reflexionaron respecto a cu\u00e1les son los pros y contras de respetar la voluntad de un paciente que solicita poner fin a su vida, y en espec\u00edfico analizaron el proyecto que\u00a0regula el acceso de estos pacientes a cuidados paliativos y, en casos justificados y debidamente acreditados, a solicitar lo que se ha denominado \u201cuna muerte digna\u201d, que comenzar\u00e1 a estudiar la mencionada instancia parlamentaria.<\/p>\n<p style=\"text-align: justify;\">RESPETO A LA VOLUNTAD<\/p>\n<div class=\"contSubtit\" style=\"text-align: justify;\">\n<div class=\"linkSubtit\">La fundadora del Observatorio de Bio\u00e9tica y Derecho de la Universidad de Barcelona, doctora Mar\u00eda Casado explic\u00f3 que \u201cla tecnolog\u00eda nos pone ante dilemas porque la gente no muere en casa sino rodeada de m\u00e1quinas, la muerte es un proceso no un instancia (\u2026) Hablamos de muerte de manera lejana y masiva pero nunca cuando nos trata a nosotros. Hay personas que no desean vivir a cualquier costo, por eso la autonom\u00eda debe ser respetada\u201d.<\/div>\n<\/div>\n<p style=\"text-align: justify;\">\u201cHablamos de eutanasia activa, directa y a petici\u00f3n del sujeto. Se trata de la decisi\u00f3n del sujeto de morir y pedir ayuda. Hay dos actos: la petici\u00f3n y el acto m\u00e9dico o profesional sanitario (m\u00e9dico, enfermera). La tradici\u00f3n del humanismo laico y cristiano se cruzan y ah\u00ed est\u00e1 la ra\u00edz del asunto que complica al personal m\u00e9dico cumplir con dicha petici\u00f3n donde la sociedad impide el acto y lo sanciona\u201d, resumi\u00f3.<\/p>\n<p style=\"text-align: justify;\">En tanto, la mag\u00edster en Bio\u00e9tica de la Universidad de Chile, la doctora Gladys B\u00f3rquez reflexion\u00f3 que \u201cel proyecto en debate llama a confusi\u00f3n. Muerte digna para muchos no habla de eutanasia y ah\u00ed se entienden los cuidados paliativos. La muerte solicitada es eutanasia. Creo que deber\u00eda explicitarse que el proyecto es de eutanasia\u201d.<\/p>\n<p style=\"text-align: justify;\">\u201cNo se trata hacer competir los cuidados paliativos con eutanasia, pero ambos no pueden quedar solo en lo declarativo. Debe haber un acceso garantizado. En el GES s\u00f3lo est\u00e1n los cuidados paliativos a los pacientes con c\u00e1ncer que representan un 30% de los enfermos que en realidad requieren esta prestaci\u00f3n\u201d, complement\u00f3.<\/p>\n<p style=\"text-align: justify;\">PARTICIPACI\u00d3N<\/p>\n<div class=\"contSubtit\" style=\"text-align: justify;\">\n<div class=\"linkSubtit\">Cabe consignar que el proyecto emanado de la C\u00e1mara Baja al Senado asegura que la eutanasia estar\u00eda indicada para los pacientes con enfermedad terminal, sin embargo no se cierra a todos casos planteando que aquellas personas que padecen una patolog\u00eda seria que les ocasiona sufrimiento intolerable, tambi\u00e9n podr\u00edan ser candidatos.<\/div>\n<\/div>\n<p style=\"text-align: justify;\">Con todo, la norma hace referencia a la administraci\u00f3n directa de un f\u00e1rmaco que ocasiona la muerte, por parte de un m\u00e9dico a su paciente que lo solicita (eutanasia), y tambi\u00e9n a la prescripci\u00f3n de un medicamento que el propio paciente ingiere (suicidio m\u00e9dicamente asistido).<\/p>\n<p style=\"text-align: justify;\">En el sitio\u00a0<a href=\"https:\/\/congresovirtual.cl\/project\/3817\">Vinculaci\u00f3n Ciudadana<\/a>, los cibernautas podr\u00e1n acceder a la plataforma de participaci\u00f3n y votar a favor, en contra o abstenci\u00f3n del proyecto, as\u00ed como acceder al detalle del texto, conocer las etapas de tramitaci\u00f3n y dejar observaciones. Una vez cerrada la votaci\u00f3n, la citada unidad enviar\u00e1 un informe a la Comisi\u00f3n, cuyos senadores utilizar\u00e1n ese material como insumo para elaborar indicaciones (mejoras al texto).<\/p>\n<\/div><\/section><\/div><div  style='height:50px' class='hr hr-invisible   avia-builder-el-6  el_after_av_one_full  el_before_av_social_share '><span class='hr-inner ' ><span class='hr-inner-style'><\/span><\/span><\/div><\/p>\n<div  class='av-social-sharing-box  avia-builder-el-7  el_after_av_hr  el_before_av_hr  '><div class='av-share-box'><h5 class='av-share-link-description av-no-toc '>Compartir esta noticia<\/h5><ul class='av-share-box-list noLightbox'><li class='av-share-link av-social-link-facebook' ><a target=\"_blank\" aria-label=\"Compartir en Facebook\" href='https:\/\/www.facebook.com\/sharer.php?u=https:\/\/radiorevelacionfm.cl\/?p=4454&#038;t=Muerte%20digna%20y%20cuidados%20paliativos%20%C2%BFa%20favor%20o%20en%20contra%3F%3A%20ciudadan%C3%ADa%20tendr%C3%A1%2030%20d%C3%ADas%20para%20participar' aria-hidden='false' data-av_icon='\ue8f3' data-av_iconfont='entypo-fontello' title='' data-avia-related-tooltip='Compartir en Facebook' rel=\"noopener\"><span class='avia_hidden_link_text'>Compartir en Facebook<\/span><\/a><\/li><li class='av-share-link av-social-link-twitter' ><a target=\"_blank\" aria-label=\"Compartir en Twitter\" href='https:\/\/twitter.com\/share?text=Muerte%20digna%20y%20cuidados%20paliativos%20%C2%BFa%20favor%20o%20en%20contra%3F%3A%20ciudadan%C3%ADa%20tendr%C3%A1%2030%20d%C3%ADas%20para%20participar&#038;url=https:\/\/radiorevelacionfm.cl\/?p=4454' aria-hidden='false' data-av_icon='\ue8f1' data-av_iconfont='entypo-fontello' title='' data-avia-related-tooltip='Compartir en Twitter' rel=\"noopener\"><span class='avia_hidden_link_text'>Compartir en Twitter<\/span><\/a><\/li><li class='av-share-link av-social-link-whatsapp' ><a target=\"_blank\" aria-label=\"Compartir en Whatsapp\" href='https:\/\/api.whatsapp.com\/send?text=https:\/\/radiorevelacionfm.cl\/?p=4454' aria-hidden='false' data-av_icon='\uf232' data-av_iconfont='entypo-fontello' title='' data-avia-related-tooltip='Compartir en Whatsapp' rel=\"noopener\"><span class='avia_hidden_link_text'>Compartir en Whatsapp<\/span><\/a><\/li><li class='av-share-link av-social-link-linkedin' ><a target=\"_blank\" aria-label=\"Compartir en LinkedIn\" href='https:\/\/linkedin.com\/shareArticle?mini=true&#038;title=Muerte%20digna%20y%20cuidados%20paliativos%20%C2%BFa%20favor%20o%20en%20contra%3F%3A%20ciudadan%C3%ADa%20tendr%C3%A1%2030%20d%C3%ADas%20para%20participar&#038;url=https:\/\/radiorevelacionfm.cl\/?p=4454' aria-hidden='false' data-av_icon='\ue8fc' data-av_iconfont='entypo-fontello' title='' data-avia-related-tooltip='Compartir en LinkedIn' rel=\"noopener\"><span class='avia_hidden_link_text'>Compartir en LinkedIn<\/span><\/a><\/li><li class='av-share-link av-social-link-mail' ><a  aria-label=\"Compartir por correo\" href='mailto:?subject=Muerte%20digna%20y%20cuidados%20paliativos%20%C2%BFa%20favor%20o%20en%20contra%3F%3A%20ciudadan%C3%ADa%20tendr%C3%A1%2030%20d%C3%ADas%20para%20participar&#038;body=https:\/\/radiorevelacionfm.cl\/?p=4454' aria-hidden='false' data-av_icon='\ue805' data-av_iconfont='entypo-fontello' title='' data-avia-related-tooltip='Compartir por correo'><span class='avia_hidden_link_text'>Compartir por correo<\/span><\/a><\/li><\/ul><\/div><\/div>\n<div  style='height:50px' class='hr hr-invisible   avia-builder-el-8  el_after_av_social_share  el_before_av_comments_list '><span class='hr-inner ' ><span class='hr-inner-style'><\/span><\/span><\/div>\n<div  class='av-buildercomment  av-blog-meta-html-info-disabled av-blog-meta-tag-disabled  '><\/div>\n","protected":false},"excerpt":{"rendered":"","protected":false},"author":1,"featured_media":4455,"comment_status":"open","ping_status":"open","sticky":false,"template":"","format":"standard","meta":{"footnotes":""},"categories":[46],"tags":[],"class_list":["post-4454","post","type-post","status-publish","format-standard","has-post-thumbnail","hentry","category-salud"],"jetpack_featured_media_url":"https:\/\/radiorevelacionfm.cl\/wp-content\/uploads\/2021\/05\/Generica2-1.jpg","_links":{"self":[{"href":"https:\/\/radiorevelacionfm.cl\/index.php?rest_route=\/wp\/v2\/posts\/4454","targetHints":{"allow":["GET"]}}],"collection":[{"href":"https:\/\/radiorevelacionfm.cl\/index.php?rest_route=\/wp\/v2\/posts"}],"about":[{"href":"https:\/\/radiorevelacionfm.cl\/index.php?rest_route=\/wp\/v2\/types\/post"}],"author":[{"embeddable":true,"href":"https:\/\/radiorevelacionfm.cl\/index.php?rest_route=\/wp\/v2\/users\/1"}],"replies":[{"embeddable":true,"href":"https:\/\/radiorevelacionfm.cl\/index.php?rest_route=%2Fwp%2Fv2%2Fcomments&post=4454"}],"version-history":[{"count":1,"href":"https:\/\/radiorevelacionfm.cl\/index.php?rest_route=\/wp\/v2\/posts\/4454\/revisions"}],"predecessor-version":[{"id":4456,"href":"https:\/\/radiorevelacionfm.cl\/index.php?rest_route=\/wp\/v2\/posts\/4454\/revisions\/4456"}],"wp:featuredmedia":[{"embeddable":true,"href":"https:\/\/radiorevelacionfm.cl\/index.php?rest_route=\/wp\/v2\/media\/4455"}],"wp:attachment":[{"href":"https:\/\/radiorevelacionfm.cl\/index.php?rest_route=%2Fwp%2Fv2%2Fmedia&parent=4454"}],"wp:term":[{"taxonomy":"category","embeddable":true,"href":"https:\/\/radiorevelacionfm.cl\/index.php?rest_route=%2Fwp%2Fv2%2Fcategories&post=4454"},{"taxonomy":"post_tag","embeddable":true,"href":"https:\/\/radiorevelacionfm.cl\/index.php?rest_route=%2Fwp%2Fv2%2Ftags&post=4454"}],"curies":[{"name":"wp","href":"https:\/\/api.w.org\/{rel}","templated":true}]}}