{"id":44529,"date":"2024-07-26T21:50:57","date_gmt":"2024-07-27T00:50:57","guid":{"rendered":"https:\/\/radiorevelacionfm.cl\/?p=44529"},"modified":"2024-07-26T21:55:53","modified_gmt":"2024-07-27T00:55:53","slug":"carabineros-de-coyhaique-detuvo-a-dos-sujetos-por-robo-con-violencia-y-lesiones","status":"publish","type":"post","link":"https:\/\/radiorevelacionfm.cl\/?p=44529","title":{"rendered":"En Coyhaique detienen a dos sujetos por robo con violencia y lesiones"},"content":{"rendered":"<div class=\"flex_column av_one_full  flex_column_div av-zero-column-padding first  avia-builder-el-0  el_before_av_one_full  avia-builder-el-first  \" style='border-radius:0px; '><div  class='avia-image-container  av-styling-    avia-builder-el-1  avia-builder-el-no-sibling  avia-align-center '  itemprop=\"image\" itemscope=\"itemscope\" itemtype=\"https:\/\/schema.org\/ImageObject\"  ><div class='avia-image-container-inner'><div class='avia-image-overlay-wrap'><img decoding=\"async\" class='wp-image-44530 avia-img-lazy-loading-not-44530 avia_image' src=\"https:\/\/radiorevelacionfm.cl\/wp-content\/uploads\/2024\/07\/GTBY0W7WoAEjkrr-1-1-1.jpg\" alt='' title='GTBY0W7WoAEjkrr (1) (1) (1)' height=\"645\" width=\"799\"  itemprop=\"thumbnailUrl\" srcset=\"https:\/\/radiorevelacionfm.cl\/wp-content\/uploads\/2024\/07\/GTBY0W7WoAEjkrr-1-1-1.jpg 799w, https:\/\/radiorevelacionfm.cl\/wp-content\/uploads\/2024\/07\/GTBY0W7WoAEjkrr-1-1-1-300x242.jpg 300w, https:\/\/radiorevelacionfm.cl\/wp-content\/uploads\/2024\/07\/GTBY0W7WoAEjkrr-1-1-1-768x620.jpg 768w, https:\/\/radiorevelacionfm.cl\/wp-content\/uploads\/2024\/07\/GTBY0W7WoAEjkrr-1-1-1-495x400.jpg 495w, https:\/\/radiorevelacionfm.cl\/wp-content\/uploads\/2024\/07\/GTBY0W7WoAEjkrr-1-1-1-705x569.jpg 705w, https:\/\/radiorevelacionfm.cl\/wp-content\/uploads\/2024\/07\/GTBY0W7WoAEjkrr-1-1-1-450x363.jpg 450w, https:\/\/radiorevelacionfm.cl\/wp-content\/uploads\/2024\/07\/GTBY0W7WoAEjkrr-1-1-1-600x484.jpg 600w\" sizes=\"(max-width: 799px) 100vw, 799px\" \/><\/div><\/div><\/div><\/div>\n<div class=\"flex_column av_one_full  flex_column_div av-zero-column-padding first  avia-builder-el-2  el_after_av_one_full  el_before_av_one_full  column-top-margin\" style='border-radius:0px; '><section class=\"av_textblock_section \"  itemscope=\"itemscope\" itemtype=\"https:\/\/schema.org\/BlogPosting\" itemprop=\"blogPost\" ><div class='avia_textblock  '   itemprop=\"text\" ><p style=\"text-align: center;\"><span style=\"font-size: 18pt;\"><b><span lang=\"ES-MX\">En Coyhaique detienen a dos sujetos por robo con violencia y lesiones<\/span><\/b><\/span><\/p>\n<div id=\"gtx-trans\" style=\"position: absolute; left: -50px; top: 4.31534px;\">\n<div class=\"gtx-trans-icon\"><\/div>\n<\/div>\n<\/div><\/section><\/div><div class=\"flex_column av_one_full  flex_column_div av-zero-column-padding first  avia-builder-el-4  el_after_av_one_full  el_before_av_hr  column-top-margin\" style='border-radius:0px; '><section class=\"av_textblock_section \"  itemscope=\"itemscope\" itemtype=\"https:\/\/schema.org\/BlogPosting\" itemprop=\"blogPost\" ><div class='avia_textblock  '   itemprop=\"text\" ><p class=\"v1gmail-MsoListParagraph\" style=\"text-align: justify;\"><em><span lang=\"ES-MX\">Los individuos (un adulto y un menor) suman m\u00e1s de 20 detenciones previas por parte de Carabineros por diversos delitos.<\/span><\/em><\/p>\n<p class=\"v1MsoNormal\" style=\"text-align: justify;\"><span lang=\"ES-MX\">El llamado por parte de una v\u00edctima desde el hospital regional a Carabineros de Coyhaique se\u00f1alando haber sufrido un delito de robo con violencia de un tel\u00e9fono celular al interior de un \u00abruco\u00bb -ubicado en un sitio eriazo de esta ciudad- hecho que deriv\u00f3 en la detenci\u00f3n de dos personas con alto compromiso delictual.<\/span><\/p>\n<p class=\"v1MsoNormal\" style=\"text-align: justify;\"><span lang=\"ES-MX\">Frente a lo anterior, el personal se traslad\u00f3 al recinto de salud, donde se encontraba la persona lesionada con la finalidad de recabar antecedentes sobre el hecho.<\/span><\/p>\n<p class=\"v1MsoNormal\" style=\"text-align: justify;\"><span lang=\"ES-MX\">\u00abAl entrevistarse con la v\u00edctima, \u00e9l se\u00f1al\u00f3 que momentos antes estaban compartiendo con unas personas en un sitio eriazo al interior de una vivienda temporal tipo &#8216;ruco&#8217;, instante en que dos personas -una mayor de edad y otra menor de edad- lo habr\u00edan agredido con golpes de pie y pu\u00f1o y tambi\u00e9n con un palo, y le habr\u00edan sustra\u00eddo su tel\u00e9fono celular, ocasion\u00e1ndole diferentes lesiones\u00bb, expres\u00f3 el Comisario de Coyhaique, Mayor Gerardo Gonz\u00e1lez L\u00f3pez.<\/span><\/p>\n<p class=\"v1MsoNormal\" style=\"text-align: justify;\"><span lang=\"ES-MX\">El Oficial a\u00f1adi\u00f3 que la v\u00edctima aport\u00f3 informaci\u00f3n clave sobre estas personas, tras lo cual Carabineros concurri\u00f3 al lugar se\u00f1alado, desarrollando diligencias que permitieron ubicar a los dos sujetos sindicados por el afectado.<\/span><\/p>\n<p class=\"v1MsoNormal\" style=\"text-align: justify;\"><span lang=\"ES-MX\">\u00abCon esta informaci\u00f3n, Carabineros concurri\u00f3 al lugar y ubic\u00f3 a estas personas con las mismas vestimentas, quienes respond\u00edan a los mismos apodos se\u00f1alados (por el denunciante), procediendo a la detenci\u00f3n de ambos, encontrando en los bolsillos de uno de ellos el tel\u00e9fono celular que pertenec\u00eda a la v\u00edctima\u00bb, indic\u00f3 el Oficial.<\/span><\/p>\n<p class=\"v1MsoNormal\" style=\"text-align: justify;\"><span lang=\"ES-MX\">Ambos sujetos fueron detenidos por robo con violencia con resultado de lesiones. Los individuos suman m\u00e1s de 20 detenciones previas por parte de Carabineros por delitos de robo, violencia intrafamiliar, da\u00f1os y amenazas, entre otros.<\/span><\/p>\n<p class=\"v1MsoNormal\" style=\"text-align: justify;\"><span lang=\"ES-MX\">Los antecedentes del procedimiento fueron remitidos a la Fiscal\u00eda que dirige investigaci\u00f3n por este hecho.<\/span><\/p>\n<p class=\"v1MsoNormal\" style=\"text-align: justify;\"><span lang=\"ES-MX\">Entre el mes de enero al 21 de julio del presente a\u00f1o, Carabineros ha detenido a 2.606 personas, de las cuales 46 son por el delito de robo. De estas, un 65% registra detenciones previas por parte de Carabineros.<\/span><\/p>\n<p class=\"v1MsoNormal\" style=\"text-align: justify;\"><span lang=\"ES-MX\">Asimismo 181 personas han sido detenidas por lesiones, de las cuales un 36% registra detenciones previas por parte de la polic\u00eda uniformada.\u00a0<\/span><\/p>\n<\/div><\/section><\/div><\/p>\n<div  style='height:50px' class='hr hr-invisible   avia-builder-el-6  el_after_av_one_full  el_before_av_social_share '><span class='hr-inner ' ><span class='hr-inner-style'><\/span><\/span><\/div>\n<div  class='av-social-sharing-box  avia-builder-el-7  el_after_av_hr  el_before_av_hr  '><div class='av-share-box'><h5 class='av-share-link-description av-no-toc '>Compartir esta noticia<\/h5><ul class='av-share-box-list noLightbox'><li class='av-share-link av-social-link-facebook' ><a target=\"_blank\" aria-label=\"Compartir en Facebook\" href='https:\/\/www.facebook.com\/sharer.php?u=https:\/\/radiorevelacionfm.cl\/?p=44529&#038;t=En%20Coyhaique%20detienen%20a%20dos%20sujetos%20por%20robo%20con%20violencia%20y%20lesiones' aria-hidden='false' data-av_icon='\ue8f3' data-av_iconfont='entypo-fontello' title='' data-avia-related-tooltip='Compartir en Facebook' rel=\"noopener\"><span class='avia_hidden_link_text'>Compartir en Facebook<\/span><\/a><\/li><li class='av-share-link av-social-link-twitter' ><a target=\"_blank\" aria-label=\"Compartir en Twitter\" href='https:\/\/twitter.com\/share?text=En%20Coyhaique%20detienen%20a%20dos%20sujetos%20por%20robo%20con%20violencia%20y%20lesiones&#038;url=https:\/\/radiorevelacionfm.cl\/?p=44529' aria-hidden='false' data-av_icon='\ue8f1' data-av_iconfont='entypo-fontello' title='' data-avia-related-tooltip='Compartir en Twitter' rel=\"noopener\"><span class='avia_hidden_link_text'>Compartir en Twitter<\/span><\/a><\/li><li class='av-share-link av-social-link-whatsapp' ><a target=\"_blank\" aria-label=\"Compartir en Whatsapp\" href='https:\/\/api.whatsapp.com\/send?text=https:\/\/radiorevelacionfm.cl\/?p=44529' aria-hidden='false' data-av_icon='\uf232' data-av_iconfont='entypo-fontello' title='' data-avia-related-tooltip='Compartir en Whatsapp' rel=\"noopener\"><span class='avia_hidden_link_text'>Compartir en Whatsapp<\/span><\/a><\/li><li class='av-share-link av-social-link-linkedin' ><a target=\"_blank\" aria-label=\"Compartir en LinkedIn\" href='https:\/\/linkedin.com\/shareArticle?mini=true&#038;title=En%20Coyhaique%20detienen%20a%20dos%20sujetos%20por%20robo%20con%20violencia%20y%20lesiones&#038;url=https:\/\/radiorevelacionfm.cl\/?p=44529' aria-hidden='false' data-av_icon='\ue8fc' data-av_iconfont='entypo-fontello' title='' data-avia-related-tooltip='Compartir en LinkedIn' rel=\"noopener\"><span class='avia_hidden_link_text'>Compartir en LinkedIn<\/span><\/a><\/li><li class='av-share-link av-social-link-mail' ><a  aria-label=\"Compartir por correo\" href='mailto:?subject=En%20Coyhaique%20detienen%20a%20dos%20sujetos%20por%20robo%20con%20violencia%20y%20lesiones&#038;body=https:\/\/radiorevelacionfm.cl\/?p=44529' aria-hidden='false' data-av_icon='\ue805' data-av_iconfont='entypo-fontello' title='' data-avia-related-tooltip='Compartir por correo'><span class='avia_hidden_link_text'>Compartir por correo<\/span><\/a><\/li><\/ul><\/div><\/div>\n<div  style='height:50px' class='hr hr-invisible   avia-builder-el-8  el_after_av_social_share  el_before_av_comments_list '><span class='hr-inner ' ><span class='hr-inner-style'><\/span><\/span><\/div>\n<div  class='av-buildercomment  av-blog-meta-html-info-disabled av-blog-meta-tag-disabled  '><\/div>\n","protected":false},"excerpt":{"rendered":"","protected":false},"author":1,"featured_media":44530,"comment_status":"open","ping_status":"open","sticky":false,"template":"","format":"standard","meta":{"footnotes":""},"categories":[36],"tags":[],"class_list":["post-44529","post","type-post","status-publish","format-standard","has-post-thumbnail","hentry","category-policial"],"jetpack_featured_media_url":"https:\/\/radiorevelacionfm.cl\/wp-content\/uploads\/2024\/07\/GTBY0W7WoAEjkrr-1-1-1.jpg","_links":{"self":[{"href":"https:\/\/radiorevelacionfm.cl\/index.php?rest_route=\/wp\/v2\/posts\/44529","targetHints":{"allow":["GET"]}}],"collection":[{"href":"https:\/\/radiorevelacionfm.cl\/index.php?rest_route=\/wp\/v2\/posts"}],"about":[{"href":"https:\/\/radiorevelacionfm.cl\/index.php?rest_route=\/wp\/v2\/types\/post"}],"author":[{"embeddable":true,"href":"https:\/\/radiorevelacionfm.cl\/index.php?rest_route=\/wp\/v2\/users\/1"}],"replies":[{"embeddable":true,"href":"https:\/\/radiorevelacionfm.cl\/index.php?rest_route=%2Fwp%2Fv2%2Fcomments&post=44529"}],"version-history":[{"count":2,"href":"https:\/\/radiorevelacionfm.cl\/index.php?rest_route=\/wp\/v2\/posts\/44529\/revisions"}],"predecessor-version":[{"id":44532,"href":"https:\/\/radiorevelacionfm.cl\/index.php?rest_route=\/wp\/v2\/posts\/44529\/revisions\/44532"}],"wp:featuredmedia":[{"embeddable":true,"href":"https:\/\/radiorevelacionfm.cl\/index.php?rest_route=\/wp\/v2\/media\/44530"}],"wp:attachment":[{"href":"https:\/\/radiorevelacionfm.cl\/index.php?rest_route=%2Fwp%2Fv2%2Fmedia&parent=44529"}],"wp:term":[{"taxonomy":"category","embeddable":true,"href":"https:\/\/radiorevelacionfm.cl\/index.php?rest_route=%2Fwp%2Fv2%2Fcategories&post=44529"},{"taxonomy":"post_tag","embeddable":true,"href":"https:\/\/radiorevelacionfm.cl\/index.php?rest_route=%2Fwp%2Fv2%2Ftags&post=44529"}],"curies":[{"name":"wp","href":"https:\/\/api.w.org\/{rel}","templated":true}]}}