{"id":44526,"date":"2024-07-26T20:22:38","date_gmt":"2024-07-26T23:22:38","guid":{"rendered":"https:\/\/radiorevelacionfm.cl\/?p=44526"},"modified":"2024-07-26T20:22:38","modified_gmt":"2024-07-26T23:22:38","slug":"carabineros-de-coyhaique-detuvo-a-comerciante-por-contrabando-de-cigarrillos-e-incauto-mercaderia","status":"publish","type":"post","link":"https:\/\/radiorevelacionfm.cl\/?p=44526","title":{"rendered":"Carabineros de Coyhaique detuvo a comerciante por contrabando de cigarrillos e incaut\u00f3 mercader\u00eda"},"content":{"rendered":"<div class=\"flex_column av_one_full  flex_column_div av-zero-column-padding first  avia-builder-el-0  el_before_av_one_full  avia-builder-el-first  \" style='border-radius:0px; '><div  class='avia-image-container  av-styling-    avia-builder-el-1  avia-builder-el-no-sibling  avia-align-center '  itemprop=\"image\" itemscope=\"itemscope\" itemtype=\"https:\/\/schema.org\/ImageObject\"  ><div class='avia-image-container-inner'><div class='avia-image-overlay-wrap'><img decoding=\"async\" class='wp-image-44527 avia-img-lazy-loading-not-44527 avia_image' src=\"https:\/\/radiorevelacionfm.cl\/wp-content\/uploads\/2024\/07\/f4617eaa-e2cd-482c-a988-b7ccb6186938-1_optimized.jpg\" alt='' title='f4617eaa-e2cd-482c-a988-b7ccb6186938-(1)_optimized' height=\"600\" width=\"974\"  itemprop=\"thumbnailUrl\" srcset=\"https:\/\/radiorevelacionfm.cl\/wp-content\/uploads\/2024\/07\/f4617eaa-e2cd-482c-a988-b7ccb6186938-1_optimized.jpg 974w, https:\/\/radiorevelacionfm.cl\/wp-content\/uploads\/2024\/07\/f4617eaa-e2cd-482c-a988-b7ccb6186938-1_optimized-300x185.jpg 300w, https:\/\/radiorevelacionfm.cl\/wp-content\/uploads\/2024\/07\/f4617eaa-e2cd-482c-a988-b7ccb6186938-1_optimized-768x473.jpg 768w, https:\/\/radiorevelacionfm.cl\/wp-content\/uploads\/2024\/07\/f4617eaa-e2cd-482c-a988-b7ccb6186938-1_optimized-705x434.jpg 705w, https:\/\/radiorevelacionfm.cl\/wp-content\/uploads\/2024\/07\/f4617eaa-e2cd-482c-a988-b7ccb6186938-1_optimized-450x277.jpg 450w, https:\/\/radiorevelacionfm.cl\/wp-content\/uploads\/2024\/07\/f4617eaa-e2cd-482c-a988-b7ccb6186938-1_optimized-600x370.jpg 600w\" sizes=\"(max-width: 974px) 100vw, 974px\" \/><\/div><\/div><\/div><\/div><div class=\"flex_column av_one_full  flex_column_div av-zero-column-padding first  avia-builder-el-2  el_after_av_one_full  el_before_av_one_full  column-top-margin\" style='border-radius:0px; '><section class=\"av_textblock_section \"  itemscope=\"itemscope\" itemtype=\"https:\/\/schema.org\/BlogPosting\" itemprop=\"blogPost\" ><div class='avia_textblock  '   itemprop=\"text\" ><p style=\"text-align: center;\"><span style=\"font-size: 18pt;\"><b><span lang=\"ES-MX\">Carabineros de Coyhaique detuvo a comerciante por contrabando de cigarrillos e incaut\u00f3 mercader\u00eda<\/span><\/b><\/span><\/p>\n<div id=\"gtx-trans\" style=\"position: absolute; left: -50px; top: 4.31534px;\">\n<div class=\"gtx-trans-icon\"><\/div>\n<\/div>\n<\/div><\/section><\/div><div class=\"flex_column av_one_full  flex_column_div av-zero-column-padding first  avia-builder-el-4  el_after_av_one_full  el_before_av_hr  column-top-margin\" style='border-radius:0px; '><section class=\"av_textblock_section \"  itemscope=\"itemscope\" itemtype=\"https:\/\/schema.org\/BlogPosting\" itemprop=\"blogPost\" ><div class='avia_textblock  '   itemprop=\"text\" ><p class=\"v1MsoNormal\" style=\"text-align: justify;\"><span lang=\"ES-MX\">Se trata de productos argentinos, que no cuentan con la autorizaci\u00f3n del Ministerio de Salud para ser comercializados en nuestro pa\u00eds.<\/span><\/p>\n<p class=\"v1MsoNormal\" style=\"text-align: justify;\"><span lang=\"ES-MX\">Una fiscalizaci\u00f3n al comercio efectuada por Carabineros de Coyhaique culmin\u00f3 con la detenci\u00f3n de un locatario por infracci\u00f3n de ordenanza aduanera, tras ser sorprendido comercializando tabaco de procedencia argentina, producto que no cuenta con la aprobaci\u00f3n del Ministerio de Salud para ser comercializado en nuestro pa\u00eds.<\/span><\/p>\n<p class=\"v1MsoNormal\" style=\"text-align: justify;\"><span lang=\"ES-MX\">\u00abEl local comercial contaba con su patente al d\u00eda, sin embargo, ante la inspecci\u00f3n ocular que desarrolla el personal, se logran percatar que hab\u00eda cigarrillos que no ten\u00edan el sello de nuestro pa\u00eds y que son de las marcas que no est\u00e1n autorizadas para ser comercializadas en Chile. Ante esta situaci\u00f3n y luego que el propietario del local no pudo acreditar c\u00f3mo obtuvo esos cigarrillos, se detuvo por el delito de contrabando, adem\u00e1s de decomisar 40 empaques de cigarrillos\u00bb, expres\u00f3 el Comisario de Coyhaique, Mayor Gerardo Gonz\u00e1lez L\u00f3pez.<\/span><\/p>\n<p class=\"v1MsoNormal\" style=\"text-align: justify;\"><span lang=\"ES-MX\">Dicha persona -quien no registra antecedentes previos- qued\u00f3 en libertad y en espera de citaci\u00f3n por parte de la Fiscal\u00eda, en tanto que las especies incautadas fueron remitidas a Aduanas. \u00a0\u00a0\u00a0\u00a0<\/span><\/p>\n<\/div><\/section><\/div><div  style='height:50px' class='hr hr-invisible   avia-builder-el-6  el_after_av_one_full  el_before_av_social_share '><span class='hr-inner ' ><span class='hr-inner-style'><\/span><\/span><\/div><\/p>\n<div  class='av-social-sharing-box  avia-builder-el-7  el_after_av_hr  el_before_av_hr  '><div class='av-share-box'><h5 class='av-share-link-description av-no-toc '>Compartir esta noticia<\/h5><ul class='av-share-box-list noLightbox'><li class='av-share-link av-social-link-facebook' ><a target=\"_blank\" aria-label=\"Compartir en Facebook\" href='https:\/\/www.facebook.com\/sharer.php?u=https:\/\/radiorevelacionfm.cl\/?p=44526&#038;t=Carabineros%20de%20Coyhaique%20detuvo%20a%20comerciante%20por%20contrabando%20de%20cigarrillos%20e%20incaut%C3%B3%20mercader%C3%ADa' aria-hidden='false' data-av_icon='\ue8f3' data-av_iconfont='entypo-fontello' title='' data-avia-related-tooltip='Compartir en Facebook' rel=\"noopener\"><span class='avia_hidden_link_text'>Compartir en Facebook<\/span><\/a><\/li><li class='av-share-link av-social-link-twitter' ><a target=\"_blank\" aria-label=\"Compartir en Twitter\" href='https:\/\/twitter.com\/share?text=Carabineros%20de%20Coyhaique%20detuvo%20a%20comerciante%20por%20contrabando%20de%20cigarrillos%20e%20incaut%C3%B3%20mercader%C3%ADa&#038;url=https:\/\/radiorevelacionfm.cl\/?p=44526' aria-hidden='false' data-av_icon='\ue8f1' data-av_iconfont='entypo-fontello' title='' data-avia-related-tooltip='Compartir en Twitter' rel=\"noopener\"><span class='avia_hidden_link_text'>Compartir en Twitter<\/span><\/a><\/li><li class='av-share-link av-social-link-whatsapp' ><a target=\"_blank\" aria-label=\"Compartir en Whatsapp\" href='https:\/\/api.whatsapp.com\/send?text=https:\/\/radiorevelacionfm.cl\/?p=44526' aria-hidden='false' data-av_icon='\uf232' data-av_iconfont='entypo-fontello' title='' data-avia-related-tooltip='Compartir en Whatsapp' rel=\"noopener\"><span class='avia_hidden_link_text'>Compartir en Whatsapp<\/span><\/a><\/li><li class='av-share-link av-social-link-linkedin' ><a target=\"_blank\" aria-label=\"Compartir en LinkedIn\" href='https:\/\/linkedin.com\/shareArticle?mini=true&#038;title=Carabineros%20de%20Coyhaique%20detuvo%20a%20comerciante%20por%20contrabando%20de%20cigarrillos%20e%20incaut%C3%B3%20mercader%C3%ADa&#038;url=https:\/\/radiorevelacionfm.cl\/?p=44526' aria-hidden='false' data-av_icon='\ue8fc' data-av_iconfont='entypo-fontello' title='' data-avia-related-tooltip='Compartir en LinkedIn' rel=\"noopener\"><span class='avia_hidden_link_text'>Compartir en LinkedIn<\/span><\/a><\/li><li class='av-share-link av-social-link-mail' ><a  aria-label=\"Compartir por correo\" href='mailto:?subject=Carabineros%20de%20Coyhaique%20detuvo%20a%20comerciante%20por%20contrabando%20de%20cigarrillos%20e%20incaut%C3%B3%20mercader%C3%ADa&#038;body=https:\/\/radiorevelacionfm.cl\/?p=44526' aria-hidden='false' data-av_icon='\ue805' data-av_iconfont='entypo-fontello' title='' data-avia-related-tooltip='Compartir por correo'><span class='avia_hidden_link_text'>Compartir por correo<\/span><\/a><\/li><\/ul><\/div><\/div>\n<div  style='height:50px' class='hr hr-invisible   avia-builder-el-8  el_after_av_social_share  el_before_av_comments_list '><span class='hr-inner ' ><span class='hr-inner-style'><\/span><\/span><\/div>\n<div  class='av-buildercomment  av-blog-meta-html-info-disabled av-blog-meta-tag-disabled  '><\/div>\n","protected":false},"excerpt":{"rendered":"","protected":false},"author":1,"featured_media":44527,"comment_status":"open","ping_status":"open","sticky":false,"template":"","format":"standard","meta":{"footnotes":""},"categories":[36],"tags":[],"class_list":["post-44526","post","type-post","status-publish","format-standard","has-post-thumbnail","hentry","category-policial"],"jetpack_featured_media_url":"https:\/\/radiorevelacionfm.cl\/wp-content\/uploads\/2024\/07\/f4617eaa-e2cd-482c-a988-b7ccb6186938-1_optimized.jpg","_links":{"self":[{"href":"https:\/\/radiorevelacionfm.cl\/index.php?rest_route=\/wp\/v2\/posts\/44526","targetHints":{"allow":["GET"]}}],"collection":[{"href":"https:\/\/radiorevelacionfm.cl\/index.php?rest_route=\/wp\/v2\/posts"}],"about":[{"href":"https:\/\/radiorevelacionfm.cl\/index.php?rest_route=\/wp\/v2\/types\/post"}],"author":[{"embeddable":true,"href":"https:\/\/radiorevelacionfm.cl\/index.php?rest_route=\/wp\/v2\/users\/1"}],"replies":[{"embeddable":true,"href":"https:\/\/radiorevelacionfm.cl\/index.php?rest_route=%2Fwp%2Fv2%2Fcomments&post=44526"}],"version-history":[{"count":1,"href":"https:\/\/radiorevelacionfm.cl\/index.php?rest_route=\/wp\/v2\/posts\/44526\/revisions"}],"predecessor-version":[{"id":44528,"href":"https:\/\/radiorevelacionfm.cl\/index.php?rest_route=\/wp\/v2\/posts\/44526\/revisions\/44528"}],"wp:featuredmedia":[{"embeddable":true,"href":"https:\/\/radiorevelacionfm.cl\/index.php?rest_route=\/wp\/v2\/media\/44527"}],"wp:attachment":[{"href":"https:\/\/radiorevelacionfm.cl\/index.php?rest_route=%2Fwp%2Fv2%2Fmedia&parent=44526"}],"wp:term":[{"taxonomy":"category","embeddable":true,"href":"https:\/\/radiorevelacionfm.cl\/index.php?rest_route=%2Fwp%2Fv2%2Fcategories&post=44526"},{"taxonomy":"post_tag","embeddable":true,"href":"https:\/\/radiorevelacionfm.cl\/index.php?rest_route=%2Fwp%2Fv2%2Ftags&post=44526"}],"curies":[{"name":"wp","href":"https:\/\/api.w.org\/{rel}","templated":true}]}}