{"id":44523,"date":"2024-07-26T19:00:43","date_gmt":"2024-07-26T22:00:43","guid":{"rendered":"https:\/\/radiorevelacionfm.cl\/?p=44523"},"modified":"2024-07-26T19:00:43","modified_gmt":"2024-07-26T22:00:43","slug":"paloma-jara-seremi-del-mop-hoy-contamos-con-mas-de-100-mil-millones-de-inversion-y-nuestra-prioridad-es-mejorar-las-condiciones-de-conectividad-integral-de-las-personas","status":"publish","type":"post","link":"https:\/\/radiorevelacionfm.cl\/?p=44523","title":{"rendered":"Paloma Jara, seremi del MOP: \u201cHoy contamos con m\u00e1s de $100 mil millones de inversi\u00f3n y nuestra prioridad es mejorar las condiciones de conectividad integral de las personas\u201d"},"content":{"rendered":"<div class=\"flex_column av_one_full  flex_column_div av-zero-column-padding first  avia-builder-el-0  el_before_av_one_full  avia-builder-el-first  \" style='border-radius:0px; '><div  class='avia-image-container  av-styling-    avia-builder-el-1  avia-builder-el-no-sibling  avia-align-center '  itemprop=\"image\" itemscope=\"itemscope\" itemtype=\"https:\/\/schema.org\/ImageObject\"  ><div class='avia-image-container-inner'><div class='avia-image-overlay-wrap'><img decoding=\"async\" class='wp-image-44524 avia-img-lazy-loading-not-44524 avia_image' src=\"https:\/\/radiorevelacionfm.cl\/wp-content\/uploads\/2024\/07\/equipo-directivo-mop-1_optimized.jpg\" alt='' title='equipo-directivo-mop-(1)_optimized' height=\"600\" width=\"980\"  itemprop=\"thumbnailUrl\" srcset=\"https:\/\/radiorevelacionfm.cl\/wp-content\/uploads\/2024\/07\/equipo-directivo-mop-1_optimized.jpg 980w, https:\/\/radiorevelacionfm.cl\/wp-content\/uploads\/2024\/07\/equipo-directivo-mop-1_optimized-300x184.jpg 300w, https:\/\/radiorevelacionfm.cl\/wp-content\/uploads\/2024\/07\/equipo-directivo-mop-1_optimized-768x470.jpg 768w, https:\/\/radiorevelacionfm.cl\/wp-content\/uploads\/2024\/07\/equipo-directivo-mop-1_optimized-705x432.jpg 705w, https:\/\/radiorevelacionfm.cl\/wp-content\/uploads\/2024\/07\/equipo-directivo-mop-1_optimized-450x276.jpg 450w, https:\/\/radiorevelacionfm.cl\/wp-content\/uploads\/2024\/07\/equipo-directivo-mop-1_optimized-600x367.jpg 600w\" sizes=\"(max-width: 980px) 100vw, 980px\" \/><\/div><\/div><\/div><\/div><div class=\"flex_column av_one_full  flex_column_div av-zero-column-padding first  avia-builder-el-2  el_after_av_one_full  el_before_av_one_full  column-top-margin\" style='border-radius:0px; '><section class=\"av_textblock_section \"  itemscope=\"itemscope\" itemtype=\"https:\/\/schema.org\/BlogPosting\" itemprop=\"blogPost\" ><div class='avia_textblock  '   itemprop=\"text\" ><p style=\"text-align: center;\"><strong><span style=\"font-size: 18pt;\">Paloma Jara, seremi del MOP: \u201cHoy contamos con m\u00e1s de $100 mil millones de inversi\u00f3n y nuestra prioridad es mejorar las condiciones de conectividad integral de las personas\u201d<\/span><\/strong><\/p>\n<div id=\"gtx-trans\" style=\"position: absolute; left: -50px; top: 4.31534px;\">\n<div class=\"gtx-trans-icon\"><\/div>\n<\/div>\n<\/div><\/section><\/div><div class=\"flex_column av_one_full  flex_column_div av-zero-column-padding first  avia-builder-el-4  el_after_av_one_full  el_before_av_hr  column-top-margin\" style='border-radius:0px; '><section class=\"av_textblock_section \"  itemscope=\"itemscope\" itemtype=\"https:\/\/schema.org\/BlogPosting\" itemprop=\"blogPost\" ><div class='avia_textblock  '   itemprop=\"text\" ><p style=\"text-align: justify;\">Una intensa agenda de actividades ha realizado esta semana la Secretaria Regional Ministerial de Obras P\u00fablicas, Paloma Jara Vald\u00e9s junto a los equipos de las Direcciones Regionales MOP, para trabajar en los desaf\u00edos que tendr\u00e1 el Ministerio de Obras P\u00fablicas durante este y los pr\u00f3ximos a\u00f1os del gobierno del presidente Gabriel Boric Font, con el objeto de avanzar en los compromisos en materia de conectividad que requiere la regi\u00f3n de Ays\u00e9n.<\/p>\n<p style=\"text-align: justify;\">\u201cNos hemos reunido con nuestros equipos para coordinar el trabajo y prioridades que desarrollaremos este y los pr\u00f3ximos a\u00f1os del gobierno del presidente Boric. Estamos hablando de la conectividad a\u00e9rea como lacustre y no s\u00f3lo la vial que generalmente es la m\u00e1s relevada a prop\u00f3sito de nuestra conocida Ruta 7. Es importante destacar, los tantos desaf\u00edos que tiene el Ministerio en la regi\u00f3n como son la ejecuci\u00f3n de obras viales como portuarias, de conectividad lacustre, a\u00e9rea, edificaci\u00f3n p\u00fablica, aguas y obras hidr\u00e1ulicas en el marco del Plan de Integraci\u00f3n y Conectividad Ays\u00e9n-Palena actualmente en desarrollo; una inversi\u00f3n para este a\u00f1o que supera los $100 mil millones que generar\u00e1n reactivaci\u00f3n econ\u00f3mica local y regional y 1500 empleos. Invertiremos en obras emblem\u00e1ticas como son la pavimentaci\u00f3n de la Ruta 7 en donde actualmente los contratos se encuentran en distintas etapas de desarrollo; en la conservaci\u00f3n y mejoramiento de caminos con la aplicaci\u00f3n de suelo cemento-sello asf\u00e1ltico que optimizar\u00e1 las condiciones de conectividad, transitabilidad y seguridad de las v\u00edas; en infraestructura a\u00e9rea que sirve de apoyo en caso de evacuaciones aerom\u00e9dicas y para dar soporte en caso de incendios forestales, as\u00ed como tambi\u00e9n son una v\u00eda para potenciar el turismo y el sector productivo; la construcci\u00f3n de nuevas Barcazas que mejorar\u00e1n la conectividad de las personas en el lago General Carrera y en el lago O\u00b4Higgins; y por otra parte, cada vez son m\u00e1s importantes los Servicios Sanitarios Rurales que nos entregan agua potable, mejor habitabilidad y tambi\u00e9n alcantarillado que va a ser un tema del que vamos a tener que hablar cada vez m\u00e1s seguido dentro de nuestro territorio, y no podemos dejar atr\u00e1s la importante labor y el fortalecimiento de la seguridad h\u00eddrica que hace en esta zona -una zona de glaciares- nuestra Direcci\u00f3n de Aguas\u201d, asegur\u00f3 la SEREMI del MOP.<\/p>\n<p style=\"text-align: justify;\">La nueva autoridad regional del MOP naci\u00f3 en Coyhaique, de profesi\u00f3n Ingeniera Comercial de la Universidad Tecnol\u00f3gica Metropolitana de Chile (UTEM), cuenta con vasta experiencia profesional tanto en el mundo p\u00fablico como en diversas \u00e1reas del sector privado, orient\u00e1ndose principalmente a temas como la innovaci\u00f3n, el fomento productivo, trabajo territorial y la asociatividad. Antes de asumir el cargo en el MOP Ays\u00e9n, tambi\u00e9n se desempe\u00f1aba en el Ministerio de Obras P\u00fablicas como directora de Obras Hidr\u00e1ulicas en la regi\u00f3n de Los Lagos.<\/p>\n<p style=\"text-align: justify;\">\u201cEn el a\u00f1o 2023 hubo una inversi\u00f3n hist\u00f3rica en Servicios Sanitarios Rurales en la regi\u00f3n de Los Lagos, la que super\u00f3 los $23 mil millones lo que signific\u00f3 una gran cantidad de recursos en la ejecuci\u00f3n de obras nuevas, y para el a\u00f1o 2025 contar\u00e1n con m\u00e1s de $11 mil millones destinados a la conservaci\u00f3n de Servicios Sanitarios Rurales. Adem\u00e1s, en este Gobierno se firm\u00f3 el Decreto Supremo que da pie a la construcci\u00f3n de nuevos colectores y\u00a0 conservaci\u00f3n de aguas lluvias en la ciudad de Ancud, lo que siempre fue un deseo muy anhelado por sus habitantes; as\u00ed como tambi\u00e9n, cuando empec\u00e9 a liderar la Direcci\u00f3n Regional de Obras Hidr\u00e1ulicas \u00e9ramos 27 personas y al cesar \u00a0mis funciones la semana pasada \u00e9ramos 36 personas, eso habla de m\u00e1s de diez contrataciones que tuvieron que llegar durante estos meses a habitar los espacios. Generar estos nuevos cargos fue un gran desaf\u00edo, adem\u00e1s de liderar un equipo que creci\u00f3 pr\u00e1cticamente en un 30%\u201d, concluy\u00f3 Paloma Jara Vald\u00e9s<\/p>\n<\/div><\/section><\/div><div  style='height:50px' class='hr hr-invisible   avia-builder-el-6  el_after_av_one_full  el_before_av_social_share '><span class='hr-inner ' ><span class='hr-inner-style'><\/span><\/span><\/div><\/p>\n<div  class='av-social-sharing-box  avia-builder-el-7  el_after_av_hr  el_before_av_hr  '><div class='av-share-box'><h5 class='av-share-link-description av-no-toc '>Compartir esta noticia<\/h5><ul class='av-share-box-list noLightbox'><li class='av-share-link av-social-link-facebook' ><a target=\"_blank\" aria-label=\"Compartir en Facebook\" href='https:\/\/www.facebook.com\/sharer.php?u=https:\/\/radiorevelacionfm.cl\/?p=44523&#038;t=Paloma%20Jara%2C%20seremi%20del%20MOP%3A%20%E2%80%9CHoy%20contamos%20con%20m%C3%A1s%20de%20%24100%20mil%20millones%20de%20inversi%C3%B3n%20y%20nuestra%20prioridad%20es%20mejorar%20las%20condiciones%20de%20conectividad%20integral%20de%20las%20personas%E2%80%9D' aria-hidden='false' data-av_icon='\ue8f3' data-av_iconfont='entypo-fontello' title='' data-avia-related-tooltip='Compartir en Facebook' rel=\"noopener\"><span class='avia_hidden_link_text'>Compartir en Facebook<\/span><\/a><\/li><li class='av-share-link av-social-link-twitter' ><a target=\"_blank\" aria-label=\"Compartir en Twitter\" href='https:\/\/twitter.com\/share?text=Paloma%20Jara%2C%20seremi%20del%20MOP%3A%20%E2%80%9CHoy%20contamos%20con%20m%C3%A1s%20de%20%24100%20mil%20millones%20de%20inversi%C3%B3n%20y%20nuestra%20prioridad%20es%20mejorar%20las%20condiciones%20de%20conectividad%20integral%20de%20las%20personas%E2%80%9D&#038;url=https:\/\/radiorevelacionfm.cl\/?p=44523' aria-hidden='false' data-av_icon='\ue8f1' data-av_iconfont='entypo-fontello' title='' data-avia-related-tooltip='Compartir en Twitter' rel=\"noopener\"><span class='avia_hidden_link_text'>Compartir en Twitter<\/span><\/a><\/li><li class='av-share-link av-social-link-whatsapp' ><a target=\"_blank\" aria-label=\"Compartir en Whatsapp\" href='https:\/\/api.whatsapp.com\/send?text=https:\/\/radiorevelacionfm.cl\/?p=44523' aria-hidden='false' data-av_icon='\uf232' data-av_iconfont='entypo-fontello' title='' data-avia-related-tooltip='Compartir en Whatsapp' rel=\"noopener\"><span class='avia_hidden_link_text'>Compartir en Whatsapp<\/span><\/a><\/li><li class='av-share-link av-social-link-linkedin' ><a target=\"_blank\" aria-label=\"Compartir en LinkedIn\" href='https:\/\/linkedin.com\/shareArticle?mini=true&#038;title=Paloma%20Jara%2C%20seremi%20del%20MOP%3A%20%E2%80%9CHoy%20contamos%20con%20m%C3%A1s%20de%20%24100%20mil%20millones%20de%20inversi%C3%B3n%20y%20nuestra%20prioridad%20es%20mejorar%20las%20condiciones%20de%20conectividad%20integral%20de%20las%20personas%E2%80%9D&#038;url=https:\/\/radiorevelacionfm.cl\/?p=44523' aria-hidden='false' data-av_icon='\ue8fc' data-av_iconfont='entypo-fontello' title='' data-avia-related-tooltip='Compartir en LinkedIn' rel=\"noopener\"><span class='avia_hidden_link_text'>Compartir en LinkedIn<\/span><\/a><\/li><li class='av-share-link av-social-link-mail' ><a  aria-label=\"Compartir por correo\" href='mailto:?subject=Paloma%20Jara%2C%20seremi%20del%20MOP%3A%20%E2%80%9CHoy%20contamos%20con%20m%C3%A1s%20de%20%24100%20mil%20millones%20de%20inversi%C3%B3n%20y%20nuestra%20prioridad%20es%20mejorar%20las%20condiciones%20de%20conectividad%20integral%20de%20las%20personas%E2%80%9D&#038;body=https:\/\/radiorevelacionfm.cl\/?p=44523' aria-hidden='false' data-av_icon='\ue805' data-av_iconfont='entypo-fontello' title='' data-avia-related-tooltip='Compartir por correo'><span class='avia_hidden_link_text'>Compartir por correo<\/span><\/a><\/li><\/ul><\/div><\/div>\n<div  style='height:50px' class='hr hr-invisible   avia-builder-el-8  el_after_av_social_share  el_before_av_comments_list '><span class='hr-inner ' ><span class='hr-inner-style'><\/span><\/span><\/div>\n<div  class='av-buildercomment  av-blog-meta-html-info-disabled av-blog-meta-tag-disabled  '><\/div>\n","protected":false},"excerpt":{"rendered":"","protected":false},"author":1,"featured_media":44524,"comment_status":"open","ping_status":"open","sticky":false,"template":"","format":"standard","meta":{"footnotes":""},"categories":[38],"tags":[],"class_list":["post-44523","post","type-post","status-publish","format-standard","has-post-thumbnail","hentry","category-regional"],"jetpack_featured_media_url":"https:\/\/radiorevelacionfm.cl\/wp-content\/uploads\/2024\/07\/equipo-directivo-mop-1_optimized.jpg","_links":{"self":[{"href":"https:\/\/radiorevelacionfm.cl\/index.php?rest_route=\/wp\/v2\/posts\/44523","targetHints":{"allow":["GET"]}}],"collection":[{"href":"https:\/\/radiorevelacionfm.cl\/index.php?rest_route=\/wp\/v2\/posts"}],"about":[{"href":"https:\/\/radiorevelacionfm.cl\/index.php?rest_route=\/wp\/v2\/types\/post"}],"author":[{"embeddable":true,"href":"https:\/\/radiorevelacionfm.cl\/index.php?rest_route=\/wp\/v2\/users\/1"}],"replies":[{"embeddable":true,"href":"https:\/\/radiorevelacionfm.cl\/index.php?rest_route=%2Fwp%2Fv2%2Fcomments&post=44523"}],"version-history":[{"count":1,"href":"https:\/\/radiorevelacionfm.cl\/index.php?rest_route=\/wp\/v2\/posts\/44523\/revisions"}],"predecessor-version":[{"id":44525,"href":"https:\/\/radiorevelacionfm.cl\/index.php?rest_route=\/wp\/v2\/posts\/44523\/revisions\/44525"}],"wp:featuredmedia":[{"embeddable":true,"href":"https:\/\/radiorevelacionfm.cl\/index.php?rest_route=\/wp\/v2\/media\/44524"}],"wp:attachment":[{"href":"https:\/\/radiorevelacionfm.cl\/index.php?rest_route=%2Fwp%2Fv2%2Fmedia&parent=44523"}],"wp:term":[{"taxonomy":"category","embeddable":true,"href":"https:\/\/radiorevelacionfm.cl\/index.php?rest_route=%2Fwp%2Fv2%2Fcategories&post=44523"},{"taxonomy":"post_tag","embeddable":true,"href":"https:\/\/radiorevelacionfm.cl\/index.php?rest_route=%2Fwp%2Fv2%2Ftags&post=44523"}],"curies":[{"name":"wp","href":"https:\/\/api.w.org\/{rel}","templated":true}]}}