{"id":44520,"date":"2024-07-26T17:39:09","date_gmt":"2024-07-26T20:39:09","guid":{"rendered":"https:\/\/radiorevelacionfm.cl\/?p=44520"},"modified":"2024-07-26T17:39:09","modified_gmt":"2024-07-26T20:39:09","slug":"avanza-la-segunda-etapa-de-estudio-que-busca-conocer-la-percepcion-ciudadana-sobre-el-sistema-de-pensiones","status":"publish","type":"post","link":"https:\/\/radiorevelacionfm.cl\/?p=44520","title":{"rendered":"Avanza la segunda etapa de estudio que busca conocer la percepci\u00f3n ciudadana sobre el sistema de pensiones"},"content":{"rendered":"<div class=\"flex_column av_one_full  flex_column_div av-zero-column-padding first  avia-builder-el-0  el_before_av_one_full  avia-builder-el-first  \" style='border-radius:0px; '><div  class='avia-image-container  av-styling-    avia-builder-el-1  avia-builder-el-no-sibling  avia-align-center '  itemprop=\"image\" itemscope=\"itemscope\" itemtype=\"https:\/\/schema.org\/ImageObject\"  ><div class='avia-image-container-inner'><div class='avia-image-overlay-wrap'><img decoding=\"async\" class='wp-image-44521 avia-img-lazy-loading-not-44521 avia_image' src=\"https:\/\/radiorevelacionfm.cl\/wp-content\/uploads\/2024\/07\/EstudioSistema_Pensiones_Jul2024_Aysen-2-1-1.jpeg\" alt='' title='EstudioSistema_Pensiones_Jul2024_Aysen (2) (1) (1)' height=\"600\" width=\"815\"  itemprop=\"thumbnailUrl\" srcset=\"https:\/\/radiorevelacionfm.cl\/wp-content\/uploads\/2024\/07\/EstudioSistema_Pensiones_Jul2024_Aysen-2-1-1.jpeg 815w, https:\/\/radiorevelacionfm.cl\/wp-content\/uploads\/2024\/07\/EstudioSistema_Pensiones_Jul2024_Aysen-2-1-1-300x221.jpeg 300w, https:\/\/radiorevelacionfm.cl\/wp-content\/uploads\/2024\/07\/EstudioSistema_Pensiones_Jul2024_Aysen-2-1-1-768x565.jpeg 768w, https:\/\/radiorevelacionfm.cl\/wp-content\/uploads\/2024\/07\/EstudioSistema_Pensiones_Jul2024_Aysen-2-1-1-705x519.jpeg 705w, https:\/\/radiorevelacionfm.cl\/wp-content\/uploads\/2024\/07\/EstudioSistema_Pensiones_Jul2024_Aysen-2-1-1-450x331.jpeg 450w, https:\/\/radiorevelacionfm.cl\/wp-content\/uploads\/2024\/07\/EstudioSistema_Pensiones_Jul2024_Aysen-2-1-1-600x442.jpeg 600w\" sizes=\"(max-width: 815px) 100vw, 815px\" \/><\/div><\/div><\/div><\/div><div class=\"flex_column av_one_full  flex_column_div av-zero-column-padding first  avia-builder-el-2  el_after_av_one_full  el_before_av_one_full  column-top-margin\" style='border-radius:0px; '><section class=\"av_textblock_section \"  itemscope=\"itemscope\" itemtype=\"https:\/\/schema.org\/BlogPosting\" itemprop=\"blogPost\" ><div class='avia_textblock  '   itemprop=\"text\" ><p style=\"text-align: center;\"><span style=\"font-size: 18pt;\"><b><span lang=\"ES\">Avanza la segunda etapa de estudio que busca conocer la percepci\u00f3n ciudadana sobre el sistema de pensiones<\/span><\/b><\/span><\/p>\n<div id=\"gtx-trans\" style=\"position: absolute; left: -50px; top: 4.31534px;\">\n<div class=\"gtx-trans-icon\"><\/div>\n<\/div>\n<\/div><\/section><\/div><div class=\"flex_column av_one_full  flex_column_div av-zero-column-padding first  avia-builder-el-4  el_after_av_one_full  el_before_av_hr  column-top-margin\" style='border-radius:0px; '><section class=\"av_textblock_section \"  itemscope=\"itemscope\" itemtype=\"https:\/\/schema.org\/BlogPosting\" itemprop=\"blogPost\" ><div class='avia_textblock  '   itemprop=\"text\" ><p class=\"v1gmail-MsoListParagraphCxSpLast\" style=\"text-align: justify;\"><i>En Coyhaique se realiz\u00f3 el encuentro que sirve de base para la investigaci\u00f3n, los que se realizar\u00e1n en 8 regiones por encargo de la Comisi\u00f3n de Usuarios del Sistema de Pensiones.<\/i><\/p>\n<p class=\"v1MsoNormal\" style=\"text-align: justify;\">La Subsecretar\u00eda de Previsi\u00f3n Social avanza en la segunda etapa de los encuentros ciudadanos para profundizar en la percepci\u00f3n de la poblaci\u00f3n respecto al sistema previsional chileno.<\/p>\n<p class=\"v1MsoNormal\" style=\"text-align: justify;\">En ese marco, esta iniciativa da continuidad al estudio encargado por la Comisi\u00f3n de Usuario del Sistema de Pensiones iniciado el a\u00f1o 2023, titulado\u00a0<a href=\"https:\/\/www.comisionusuarios.cl\/download\/estudios-cu\/INFORME-FINAL-PERCEPCION-CIUDADANA-DEL-SISTEMA-DE-PENSIONES-EN-CHILE-con-edicion-p.2.pdf\" target=\"_blank\" rel=\"noopener noreferrer\">\u00abPercepci\u00f3n de la ciudadan\u00eda respecto del sistema de pensiones chileno\u00bb.<\/a><\/p>\n<p class=\"v1MsoNormal\" style=\"text-align: justify;\">El Seremi de Trabajo y Previsi\u00f3n Social, Rodrigo D\u00edaz, coment\u00f3 sobre esta iniciativa, \u00abQuiero agradecer la participaci\u00f3n en este encuentro encargado por la Comisi\u00f3n de Usuario del Sistema de Pensiones, donde ser\u00e1 muy interesante conocer la percepci\u00f3n que existe sobre el sistema de pensiones en Ays\u00e9n. Ser\u00e1 un insumo que servir\u00e1 tambi\u00e9n para alimentar la discusi\u00f3n que existe actualmente sobre la Reforma de Pensiones en el Senado. Las pensiones son una preocupaci\u00f3n nacional, donde ya han sido tres los gobiernos que han impulsado reformas y debemos conversar, dialogar y avanzar en este tema, es algo que tiene que ser una prioridad como sociedad\u00bb, mencion\u00f3.<\/p>\n<p class=\"v1MsoNormal\" style=\"text-align: justify;\">El quinto encuentro ciudadano de esta segunda etapa se llev\u00f3 a cabo este viernes 26 de julio en la Biblioteca Regional de Ays\u00e9n, ubicada en Coyhaique. Anteriormente, se realizaron encuentros en la ciudad de Chill\u00e1n, Talca, Temuco y Valdivia. Los siguientes, en tanto, se realizar\u00e1n en las regiones de Tarapac\u00e1, Antofagasta y Atacama, durante los meses de julio y agosto.<\/p>\n<p class=\"v1MsoNormal\" style=\"text-align: justify;\">Mediante la continuidad de los encuentros ciudadanos se espera fortalecer el debate a trav\u00e9s de la incorporaci\u00f3n de visiones e inquietudes que hoy tiene la poblaci\u00f3n en materia de pensiones, a fin de mejorar el sistema previsional.<\/p>\n<p class=\"v1MsoNormal\" style=\"text-align: justify;\">La Comisi\u00f3n de Usuarios del Sistema de Pensiones es una entidad de participaci\u00f3n social creada en el marco de la reforma previsional del a\u00f1o 2008. Su principal funci\u00f3n es informar a la Subsecretar\u00eda de Previsi\u00f3n Social, y a otros organismos p\u00fablicos del sector, sobre las evaluaciones que sus representados efect\u00faen sobre el funcionamiento del sistema de pensiones, proponiendo estrategias de educaci\u00f3n y difusi\u00f3n.<\/p>\n<p class=\"v1MsoNormal\" style=\"text-align: justify;\">La instancia est\u00e1 conformada por representantes del IPS, la Central Unitaria de Trabajadores (CUT), la Asociaci\u00f3n de Administradoras de Fondos de Pensiones (AAFP) y de la Central Unitaria de Jubilados, Pensionados y Montepiadas de Chile (CUPEMCHI).<\/p>\n<\/div><\/section><\/div><div  style='height:50px' class='hr hr-invisible   avia-builder-el-6  el_after_av_one_full  el_before_av_social_share '><span class='hr-inner ' ><span class='hr-inner-style'><\/span><\/span><\/div><\/p>\n<div  class='av-social-sharing-box  avia-builder-el-7  el_after_av_hr  el_before_av_hr  '><div class='av-share-box'><h5 class='av-share-link-description av-no-toc '>Compartir esta noticia<\/h5><ul class='av-share-box-list noLightbox'><li class='av-share-link av-social-link-facebook' ><a target=\"_blank\" aria-label=\"Compartir en Facebook\" href='https:\/\/www.facebook.com\/sharer.php?u=https:\/\/radiorevelacionfm.cl\/?p=44520&#038;t=Avanza%20la%20segunda%20etapa%20de%20estudio%20que%20busca%20conocer%20la%20percepci%C3%B3n%20ciudadana%20sobre%20el%20sistema%20de%20pensiones' aria-hidden='false' data-av_icon='\ue8f3' data-av_iconfont='entypo-fontello' title='' data-avia-related-tooltip='Compartir en Facebook' rel=\"noopener\"><span class='avia_hidden_link_text'>Compartir en Facebook<\/span><\/a><\/li><li class='av-share-link av-social-link-twitter' ><a target=\"_blank\" aria-label=\"Compartir en Twitter\" href='https:\/\/twitter.com\/share?text=Avanza%20la%20segunda%20etapa%20de%20estudio%20que%20busca%20conocer%20la%20percepci%C3%B3n%20ciudadana%20sobre%20el%20sistema%20de%20pensiones&#038;url=https:\/\/radiorevelacionfm.cl\/?p=44520' aria-hidden='false' data-av_icon='\ue8f1' data-av_iconfont='entypo-fontello' title='' data-avia-related-tooltip='Compartir en Twitter' rel=\"noopener\"><span class='avia_hidden_link_text'>Compartir en Twitter<\/span><\/a><\/li><li class='av-share-link av-social-link-whatsapp' ><a target=\"_blank\" aria-label=\"Compartir en Whatsapp\" href='https:\/\/api.whatsapp.com\/send?text=https:\/\/radiorevelacionfm.cl\/?p=44520' aria-hidden='false' data-av_icon='\uf232' data-av_iconfont='entypo-fontello' title='' data-avia-related-tooltip='Compartir en Whatsapp' rel=\"noopener\"><span class='avia_hidden_link_text'>Compartir en Whatsapp<\/span><\/a><\/li><li class='av-share-link av-social-link-linkedin' ><a target=\"_blank\" aria-label=\"Compartir en LinkedIn\" href='https:\/\/linkedin.com\/shareArticle?mini=true&#038;title=Avanza%20la%20segunda%20etapa%20de%20estudio%20que%20busca%20conocer%20la%20percepci%C3%B3n%20ciudadana%20sobre%20el%20sistema%20de%20pensiones&#038;url=https:\/\/radiorevelacionfm.cl\/?p=44520' aria-hidden='false' data-av_icon='\ue8fc' data-av_iconfont='entypo-fontello' title='' data-avia-related-tooltip='Compartir en LinkedIn' rel=\"noopener\"><span class='avia_hidden_link_text'>Compartir en LinkedIn<\/span><\/a><\/li><li class='av-share-link av-social-link-mail' ><a  aria-label=\"Compartir por correo\" href='mailto:?subject=Avanza%20la%20segunda%20etapa%20de%20estudio%20que%20busca%20conocer%20la%20percepci%C3%B3n%20ciudadana%20sobre%20el%20sistema%20de%20pensiones&#038;body=https:\/\/radiorevelacionfm.cl\/?p=44520' aria-hidden='false' data-av_icon='\ue805' data-av_iconfont='entypo-fontello' title='' data-avia-related-tooltip='Compartir por correo'><span class='avia_hidden_link_text'>Compartir por correo<\/span><\/a><\/li><\/ul><\/div><\/div>\n<div  style='height:50px' class='hr hr-invisible   avia-builder-el-8  el_after_av_social_share  el_before_av_comments_list '><span class='hr-inner ' ><span class='hr-inner-style'><\/span><\/span><\/div>\n<div  class='av-buildercomment  av-blog-meta-html-info-disabled av-blog-meta-tag-disabled  '><\/div>\n","protected":false},"excerpt":{"rendered":"","protected":false},"author":1,"featured_media":44521,"comment_status":"open","ping_status":"open","sticky":false,"template":"","format":"standard","meta":{"footnotes":""},"categories":[56],"tags":[],"class_list":["post-44520","post","type-post","status-publish","format-standard","has-post-thumbnail","hentry","category-trabajo"],"jetpack_featured_media_url":"https:\/\/radiorevelacionfm.cl\/wp-content\/uploads\/2024\/07\/EstudioSistema_Pensiones_Jul2024_Aysen-2-1-1.jpeg","_links":{"self":[{"href":"https:\/\/radiorevelacionfm.cl\/index.php?rest_route=\/wp\/v2\/posts\/44520","targetHints":{"allow":["GET"]}}],"collection":[{"href":"https:\/\/radiorevelacionfm.cl\/index.php?rest_route=\/wp\/v2\/posts"}],"about":[{"href":"https:\/\/radiorevelacionfm.cl\/index.php?rest_route=\/wp\/v2\/types\/post"}],"author":[{"embeddable":true,"href":"https:\/\/radiorevelacionfm.cl\/index.php?rest_route=\/wp\/v2\/users\/1"}],"replies":[{"embeddable":true,"href":"https:\/\/radiorevelacionfm.cl\/index.php?rest_route=%2Fwp%2Fv2%2Fcomments&post=44520"}],"version-history":[{"count":1,"href":"https:\/\/radiorevelacionfm.cl\/index.php?rest_route=\/wp\/v2\/posts\/44520\/revisions"}],"predecessor-version":[{"id":44522,"href":"https:\/\/radiorevelacionfm.cl\/index.php?rest_route=\/wp\/v2\/posts\/44520\/revisions\/44522"}],"wp:featuredmedia":[{"embeddable":true,"href":"https:\/\/radiorevelacionfm.cl\/index.php?rest_route=\/wp\/v2\/media\/44521"}],"wp:attachment":[{"href":"https:\/\/radiorevelacionfm.cl\/index.php?rest_route=%2Fwp%2Fv2%2Fmedia&parent=44520"}],"wp:term":[{"taxonomy":"category","embeddable":true,"href":"https:\/\/radiorevelacionfm.cl\/index.php?rest_route=%2Fwp%2Fv2%2Fcategories&post=44520"},{"taxonomy":"post_tag","embeddable":true,"href":"https:\/\/radiorevelacionfm.cl\/index.php?rest_route=%2Fwp%2Fv2%2Ftags&post=44520"}],"curies":[{"name":"wp","href":"https:\/\/api.w.org\/{rel}","templated":true}]}}