{"id":4445,"date":"2021-05-24T13:47:22","date_gmt":"2021-05-24T16:47:22","guid":{"rendered":"https:\/\/radiorevelacionfm.cl\/?p=4445"},"modified":"2021-05-24T13:49:32","modified_gmt":"2021-05-24T16:49:32","slug":"condenan-a-7-y-4-anos-de-presidio-a-autor-de-homicido-consumado-y-frustrado-ocurrido-en-puerto-aysen","status":"publish","type":"post","link":"https:\/\/radiorevelacionfm.cl\/?p=4445","title":{"rendered":"Condenan a 7 y 4 a\u00f1os de presidio a autor de homicidio consumado y frustrado ocurrido en Puerto Ays\u00e9n"},"content":{"rendered":"<div class=\"flex_column av_one_full  flex_column_div av-zero-column-padding first  avia-builder-el-0  el_before_av_one_full  avia-builder-el-first  \" style='border-radius:0px; '><div  class='avia-image-container  av-styling-    avia-builder-el-1  avia-builder-el-no-sibling  avia-align-center '  itemprop=\"image\" itemscope=\"itemscope\" itemtype=\"https:\/\/schema.org\/ImageObject\"  ><div class='avia-image-container-inner'><div class='avia-image-overlay-wrap'><img decoding=\"async\" class='wp-image-0 avia-img-lazy-loading-not-0 avia_image' src=\"https:\/\/radiorevelacionfm.cl\/wp-content\/uploads\/2021\/05\/Foto-1-audiencia-sentencia-1-1.jpg\" alt='' title=''   itemprop=\"thumbnailUrl\"  \/><\/div><\/div><\/div><\/div>\n<div class=\"flex_column av_one_full  flex_column_div av-zero-column-padding first  avia-builder-el-2  el_after_av_one_full  el_before_av_one_full  column-top-margin\" style='border-radius:0px; '><section class=\"av_textblock_section \"  itemscope=\"itemscope\" itemtype=\"https:\/\/schema.org\/BlogPosting\" itemprop=\"blogPost\" ><div class='avia_textblock  '   itemprop=\"text\" ><p style=\"text-align: center;\"><strong><span style=\"font-size: 18pt;\">Condenan a 7 y 4 a\u00f1os de presidio a autor de homicidio consumado y frustrado ocurrido en Puerto Ays\u00e9n<\/span><\/strong><\/p>\n<div id=\"gtx-trans\" style=\"position: absolute; left: -50px; top: 4.31534px;\">\n<div class=\"gtx-trans-icon\"><\/div>\n<\/div>\n<\/div><\/section><\/div><div class=\"flex_column av_one_full  flex_column_div av-zero-column-padding first  avia-builder-el-4  el_after_av_one_full  el_before_av_hr  column-top-margin\" style='border-radius:0px; '><section class=\"av_textblock_section \"  itemscope=\"itemscope\" itemtype=\"https:\/\/schema.org\/BlogPosting\" itemprop=\"blogPost\" ><div class='avia_textblock  '   itemprop=\"text\" ><p style=\"font-weight: 400; text-align: justify;\">El Tribunal de Juicio Oral en lo Penal de Coyhaique conden\u00f3 a Sergio Eduardo Chiguay Mancilla a las penas efectivas de 7 a\u00f1os y 4 a\u00f1os de presidio, en calidad de autor del delito consumado de homicidio simple y homicidio frustrado, respectivamente. Il\u00edcitos perpetrados en enero de 2019, en la comuna de Ays\u00e9n.<\/p>\n<p style=\"font-weight: 400; text-align: justify;\">En fallo un\u00e1nime (causa rol 33-2020), el tribunal \u2013integrado por los magistrados Patricio Z\u00fa\u00f1iga Valenzuela (presidente), M\u00f3nica Coloma Pulgar y F\u00e9lix Asencio Hern\u00e1ndez (redactor)\u2013 aplic\u00f3, adem\u00e1s, a Chiguay Mancilla las accesorias legales de inhabilitaci\u00f3n absoluta perpetua para cargos y oficios p\u00fablicos y derechos pol\u00edticos y la inhabilitaci\u00f3n absoluta para profesiones titulares durante el tiempo de las condenas.<\/p>\n<p style=\"font-weight: 400; text-align: justify;\">Una vez que el fallo quede ejecutoriado, el tribunal dispuso que se proceda a la toma de muestras biol\u00f3gicas del sentenciado para determinar su huella gen\u00e9tica e incorporaci\u00f3n al registro nacional de ADN de condenados. Adem\u00e1s, se decret\u00f3 el comiso de la escopeta incautada y su remisi\u00f3n a los Arsenales de Guerra o al dep\u00f3sito de armas de Carabineros, seg\u00fan corresponda.<\/p>\n<p style=\"font-weight: 400; text-align: justify;\">El tribunal dio por acreditado, m\u00e1s all\u00e1 de toda duda razonable, que aproximadamente a las 14 horas del 1 de enero de 2019, \u201cen circunstancias que las v\u00edctimas Segundo Benedicto Oyarzo Saldivia y Juan Isa\u00edas Pichuncheo Pichuncheo hab\u00edan acudido hasta el domicilio de su hermana y cu\u00f1ada respectivamente, ubicado en el pasaje uno casa 550 poblaci\u00f3n Desaf\u00edo Justo de la ciudad de Puerto Ays\u00e9n, y desde una casa vecina ubicada al frente de dicho domicilio, al otro lado de la calle, el acusado Sergio Chiguay Mancilla, procedi\u00f3 a disparar en dos oportunidades un arma de fuego en contra de ambas v\u00edctimas, quienes resultaron con m\u00faltiples lesiones de entrada causadas por perdigones, de car\u00e1cter homicida\u201d.<\/p>\n<p style=\"font-weight: 400; text-align: justify;\">\u201cEn particular, Segundo Benedicto Oyarzo Saldivia result\u00f3 con lesiones secundarias a disparo de arma de fuego con cargas m\u00faltiples en la zona infra umbilical del muslo hasta la rodilla, la cual caus\u00f3 la secci\u00f3n de la arteria femoral superficial y vena femoral secundaria, las que resultaron fatales, falleciendo la v\u00edctima Oyarzo Saldivia al d\u00eda siguiente a causa de dichas lesiones. Por su parte Juan Isa\u00edas Pichuncheo Pichuncheo result\u00f3 con lesiones consistentes en un TEC abierto grave por arma de fuego con cuerpo extra\u00f1o intracerebraI, lesiones de car\u00e1cter grave, con secuela funcional y con riesgo vital de no haber mediado socorros oportunos y eficaces\u201d, a\u00f1ade.<\/p>\n<\/div><\/section><\/div><\/p>\n<div  style='height:50px' class='hr hr-invisible   avia-builder-el-6  el_after_av_one_full  el_before_av_social_share '><span class='hr-inner ' ><span class='hr-inner-style'><\/span><\/span><\/div>\n<div  class='av-social-sharing-box  avia-builder-el-7  el_after_av_hr  el_before_av_hr  '><div class='av-share-box'><h5 class='av-share-link-description av-no-toc '>Compartir esta noticia<\/h5><ul class='av-share-box-list noLightbox'><li class='av-share-link av-social-link-facebook' ><a target=\"_blank\" aria-label=\"Compartir en Facebook\" href='https:\/\/www.facebook.com\/sharer.php?u=https:\/\/radiorevelacionfm.cl\/?p=4445&#038;t=Condenan%20a%207%20y%204%20a%C3%B1os%20de%20presidio%20a%20autor%20de%20homicidio%20consumado%20y%20frustrado%20ocurrido%20en%20Puerto%20Ays%C3%A9n' aria-hidden='false' data-av_icon='\ue8f3' data-av_iconfont='entypo-fontello' title='' data-avia-related-tooltip='Compartir en Facebook' rel=\"noopener\"><span class='avia_hidden_link_text'>Compartir en Facebook<\/span><\/a><\/li><li class='av-share-link av-social-link-twitter' ><a target=\"_blank\" aria-label=\"Compartir en Twitter\" href='https:\/\/twitter.com\/share?text=Condenan%20a%207%20y%204%20a%C3%B1os%20de%20presidio%20a%20autor%20de%20homicidio%20consumado%20y%20frustrado%20ocurrido%20en%20Puerto%20Ays%C3%A9n&#038;url=https:\/\/radiorevelacionfm.cl\/?p=4445' aria-hidden='false' data-av_icon='\ue8f1' data-av_iconfont='entypo-fontello' title='' data-avia-related-tooltip='Compartir en Twitter' rel=\"noopener\"><span class='avia_hidden_link_text'>Compartir en Twitter<\/span><\/a><\/li><li class='av-share-link av-social-link-whatsapp' ><a target=\"_blank\" aria-label=\"Compartir en Whatsapp\" href='https:\/\/api.whatsapp.com\/send?text=https:\/\/radiorevelacionfm.cl\/?p=4445' aria-hidden='false' data-av_icon='\uf232' data-av_iconfont='entypo-fontello' title='' data-avia-related-tooltip='Compartir en Whatsapp' rel=\"noopener\"><span class='avia_hidden_link_text'>Compartir en Whatsapp<\/span><\/a><\/li><li class='av-share-link av-social-link-linkedin' ><a target=\"_blank\" aria-label=\"Compartir en LinkedIn\" href='https:\/\/linkedin.com\/shareArticle?mini=true&#038;title=Condenan%20a%207%20y%204%20a%C3%B1os%20de%20presidio%20a%20autor%20de%20homicidio%20consumado%20y%20frustrado%20ocurrido%20en%20Puerto%20Ays%C3%A9n&#038;url=https:\/\/radiorevelacionfm.cl\/?p=4445' aria-hidden='false' data-av_icon='\ue8fc' data-av_iconfont='entypo-fontello' title='' data-avia-related-tooltip='Compartir en LinkedIn' rel=\"noopener\"><span class='avia_hidden_link_text'>Compartir en LinkedIn<\/span><\/a><\/li><li class='av-share-link av-social-link-mail' ><a  aria-label=\"Compartir por correo\" href='mailto:?subject=Condenan%20a%207%20y%204%20a%C3%B1os%20de%20presidio%20a%20autor%20de%20homicidio%20consumado%20y%20frustrado%20ocurrido%20en%20Puerto%20Ays%C3%A9n&#038;body=https:\/\/radiorevelacionfm.cl\/?p=4445' aria-hidden='false' data-av_icon='\ue805' data-av_iconfont='entypo-fontello' title='' data-avia-related-tooltip='Compartir por correo'><span class='avia_hidden_link_text'>Compartir por correo<\/span><\/a><\/li><\/ul><\/div><\/div>\n<div  style='height:50px' class='hr hr-invisible   avia-builder-el-8  el_after_av_social_share  el_before_av_comments_list '><span class='hr-inner ' ><span class='hr-inner-style'><\/span><\/span><\/div>\n<div  class='av-buildercomment  av-blog-meta-html-info-disabled av-blog-meta-tag-disabled  '><\/div>\n","protected":false},"excerpt":{"rendered":"","protected":false},"author":1,"featured_media":0,"comment_status":"open","ping_status":"open","sticky":false,"template":"","format":"standard","meta":{"footnotes":""},"categories":[55],"tags":[],"class_list":["post-4445","post","type-post","status-publish","format-standard","hentry","category-justicia"],"jetpack_featured_media_url":"","_links":{"self":[{"href":"https:\/\/radiorevelacionfm.cl\/index.php?rest_route=\/wp\/v2\/posts\/4445","targetHints":{"allow":["GET"]}}],"collection":[{"href":"https:\/\/radiorevelacionfm.cl\/index.php?rest_route=\/wp\/v2\/posts"}],"about":[{"href":"https:\/\/radiorevelacionfm.cl\/index.php?rest_route=\/wp\/v2\/types\/post"}],"author":[{"embeddable":true,"href":"https:\/\/radiorevelacionfm.cl\/index.php?rest_route=\/wp\/v2\/users\/1"}],"replies":[{"embeddable":true,"href":"https:\/\/radiorevelacionfm.cl\/index.php?rest_route=%2Fwp%2Fv2%2Fcomments&post=4445"}],"version-history":[{"count":3,"href":"https:\/\/radiorevelacionfm.cl\/index.php?rest_route=\/wp\/v2\/posts\/4445\/revisions"}],"predecessor-version":[{"id":4449,"href":"https:\/\/radiorevelacionfm.cl\/index.php?rest_route=\/wp\/v2\/posts\/4445\/revisions\/4449"}],"wp:attachment":[{"href":"https:\/\/radiorevelacionfm.cl\/index.php?rest_route=%2Fwp%2Fv2%2Fmedia&parent=4445"}],"wp:term":[{"taxonomy":"category","embeddable":true,"href":"https:\/\/radiorevelacionfm.cl\/index.php?rest_route=%2Fwp%2Fv2%2Fcategories&post=4445"},{"taxonomy":"post_tag","embeddable":true,"href":"https:\/\/radiorevelacionfm.cl\/index.php?rest_route=%2Fwp%2Fv2%2Ftags&post=4445"}],"curies":[{"name":"wp","href":"https:\/\/api.w.org\/{rel}","templated":true}]}}