{"id":44438,"date":"2024-07-24T16:09:14","date_gmt":"2024-07-24T19:09:14","guid":{"rendered":"https:\/\/radiorevelacionfm.cl\/?p=44438"},"modified":"2024-07-24T16:09:14","modified_gmt":"2024-07-24T19:09:14","slug":"con-festival-invernal-se-celebrara-aniversario-del-parque-nacional-cerro-castillo","status":"publish","type":"post","link":"https:\/\/radiorevelacionfm.cl\/?p=44438","title":{"rendered":"Con festival invernal se celebrar\u00e1 Aniversario del Parque Nacional Cerro Castillo"},"content":{"rendered":"<div class=\"flex_column av_one_full  flex_column_div av-zero-column-padding first  avia-builder-el-0  el_before_av_one_full  avia-builder-el-first  \" style='border-radius:0px; '><div  class='avia-image-container  av-styling-    avia-builder-el-1  avia-builder-el-no-sibling  avia-align-center '  itemprop=\"image\" itemscope=\"itemscope\" itemtype=\"https:\/\/schema.org\/ImageObject\"  ><div class='avia-image-container-inner'><div class='avia-image-overlay-wrap'><img decoding=\"async\" class='wp-image-44440 avia-img-lazy-loading-not-44440 avia_image' src=\"https:\/\/radiorevelacionfm.cl\/wp-content\/uploads\/2024\/07\/poster-carta_aniversario-pncc-1-1_optimized.jpg\" alt='' title='poster-carta_aniversario-pncc-(1)-(1)_optimized' height=\"1034\" width=\"800\"  itemprop=\"thumbnailUrl\" srcset=\"https:\/\/radiorevelacionfm.cl\/wp-content\/uploads\/2024\/07\/poster-carta_aniversario-pncc-1-1_optimized.jpg 800w, https:\/\/radiorevelacionfm.cl\/wp-content\/uploads\/2024\/07\/poster-carta_aniversario-pncc-1-1_optimized-232x300.jpg 232w, https:\/\/radiorevelacionfm.cl\/wp-content\/uploads\/2024\/07\/poster-carta_aniversario-pncc-1-1_optimized-797x1030.jpg 797w, https:\/\/radiorevelacionfm.cl\/wp-content\/uploads\/2024\/07\/poster-carta_aniversario-pncc-1-1_optimized-768x993.jpg 768w, https:\/\/radiorevelacionfm.cl\/wp-content\/uploads\/2024\/07\/poster-carta_aniversario-pncc-1-1_optimized-545x705.jpg 545w, https:\/\/radiorevelacionfm.cl\/wp-content\/uploads\/2024\/07\/poster-carta_aniversario-pncc-1-1_optimized-450x582.jpg 450w, https:\/\/radiorevelacionfm.cl\/wp-content\/uploads\/2024\/07\/poster-carta_aniversario-pncc-1-1_optimized-600x776.jpg 600w\" sizes=\"(max-width: 800px) 100vw, 800px\" \/><\/div><\/div><\/div><\/div><div class=\"flex_column av_one_full  flex_column_div av-zero-column-padding first  avia-builder-el-2  el_after_av_one_full  el_before_av_one_full  column-top-margin\" style='border-radius:0px; '><section class=\"av_textblock_section \"  itemscope=\"itemscope\" itemtype=\"https:\/\/schema.org\/BlogPosting\" itemprop=\"blogPost\" ><div class='avia_textblock  '   itemprop=\"text\" ><p style=\"text-align: center;\"><strong><span style=\"font-size: 18pt;\">Con festival invernal se celebrar\u00e1 Aniversario del Parque Nacional Cerro Castillo<\/span><\/strong><\/p>\n<div id=\"gtx-trans\" style=\"position: absolute; left: -50px; top: 4.31534px;\">\n<div class=\"gtx-trans-icon\"><\/div>\n<\/div>\n<\/div><\/section><\/div><div class=\"flex_column av_one_full  flex_column_div av-zero-column-padding first  avia-builder-el-4  el_after_av_one_full  el_before_av_hr  column-top-margin\" style='border-radius:0px; '><section class=\"av_textblock_section \"  itemscope=\"itemscope\" itemtype=\"https:\/\/schema.org\/BlogPosting\" itemprop=\"blogPost\" ><div class='avia_textblock  '   itemprop=\"text\" ><p dir=\"ltr\" style=\"text-align: justify;\"><em>Una serie de actividades gratuitas y abiertas a la comunidad se han preparado para conmemorar por primera vez el \u00e1rea protegida, cuyo foco estar\u00e1 puesto en la importancia de la conservaci\u00f3n de la biodiversidad.<\/em><\/p>\n<p dir=\"ltr\" style=\"text-align: justify;\">Creada en 1970 como reserva nacional, Cerro Castillo fue recategorizado a Parque Nacional como parte del acuerdo firmado entre el Estado de Chile y Tompkins Conservation en 2018. Seis a\u00f1os han transcurrido desde ese hito y hoy diversas organizaciones locales se han unido para dar vida a una celebraci\u00f3n inspirada en el valor de su patrimonio natural.<\/p>\n<p dir=\"ltr\" style=\"text-align: justify;\">La conmemoraci\u00f3n comenzar\u00e1 el viernes 26 con el Santiago Wild Fest on Tour, el festival de cine de medioambiente y vida salvaje de Ladera Sur. El encuentro comenzar\u00e1 a las 18:30 en la sede del adulto mayor y se proyectar\u00e1 una selecci\u00f3n de interesantes documentales desarrollados por diversos realizadores audiovisuales de latinoam\u00e9rica.<\/p>\n<p dir=\"ltr\" style=\"text-align: justify;\">El s\u00e1bado 27, la invitaci\u00f3n es a trasladarse al sector del Portezuelo Ib\u00e1\u00f1ez para disfrutar de una serie de entretenidas actividades invernales para toda la familia. Desde las 10 de la ma\u00f1ana hasta las 14:00 horas se podr\u00e1 participar de caminatas con raquetas de nieve para conocer los principios de No Deje Rastro, concurso de monos de nieve de fauna silvestre y tambi\u00e9n de carrera de trineos. Estas actividades son con cupos y las inscripciones comenzar\u00e1n a las 10:30 de la ma\u00f1ana. En paralelo, habr\u00e1 un domo en donde artesanas y productores locales estar\u00e1n ofreciendo sus creaciones, adem\u00e1s de stands informativos de naturaleza, conservaci\u00f3n y vida al aire libre, de Conaf, fundaci\u00f3n Rewilding Chile y Nols.<\/p>\n<p dir=\"ltr\" style=\"text-align: justify;\">\u00abLa invitaci\u00f3n es a conectar con la belleza y biodiversidad de nuestro Parque Nacional, refugio del huemul, especie en peligro de extinci\u00f3n. A trav\u00e9s de esta fiesta comunitaria queremos incentivar a las comunidades aleda\u00f1as al \u00e1rea protegida, a proteger este valioso ecosistema\u00bb, explic\u00f3 Carola Cerda, directora de vinculaci\u00f3n comunitaria de Fundaci\u00f3n Rewilding Chile.<\/p>\n<p dir=\"ltr\" style=\"text-align: justify;\">El aniversario es organizado por Conaf y Fundaci\u00f3n Rewilding Chile a trav\u00e9s del programa Amigos del Parque Nacional Cerro Castillo y cuenta con la colaboraci\u00f3n de Municipalidad de R\u00edo Ib\u00e1\u00f1ez, Nols, Quelequen Rugby Club, Corporaci\u00f3n de Turismo Parque Nacional y Villa Cerro Castillo, Club Andino de Cerro Castillo y Ladera Sur.<\/p>\n<\/div><\/section><\/div><div  style='height:50px' class='hr hr-invisible   avia-builder-el-6  el_after_av_one_full  el_before_av_social_share '><span class='hr-inner ' ><span class='hr-inner-style'><\/span><\/span><\/div><\/p>\n<div  class='av-social-sharing-box  avia-builder-el-7  el_after_av_hr  el_before_av_hr  '><div class='av-share-box'><h5 class='av-share-link-description av-no-toc '>Compartir esta noticia<\/h5><ul class='av-share-box-list noLightbox'><li class='av-share-link av-social-link-facebook' ><a target=\"_blank\" aria-label=\"Compartir en Facebook\" href='https:\/\/www.facebook.com\/sharer.php?u=https:\/\/radiorevelacionfm.cl\/?p=44438&#038;t=Con%20festival%20invernal%20se%20celebrar%C3%A1%20Aniversario%20del%20Parque%20Nacional%20Cerro%20Castillo' aria-hidden='false' data-av_icon='\ue8f3' data-av_iconfont='entypo-fontello' title='' data-avia-related-tooltip='Compartir en Facebook' rel=\"noopener\"><span class='avia_hidden_link_text'>Compartir en Facebook<\/span><\/a><\/li><li class='av-share-link av-social-link-twitter' ><a target=\"_blank\" aria-label=\"Compartir en Twitter\" href='https:\/\/twitter.com\/share?text=Con%20festival%20invernal%20se%20celebrar%C3%A1%20Aniversario%20del%20Parque%20Nacional%20Cerro%20Castillo&#038;url=https:\/\/radiorevelacionfm.cl\/?p=44438' aria-hidden='false' data-av_icon='\ue8f1' data-av_iconfont='entypo-fontello' title='' data-avia-related-tooltip='Compartir en Twitter' rel=\"noopener\"><span class='avia_hidden_link_text'>Compartir en Twitter<\/span><\/a><\/li><li class='av-share-link av-social-link-whatsapp' ><a target=\"_blank\" aria-label=\"Compartir en Whatsapp\" href='https:\/\/api.whatsapp.com\/send?text=https:\/\/radiorevelacionfm.cl\/?p=44438' aria-hidden='false' data-av_icon='\uf232' data-av_iconfont='entypo-fontello' title='' data-avia-related-tooltip='Compartir en Whatsapp' rel=\"noopener\"><span class='avia_hidden_link_text'>Compartir en Whatsapp<\/span><\/a><\/li><li class='av-share-link av-social-link-linkedin' ><a target=\"_blank\" aria-label=\"Compartir en LinkedIn\" href='https:\/\/linkedin.com\/shareArticle?mini=true&#038;title=Con%20festival%20invernal%20se%20celebrar%C3%A1%20Aniversario%20del%20Parque%20Nacional%20Cerro%20Castillo&#038;url=https:\/\/radiorevelacionfm.cl\/?p=44438' aria-hidden='false' data-av_icon='\ue8fc' data-av_iconfont='entypo-fontello' title='' data-avia-related-tooltip='Compartir en LinkedIn' rel=\"noopener\"><span class='avia_hidden_link_text'>Compartir en LinkedIn<\/span><\/a><\/li><li class='av-share-link av-social-link-mail' ><a  aria-label=\"Compartir por correo\" href='mailto:?subject=Con%20festival%20invernal%20se%20celebrar%C3%A1%20Aniversario%20del%20Parque%20Nacional%20Cerro%20Castillo&#038;body=https:\/\/radiorevelacionfm.cl\/?p=44438' aria-hidden='false' data-av_icon='\ue805' data-av_iconfont='entypo-fontello' title='' data-avia-related-tooltip='Compartir por correo'><span class='avia_hidden_link_text'>Compartir por correo<\/span><\/a><\/li><\/ul><\/div><\/div>\n<div  style='height:50px' class='hr hr-invisible   avia-builder-el-8  el_after_av_social_share  el_before_av_comments_list '><span class='hr-inner ' ><span class='hr-inner-style'><\/span><\/span><\/div>\n<div  class='av-buildercomment  av-blog-meta-html-info-disabled av-blog-meta-tag-disabled  '><\/div>\n","protected":false},"excerpt":{"rendered":"","protected":false},"author":1,"featured_media":44440,"comment_status":"open","ping_status":"open","sticky":false,"template":"","format":"standard","meta":{"footnotes":""},"categories":[54],"tags":[],"class_list":["post-44438","post","type-post","status-publish","format-standard","has-post-thumbnail","hentry","category-turismo"],"jetpack_featured_media_url":"https:\/\/radiorevelacionfm.cl\/wp-content\/uploads\/2024\/07\/poster-carta_aniversario-pncc-1-1_optimized.jpg","_links":{"self":[{"href":"https:\/\/radiorevelacionfm.cl\/index.php?rest_route=\/wp\/v2\/posts\/44438","targetHints":{"allow":["GET"]}}],"collection":[{"href":"https:\/\/radiorevelacionfm.cl\/index.php?rest_route=\/wp\/v2\/posts"}],"about":[{"href":"https:\/\/radiorevelacionfm.cl\/index.php?rest_route=\/wp\/v2\/types\/post"}],"author":[{"embeddable":true,"href":"https:\/\/radiorevelacionfm.cl\/index.php?rest_route=\/wp\/v2\/users\/1"}],"replies":[{"embeddable":true,"href":"https:\/\/radiorevelacionfm.cl\/index.php?rest_route=%2Fwp%2Fv2%2Fcomments&post=44438"}],"version-history":[{"count":1,"href":"https:\/\/radiorevelacionfm.cl\/index.php?rest_route=\/wp\/v2\/posts\/44438\/revisions"}],"predecessor-version":[{"id":44441,"href":"https:\/\/radiorevelacionfm.cl\/index.php?rest_route=\/wp\/v2\/posts\/44438\/revisions\/44441"}],"wp:featuredmedia":[{"embeddable":true,"href":"https:\/\/radiorevelacionfm.cl\/index.php?rest_route=\/wp\/v2\/media\/44440"}],"wp:attachment":[{"href":"https:\/\/radiorevelacionfm.cl\/index.php?rest_route=%2Fwp%2Fv2%2Fmedia&parent=44438"}],"wp:term":[{"taxonomy":"category","embeddable":true,"href":"https:\/\/radiorevelacionfm.cl\/index.php?rest_route=%2Fwp%2Fv2%2Fcategories&post=44438"},{"taxonomy":"post_tag","embeddable":true,"href":"https:\/\/radiorevelacionfm.cl\/index.php?rest_route=%2Fwp%2Fv2%2Ftags&post=44438"}],"curies":[{"name":"wp","href":"https:\/\/api.w.org\/{rel}","templated":true}]}}