{"id":44435,"date":"2024-07-24T18:22:21","date_gmt":"2024-07-24T21:22:21","guid":{"rendered":"https:\/\/radiorevelacionfm.cl\/?p=44435"},"modified":"2024-07-24T18:22:21","modified_gmt":"2024-07-24T21:22:21","slug":"mesa-regional-de-equidad-define-estrategias-para-abordar-determinantes-sociales-en-salud","status":"publish","type":"post","link":"https:\/\/radiorevelacionfm.cl\/?p=44435","title":{"rendered":"Mesa Regional de Equidad define estrategias para abordar determinantes sociales en Salud"},"content":{"rendered":"<div class=\"flex_column av_one_full  flex_column_div av-zero-column-padding first  avia-builder-el-0  el_before_av_one_full  avia-builder-el-first  \" style='border-radius:0px; '><div  class='avia-image-container  av-styling-    avia-builder-el-1  avia-builder-el-no-sibling  avia-align-center '  itemprop=\"image\" itemscope=\"itemscope\" itemtype=\"https:\/\/schema.org\/ImageObject\"  ><div class='avia-image-container-inner'><div class='avia-image-overlay-wrap'><img decoding=\"async\" class='wp-image-44436 avia-img-lazy-loading-not-44436 avia_image' src=\"https:\/\/radiorevelacionfm.cl\/wp-content\/uploads\/2024\/07\/mesa-de-equidad-salud-1-1_optimized.jpg\" alt='' title='mesa-de-equidad-salud-(1)-(1)_optimized' height=\"600\" width=\"1067\"  itemprop=\"thumbnailUrl\" srcset=\"https:\/\/radiorevelacionfm.cl\/wp-content\/uploads\/2024\/07\/mesa-de-equidad-salud-1-1_optimized.jpg 1067w, https:\/\/radiorevelacionfm.cl\/wp-content\/uploads\/2024\/07\/mesa-de-equidad-salud-1-1_optimized-300x169.jpg 300w, https:\/\/radiorevelacionfm.cl\/wp-content\/uploads\/2024\/07\/mesa-de-equidad-salud-1-1_optimized-1030x579.jpg 1030w, https:\/\/radiorevelacionfm.cl\/wp-content\/uploads\/2024\/07\/mesa-de-equidad-salud-1-1_optimized-768x432.jpg 768w, https:\/\/radiorevelacionfm.cl\/wp-content\/uploads\/2024\/07\/mesa-de-equidad-salud-1-1_optimized-705x396.jpg 705w, https:\/\/radiorevelacionfm.cl\/wp-content\/uploads\/2024\/07\/mesa-de-equidad-salud-1-1_optimized-450x253.jpg 450w, https:\/\/radiorevelacionfm.cl\/wp-content\/uploads\/2024\/07\/mesa-de-equidad-salud-1-1_optimized-600x337.jpg 600w\" sizes=\"(max-width: 1067px) 100vw, 1067px\" \/><\/div><\/div><\/div><\/div><div class=\"flex_column av_one_full  flex_column_div av-zero-column-padding first  avia-builder-el-2  el_after_av_one_full  el_before_av_one_full  column-top-margin\" style='border-radius:0px; '><section class=\"av_textblock_section \"  itemscope=\"itemscope\" itemtype=\"https:\/\/schema.org\/BlogPosting\" itemprop=\"blogPost\" ><div class='avia_textblock  '   itemprop=\"text\" ><p style=\"text-align: center;\"><strong><span style=\"font-size: 18pt;\">Mesa Regional de Equidad define estrategias para abordar determinantes sociales en Salud<\/span><\/strong><\/p>\n<div id=\"gtx-trans\" style=\"position: absolute; left: -50px; top: 4.31534px;\">\n<div class=\"gtx-trans-icon\"><\/div>\n<\/div>\n<\/div><\/section><\/div><div class=\"flex_column av_one_full  flex_column_div av-zero-column-padding first  avia-builder-el-4  el_after_av_one_full  el_before_av_hr  column-top-margin\" style='border-radius:0px; '><section class=\"av_textblock_section \"  itemscope=\"itemscope\" itemtype=\"https:\/\/schema.org\/BlogPosting\" itemprop=\"blogPost\" ><div class='avia_textblock  '   itemprop=\"text\" ><p style=\"text-align: justify;\">La instancia se enmarca dentro de las acciones de la Reforma de Salud, teniendo por finalidad la generaci\u00f3n y ejecuci\u00f3n de una planificaci\u00f3n participativa e intersectorial en pro de mejorar el bienestar integral de los habitantes de la regi\u00f3n.<\/p>\n<p style=\"text-align: justify;\">Al hablar de salud y calidad de vida, las determinantes sociales, es decir, las condiciones socioecon\u00f3micas y f\u00edsicas del lugar donde una persona nace, vive, estudia, trabaja, y envejece, son clave para la elaboraci\u00f3n de pol\u00edticas p\u00fablicas atingentes al territorio, que aborden de manera integral la realidad de sus habitantes.<\/p>\n<p style=\"text-align: justify;\">Es en este contexto que durante el primer semestre de este a\u00f1o se conform\u00f3 la Mesa Regional de Equidad, instancia que se enmarca dentro de la Reforma de Salud impulsada por el Presidente Boric y liderada por la Seremi de Salud Ays\u00e9n, la que est\u00e1 compuesta por m\u00e1s de 20 instituciones, incluyendo consejos de la sociedad civil, servicios p\u00fablicos y la academia.<\/p>\n<p style=\"text-align: justify;\">El principal objetivo de esta Mesa de Equidad es asesorar al Gobierno Regional en la generaci\u00f3n y ejecuci\u00f3n de una planificaci\u00f3n participativa e intersectorial, abordando las determinantes sociales de la salud, impulsando la cobertura universal de \u00e9sta y contribuir en la generaci\u00f3n de condiciones de vida saludables de la poblaci\u00f3n con equidad.<\/p>\n<p style=\"text-align: justify;\">\u201cLa Comisi\u00f3n de Equidad lo que busca es reflotar la historia de esfuerzo que hemos hecho en las \u00faltimas tres d\u00e9cadas de planificaci\u00f3n sanitaria, donde se ha identificado que avanzar en condiciones de equidad en torno a las oportunidades que podamos tener para desenvolvernos, es fundamental y determinante para la forma en que vivimos nuestra salud y bienestar\u201d, indic\u00f3 Carmen Monsalve G\u00f3mez, seremi de Salud Ays\u00e9n\u201d.<\/p>\n<p style=\"text-align: justify;\">En ese sentido, la autoridad sanitaria hizo hincapi\u00e9 en que esta acci\u00f3n viene a fortalecer la estructura a nivel regional, siendo su eje principal \u201caunar esfuerzos intersectoriales, buscando focos de articulaci\u00f3n e intervenci\u00f3n coordinados para abordar los problemas de salud p\u00fablica en donde identificamos determinantes sociales y vemos que hay una mayor afectaci\u00f3n a la poblaci\u00f3n\u201d, precis\u00f3.<\/p>\n<p style=\"text-align: justify;\"><strong>SALUD INTEGRAL<\/strong><\/p>\n<p style=\"text-align: justify;\">Uno de los primeros ejes a abordar por la Mesa de Equidad a trav\u00e9s de la subcomisi\u00f3n de entornos saludables, es el sobrepeso y obesidad infantil, donde la regi\u00f3n de Ays\u00e9n est\u00e1 por sobre el promedio nacional, siendo las comunas con mayor \u00edndice de obesidad en ni\u00f1os Coyhaique, Cisnes y Guaitecas.<\/p>\n<p style=\"text-align: justify;\">\u201cEn este caso, en torno a la equidad de las determinantes sociales identificamos que tienen un aporte importante que hacer Agricultura, Transporte, Educaci\u00f3n, Deporte y Vivienda, entre otros. De esa forma, vamos construyendo un plan de abordaje que incorpora varias l\u00edneas que se relacionan, por ejemplo, con el acceso a productos saludables\u201d, explica la autoridad sanitaria.<\/p>\n<p style=\"text-align: justify;\">Justamente desde esta visi\u00f3n integral, la Municipalidad de Coyhaique tambi\u00e9n es parte de esta instancia. \u201cDesde nuestro espacio queremos colaborar con nuestros vecinos y vecinas, trabajando en el bienestar de la poblaci\u00f3n y tambi\u00e9n ser un aporte en la prevenci\u00f3n y promoci\u00f3n de la salud\u201d, destac\u00f3 la concejala Ana Mar\u00eda Navarrete, quien preside la Comisi\u00f3n de Salud del Concejo Municipal.<\/p>\n<p style=\"text-align: justify;\">Por su parte, el seremi de Agricultura, Eugenio Ruiz, sostuvo que esta visi\u00f3n integral de la salud es clave para avanzar en el bienestar de los habitantes de la regi\u00f3n, sobre todo considerando los altos \u00edndices de ruralidad en la zona.<\/p>\n<p style=\"text-align: justify;\">\u201cPara llegar a una buena calidad de vida, necesitamos una buena salud, y desde Agricultura tenemos mucho que aportar en este \u00e1mbito en nuestro territorio, principalmente del mundo campesino\u201d, dijo el seremi de Agricultura.<\/p>\n<p style=\"text-align: justify;\">En tanto, desde esta mirada interdisciplinaria, la secretaria regional ministerial de Deporte, Mar\u00eda Eugenia Dur\u00e1n, destac\u00f3 el aporte de la actividad f\u00edsica no s\u00f3lo a nivel cardiovascular, sino tambi\u00e9n los beneficios de \u00e9ste para la salud mental y la sana convivencia.<\/p>\n<p style=\"text-align: justify;\">\u201cLa participaci\u00f3n en esta Comisi\u00f3n de Equidad es muy relevante, ya que debemos seguir promocionando h\u00e1bitos saludables, actividad f\u00edsica y deporte en la poblaci\u00f3n. Como instituci\u00f3n estamos desplegados en las 10 comunas de la regi\u00f3n, por lo tanto, esta estrategia es muy importante para poder llegar donde m\u00e1s se requiere, mejorando la convivencia escolar, disminuyendo los \u00edndices de obesidad, episodios de violencia y fortaleciendo la salud mental en nuestra poblaci\u00f3n\u201d, precis\u00f3 Mar\u00eda Eugenia Dur\u00e1n.<\/p>\n<\/div><\/section><\/div><div  style='height:50px' class='hr hr-invisible   avia-builder-el-6  el_after_av_one_full  el_before_av_social_share '><span class='hr-inner ' ><span class='hr-inner-style'><\/span><\/span><\/div><\/p>\n<div  class='av-social-sharing-box  avia-builder-el-7  el_after_av_hr  el_before_av_hr  '><div class='av-share-box'><h5 class='av-share-link-description av-no-toc '>Compartir esta noticia<\/h5><ul class='av-share-box-list noLightbox'><li class='av-share-link av-social-link-facebook' ><a target=\"_blank\" aria-label=\"Compartir en Facebook\" href='https:\/\/www.facebook.com\/sharer.php?u=https:\/\/radiorevelacionfm.cl\/?p=44435&#038;t=Mesa%20Regional%20de%20Equidad%20define%20estrategias%20para%20abordar%20determinantes%20sociales%20en%20Salud' aria-hidden='false' data-av_icon='\ue8f3' data-av_iconfont='entypo-fontello' title='' data-avia-related-tooltip='Compartir en Facebook' rel=\"noopener\"><span class='avia_hidden_link_text'>Compartir en Facebook<\/span><\/a><\/li><li class='av-share-link av-social-link-twitter' ><a target=\"_blank\" aria-label=\"Compartir en Twitter\" href='https:\/\/twitter.com\/share?text=Mesa%20Regional%20de%20Equidad%20define%20estrategias%20para%20abordar%20determinantes%20sociales%20en%20Salud&#038;url=https:\/\/radiorevelacionfm.cl\/?p=44435' aria-hidden='false' data-av_icon='\ue8f1' data-av_iconfont='entypo-fontello' title='' data-avia-related-tooltip='Compartir en Twitter' rel=\"noopener\"><span class='avia_hidden_link_text'>Compartir en Twitter<\/span><\/a><\/li><li class='av-share-link av-social-link-whatsapp' ><a target=\"_blank\" aria-label=\"Compartir en Whatsapp\" href='https:\/\/api.whatsapp.com\/send?text=https:\/\/radiorevelacionfm.cl\/?p=44435' aria-hidden='false' data-av_icon='\uf232' data-av_iconfont='entypo-fontello' title='' data-avia-related-tooltip='Compartir en Whatsapp' rel=\"noopener\"><span class='avia_hidden_link_text'>Compartir en Whatsapp<\/span><\/a><\/li><li class='av-share-link av-social-link-linkedin' ><a target=\"_blank\" aria-label=\"Compartir en LinkedIn\" href='https:\/\/linkedin.com\/shareArticle?mini=true&#038;title=Mesa%20Regional%20de%20Equidad%20define%20estrategias%20para%20abordar%20determinantes%20sociales%20en%20Salud&#038;url=https:\/\/radiorevelacionfm.cl\/?p=44435' aria-hidden='false' data-av_icon='\ue8fc' data-av_iconfont='entypo-fontello' title='' data-avia-related-tooltip='Compartir en LinkedIn' rel=\"noopener\"><span class='avia_hidden_link_text'>Compartir en LinkedIn<\/span><\/a><\/li><li class='av-share-link av-social-link-mail' ><a  aria-label=\"Compartir por correo\" href='mailto:?subject=Mesa%20Regional%20de%20Equidad%20define%20estrategias%20para%20abordar%20determinantes%20sociales%20en%20Salud&#038;body=https:\/\/radiorevelacionfm.cl\/?p=44435' aria-hidden='false' data-av_icon='\ue805' data-av_iconfont='entypo-fontello' title='' data-avia-related-tooltip='Compartir por correo'><span class='avia_hidden_link_text'>Compartir por correo<\/span><\/a><\/li><\/ul><\/div><\/div>\n<div  style='height:50px' class='hr hr-invisible   avia-builder-el-8  el_after_av_social_share  el_before_av_comments_list '><span class='hr-inner ' ><span class='hr-inner-style'><\/span><\/span><\/div>\n<div  class='av-buildercomment  av-blog-meta-html-info-disabled av-blog-meta-tag-disabled  '><\/div>\n","protected":false},"excerpt":{"rendered":"","protected":false},"author":1,"featured_media":44436,"comment_status":"open","ping_status":"open","sticky":false,"template":"","format":"standard","meta":{"footnotes":""},"categories":[46],"tags":[],"class_list":["post-44435","post","type-post","status-publish","format-standard","has-post-thumbnail","hentry","category-salud"],"jetpack_featured_media_url":"https:\/\/radiorevelacionfm.cl\/wp-content\/uploads\/2024\/07\/mesa-de-equidad-salud-1-1_optimized.jpg","_links":{"self":[{"href":"https:\/\/radiorevelacionfm.cl\/index.php?rest_route=\/wp\/v2\/posts\/44435","targetHints":{"allow":["GET"]}}],"collection":[{"href":"https:\/\/radiorevelacionfm.cl\/index.php?rest_route=\/wp\/v2\/posts"}],"about":[{"href":"https:\/\/radiorevelacionfm.cl\/index.php?rest_route=\/wp\/v2\/types\/post"}],"author":[{"embeddable":true,"href":"https:\/\/radiorevelacionfm.cl\/index.php?rest_route=\/wp\/v2\/users\/1"}],"replies":[{"embeddable":true,"href":"https:\/\/radiorevelacionfm.cl\/index.php?rest_route=%2Fwp%2Fv2%2Fcomments&post=44435"}],"version-history":[{"count":1,"href":"https:\/\/radiorevelacionfm.cl\/index.php?rest_route=\/wp\/v2\/posts\/44435\/revisions"}],"predecessor-version":[{"id":44437,"href":"https:\/\/radiorevelacionfm.cl\/index.php?rest_route=\/wp\/v2\/posts\/44435\/revisions\/44437"}],"wp:featuredmedia":[{"embeddable":true,"href":"https:\/\/radiorevelacionfm.cl\/index.php?rest_route=\/wp\/v2\/media\/44436"}],"wp:attachment":[{"href":"https:\/\/radiorevelacionfm.cl\/index.php?rest_route=%2Fwp%2Fv2%2Fmedia&parent=44435"}],"wp:term":[{"taxonomy":"category","embeddable":true,"href":"https:\/\/radiorevelacionfm.cl\/index.php?rest_route=%2Fwp%2Fv2%2Fcategories&post=44435"},{"taxonomy":"post_tag","embeddable":true,"href":"https:\/\/radiorevelacionfm.cl\/index.php?rest_route=%2Fwp%2Fv2%2Ftags&post=44435"}],"curies":[{"name":"wp","href":"https:\/\/api.w.org\/{rel}","templated":true}]}}