{"id":44432,"date":"2024-07-24T19:14:44","date_gmt":"2024-07-24T22:14:44","guid":{"rendered":"https:\/\/radiorevelacionfm.cl\/?p=44432"},"modified":"2024-07-24T19:14:44","modified_gmt":"2024-07-24T22:14:44","slug":"ministerio-de-mineria-invita-a-participar-en-consulta-ciudadana-para-actualizar-reglamento-de-relaves","status":"publish","type":"post","link":"https:\/\/radiorevelacionfm.cl\/?p=44432","title":{"rendered":"Ministerio de Miner\u00eda invita a participar en consulta ciudadana para actualizar reglamento de relaves"},"content":{"rendered":"<div class=\"flex_column av_one_full  flex_column_div av-zero-column-padding first  avia-builder-el-0  el_before_av_one_full  avia-builder-el-first  \" style='border-radius:0px; '><div  class='avia-image-container  av-styling-    avia-builder-el-1  avia-builder-el-no-sibling  avia-align-center '  itemprop=\"image\" itemscope=\"itemscope\" itemtype=\"https:\/\/schema.org\/ImageObject\"  ><div class='avia-image-container-inner'><div class='avia-image-overlay-wrap'><img decoding=\"async\" class='wp-image-44433 avia-img-lazy-loading-not-44433 avia_image' src=\"https:\/\/radiorevelacionfm.cl\/wp-content\/uploads\/2024\/07\/relave2-1-1.jpg\" alt='' title='relave2 (1) (1)' height=\"600\" width=\"800\"  itemprop=\"thumbnailUrl\" srcset=\"https:\/\/radiorevelacionfm.cl\/wp-content\/uploads\/2024\/07\/relave2-1-1.jpg 800w, https:\/\/radiorevelacionfm.cl\/wp-content\/uploads\/2024\/07\/relave2-1-1-300x225.jpg 300w, https:\/\/radiorevelacionfm.cl\/wp-content\/uploads\/2024\/07\/relave2-1-1-768x576.jpg 768w, https:\/\/radiorevelacionfm.cl\/wp-content\/uploads\/2024\/07\/relave2-1-1-705x529.jpg 705w, https:\/\/radiorevelacionfm.cl\/wp-content\/uploads\/2024\/07\/relave2-1-1-450x338.jpg 450w, https:\/\/radiorevelacionfm.cl\/wp-content\/uploads\/2024\/07\/relave2-1-1-600x450.jpg 600w\" sizes=\"(max-width: 800px) 100vw, 800px\" \/><\/div><\/div><\/div><\/div><div class=\"flex_column av_one_full  flex_column_div av-zero-column-padding first  avia-builder-el-2  el_after_av_one_full  el_before_av_one_full  column-top-margin\" style='border-radius:0px; '><section class=\"av_textblock_section \"  itemscope=\"itemscope\" itemtype=\"https:\/\/schema.org\/BlogPosting\" itemprop=\"blogPost\" ><div class='avia_textblock  '   itemprop=\"text\" ><p style=\"text-align: center;\"><strong><span style=\"font-size: 18pt;\">Ministerio de Miner\u00eda invita a participar en consulta ciudadana para actualizar reglamento de relaves<\/span><\/strong><\/p>\n<div id=\"gtx-trans\" style=\"position: absolute; left: -50px; top: 4.31534px;\">\n<div class=\"gtx-trans-icon\"><\/div>\n<\/div>\n<\/div><\/section><\/div><div class=\"flex_column av_one_full  flex_column_div av-zero-column-padding first  avia-builder-el-4  el_after_av_one_full  el_before_av_hr  column-top-margin\" style='border-radius:0px; '><section class=\"av_textblock_section \"  itemscope=\"itemscope\" itemtype=\"https:\/\/schema.org\/BlogPosting\" itemprop=\"blogPost\" ><div class='avia_textblock  '   itemprop=\"text\" ><p dir=\"ltr\" style=\"text-align: justify;\"><em>Hasta el 12 de agosto del presente a\u00f1o se pueden enviar observaciones desde cualquier parte del pa\u00eds, ya que la consulta es en modalidad en l\u00ednea, a trav\u00e9s de la plataforma <a href=\"https:\/\/participa.minmineria.gob.cl\/\" target=\"_blank\" rel=\"noopener noreferrer\">https:\/\/participa.minmineria.gob.cl\/<\/a><\/em><\/p>\n<p dir=\"ltr\" style=\"text-align: justify;\">Con el objetivo de actualizar la normativa vigente sobre dep\u00f3sitos de relaves, el Ministerio de Miner\u00eda implement\u00f3 un proceso de consulta ciudadana en una plataforma en l\u00ednea que busca una adecuaci\u00f3n del reglamento actual, considerando los est\u00e1ndares internacionales, y recogiendo las mejores pr\u00e1cticas adapt\u00e1ndolas a la industria minera nacional.<\/p>\n<p dir=\"ltr\" style=\"text-align: justify;\">Al respecto, el Secretario Regional de Miner\u00eda, Juan V\u00e1squez Alarc\u00f3n, inform\u00f3 adem\u00e1s, que como Ministerio de Miner\u00eda se busca establecer un reglamento que considere los avances en la ingenier\u00eda de relaves, especialmente en las nuevas formas de disposici\u00f3n de estos, y la experiencia nacional e internacional en estudios de fallas. A su vez, pretende fijar reglas claras para los proyectos que contemplen la extracci\u00f3n de relaves desde dep\u00f3sitos existentes y establecer requerimientos precisos que proporcionen a los usuarios herramientas para presentar mejores proyectos de relaves.<\/p>\n<p dir=\"ltr\" style=\"text-align: justify;\">Por lo anterior, el Seremi de Miner\u00eda de Ays\u00e9n realiz\u00f3 una invitaci\u00f3n a la ciudadan\u00eda a participar de este importante proceso. \u00abEl Ministerio de Miner\u00eda invita a los vecinos e interesados a participar en la consulta p\u00fablica ciudadana sobre el nuevo reglamento de relaves, contenido en el Decreto Supremo N\u00b0 248 del 2006. Este reglamento regula el dise\u00f1o, la construcci\u00f3n y operaci\u00f3n de los proyectos de relaves. Sumarse a esta invitaci\u00f3n es muy importante para asegurar que las nuevas regulaciones incorporen mejores pr\u00e1cticas para la industria minera y que contemos con las visiones regionales. Contamos hasta el 12 de agosto del presente a\u00f1o para enviar sus observaciones desde cualquier parte del pa\u00eds, ya que la consulta es en modalidad en l\u00ednea, a trav\u00e9s de la plataforma\u00a0<a href=\"https:\/\/participa.minmineria.gob.cl\/\" target=\"_blank\" rel=\"noopener noreferrer\">https:\/\/participa.minmineria.gob.cl\/<\/a>\u00a0\u00ab, puntualiz\u00f3 la autoridad.<\/p>\n<p dir=\"ltr\" style=\"text-align: justify;\">Cabe se\u00f1alar que desde la promulgaci\u00f3n del Decreto Supremo N\u00b0 248 en 2006 del Ministerio de Miner\u00eda, la supervisi\u00f3n y fiscalizaci\u00f3n est\u00e1n aseguradas mediante la responsabilidad otorgada al Servicio Nacional de Geolog\u00eda y Miner\u00eda (SERNAGEOMIN), organismo que vela por el cumplimiento de las disposiciones del reglamento, realizando inspecciones t\u00e9cnicas peri\u00f3dicas y respondiendo oportunamente a cualquier irregularidad.\u00a0 La propuesta de un nuevo reglamento que regular\u00e1 el dise\u00f1o, construcci\u00f3n y operaci\u00f3n de los proyectos de relaves, contenida en el Decreto Supremo N\u00b0 248, abordar\u00e1 aspectos cr\u00edticos para la gesti\u00f3n futura de estos dep\u00f3sitos. Se plantea que la clasificaci\u00f3n de los dep\u00f3sitos de relaves ser\u00e1 clara y espec\u00edfica, considerando variables t\u00e9cnicas, ambientales y socioecon\u00f3micas. El dise\u00f1o abordar\u00e1 las mejores pr\u00e1cticas internacionales y tecnolog\u00edas avanzadas, con la participaci\u00f3n de comunidades y expertos multidisciplinarios. En la construcci\u00f3n, se implementar\u00e1n estrictos controles de calidad y seguridad, supervisados por entidades independientes para garantizar la transparencia. La operaci\u00f3n de estos proyectos ser\u00e1 gestionada bajo un marco de sostenibilidad, minimizando impactos ambientales y maximizando beneficios econ\u00f3micos y sociales, con constante capacitaci\u00f3n del personal.<\/p>\n<\/div><\/section><\/div><div  style='height:50px' class='hr hr-invisible   avia-builder-el-6  el_after_av_one_full  el_before_av_social_share '><span class='hr-inner ' ><span class='hr-inner-style'><\/span><\/span><\/div><\/p>\n<div  class='av-social-sharing-box  avia-builder-el-7  el_after_av_hr  el_before_av_hr  '><div class='av-share-box'><h5 class='av-share-link-description av-no-toc '>Compartir esta noticia<\/h5><ul class='av-share-box-list noLightbox'><li class='av-share-link av-social-link-facebook' ><a target=\"_blank\" aria-label=\"Compartir en Facebook\" href='https:\/\/www.facebook.com\/sharer.php?u=https:\/\/radiorevelacionfm.cl\/?p=44432&#038;t=Ministerio%20de%20Miner%C3%ADa%20invita%20a%20participar%20en%20consulta%20ciudadana%20para%20actualizar%20reglamento%20de%20relaves' aria-hidden='false' data-av_icon='\ue8f3' data-av_iconfont='entypo-fontello' title='' data-avia-related-tooltip='Compartir en Facebook' rel=\"noopener\"><span class='avia_hidden_link_text'>Compartir en Facebook<\/span><\/a><\/li><li class='av-share-link av-social-link-twitter' ><a target=\"_blank\" aria-label=\"Compartir en Twitter\" href='https:\/\/twitter.com\/share?text=Ministerio%20de%20Miner%C3%ADa%20invita%20a%20participar%20en%20consulta%20ciudadana%20para%20actualizar%20reglamento%20de%20relaves&#038;url=https:\/\/radiorevelacionfm.cl\/?p=44432' aria-hidden='false' data-av_icon='\ue8f1' data-av_iconfont='entypo-fontello' title='' data-avia-related-tooltip='Compartir en Twitter' rel=\"noopener\"><span class='avia_hidden_link_text'>Compartir en Twitter<\/span><\/a><\/li><li class='av-share-link av-social-link-whatsapp' ><a target=\"_blank\" aria-label=\"Compartir en Whatsapp\" href='https:\/\/api.whatsapp.com\/send?text=https:\/\/radiorevelacionfm.cl\/?p=44432' aria-hidden='false' data-av_icon='\uf232' data-av_iconfont='entypo-fontello' title='' data-avia-related-tooltip='Compartir en Whatsapp' rel=\"noopener\"><span class='avia_hidden_link_text'>Compartir en Whatsapp<\/span><\/a><\/li><li class='av-share-link av-social-link-linkedin' ><a target=\"_blank\" aria-label=\"Compartir en LinkedIn\" href='https:\/\/linkedin.com\/shareArticle?mini=true&#038;title=Ministerio%20de%20Miner%C3%ADa%20invita%20a%20participar%20en%20consulta%20ciudadana%20para%20actualizar%20reglamento%20de%20relaves&#038;url=https:\/\/radiorevelacionfm.cl\/?p=44432' aria-hidden='false' data-av_icon='\ue8fc' data-av_iconfont='entypo-fontello' title='' data-avia-related-tooltip='Compartir en LinkedIn' rel=\"noopener\"><span class='avia_hidden_link_text'>Compartir en LinkedIn<\/span><\/a><\/li><li class='av-share-link av-social-link-mail' ><a  aria-label=\"Compartir por correo\" href='mailto:?subject=Ministerio%20de%20Miner%C3%ADa%20invita%20a%20participar%20en%20consulta%20ciudadana%20para%20actualizar%20reglamento%20de%20relaves&#038;body=https:\/\/radiorevelacionfm.cl\/?p=44432' aria-hidden='false' data-av_icon='\ue805' data-av_iconfont='entypo-fontello' title='' data-avia-related-tooltip='Compartir por correo'><span class='avia_hidden_link_text'>Compartir por correo<\/span><\/a><\/li><\/ul><\/div><\/div>\n<div  style='height:50px' class='hr hr-invisible   avia-builder-el-8  el_after_av_social_share  el_before_av_comments_list '><span class='hr-inner ' ><span class='hr-inner-style'><\/span><\/span><\/div>\n<div  class='av-buildercomment  av-blog-meta-html-info-disabled av-blog-meta-tag-disabled  '><\/div>\n","protected":false},"excerpt":{"rendered":"","protected":false},"author":1,"featured_media":44433,"comment_status":"open","ping_status":"open","sticky":false,"template":"","format":"standard","meta":{"footnotes":""},"categories":[38],"tags":[],"class_list":["post-44432","post","type-post","status-publish","format-standard","has-post-thumbnail","hentry","category-regional"],"jetpack_featured_media_url":"https:\/\/radiorevelacionfm.cl\/wp-content\/uploads\/2024\/07\/relave2-1-1.jpg","_links":{"self":[{"href":"https:\/\/radiorevelacionfm.cl\/index.php?rest_route=\/wp\/v2\/posts\/44432","targetHints":{"allow":["GET"]}}],"collection":[{"href":"https:\/\/radiorevelacionfm.cl\/index.php?rest_route=\/wp\/v2\/posts"}],"about":[{"href":"https:\/\/radiorevelacionfm.cl\/index.php?rest_route=\/wp\/v2\/types\/post"}],"author":[{"embeddable":true,"href":"https:\/\/radiorevelacionfm.cl\/index.php?rest_route=\/wp\/v2\/users\/1"}],"replies":[{"embeddable":true,"href":"https:\/\/radiorevelacionfm.cl\/index.php?rest_route=%2Fwp%2Fv2%2Fcomments&post=44432"}],"version-history":[{"count":1,"href":"https:\/\/radiorevelacionfm.cl\/index.php?rest_route=\/wp\/v2\/posts\/44432\/revisions"}],"predecessor-version":[{"id":44434,"href":"https:\/\/radiorevelacionfm.cl\/index.php?rest_route=\/wp\/v2\/posts\/44432\/revisions\/44434"}],"wp:featuredmedia":[{"embeddable":true,"href":"https:\/\/radiorevelacionfm.cl\/index.php?rest_route=\/wp\/v2\/media\/44433"}],"wp:attachment":[{"href":"https:\/\/radiorevelacionfm.cl\/index.php?rest_route=%2Fwp%2Fv2%2Fmedia&parent=44432"}],"wp:term":[{"taxonomy":"category","embeddable":true,"href":"https:\/\/radiorevelacionfm.cl\/index.php?rest_route=%2Fwp%2Fv2%2Fcategories&post=44432"},{"taxonomy":"post_tag","embeddable":true,"href":"https:\/\/radiorevelacionfm.cl\/index.php?rest_route=%2Fwp%2Fv2%2Ftags&post=44432"}],"curies":[{"name":"wp","href":"https:\/\/api.w.org\/{rel}","templated":true}]}}