{"id":44426,"date":"2024-07-24T16:33:39","date_gmt":"2024-07-24T19:33:39","guid":{"rendered":"https:\/\/radiorevelacionfm.cl\/?p=44426"},"modified":"2024-07-24T16:33:39","modified_gmt":"2024-07-24T19:33:39","slug":"senadora-ordenes-manifesto-preocupacion-por-medidas-de-seguridad-anunciadas-por-el-gobierno-no-debe-dejarse-de-lado-a-regiones-como-aysen","status":"publish","type":"post","link":"https:\/\/radiorevelacionfm.cl\/?p=44426","title":{"rendered":"Senadora \u00d3rdenes manifest\u00f3 preocupaci\u00f3n por medidas de seguridad anunciadas por el Gobierno: \u201cNo debe dejarse de lado a regiones como Ays\u00e9n\u201d"},"content":{"rendered":"<div class=\"flex_column av_one_full  flex_column_div av-zero-column-padding first  avia-builder-el-0  el_before_av_one_full  avia-builder-el-first  \" style='border-radius:0px; '><div  class='avia-image-container  av-styling-    avia-builder-el-1  avia-builder-el-no-sibling  avia-align-center '  itemprop=\"image\" itemscope=\"itemscope\" itemtype=\"https:\/\/schema.org\/ImageObject\"  ><div class='avia-image-container-inner'><div class='avia-image-overlay-wrap'><img decoding=\"async\" class='wp-image-44427 avia-img-lazy-loading-not-44427 avia_image' src=\"https:\/\/radiorevelacionfm.cl\/wp-content\/uploads\/2024\/07\/FOTO-1-7-1-1.jpeg\" alt='' title='FOTO #1 (7) (1) (1)' height=\"600\" width=\"1106\"  itemprop=\"thumbnailUrl\" srcset=\"https:\/\/radiorevelacionfm.cl\/wp-content\/uploads\/2024\/07\/FOTO-1-7-1-1.jpeg 1106w, https:\/\/radiorevelacionfm.cl\/wp-content\/uploads\/2024\/07\/FOTO-1-7-1-1-300x163.jpeg 300w, https:\/\/radiorevelacionfm.cl\/wp-content\/uploads\/2024\/07\/FOTO-1-7-1-1-1030x559.jpeg 1030w, https:\/\/radiorevelacionfm.cl\/wp-content\/uploads\/2024\/07\/FOTO-1-7-1-1-768x417.jpeg 768w, https:\/\/radiorevelacionfm.cl\/wp-content\/uploads\/2024\/07\/FOTO-1-7-1-1-705x382.jpeg 705w, https:\/\/radiorevelacionfm.cl\/wp-content\/uploads\/2024\/07\/FOTO-1-7-1-1-450x244.jpeg 450w, https:\/\/radiorevelacionfm.cl\/wp-content\/uploads\/2024\/07\/FOTO-1-7-1-1-600x325.jpeg 600w\" sizes=\"(max-width: 1106px) 100vw, 1106px\" \/><\/div><\/div><\/div><\/div><div class=\"flex_column av_one_full  flex_column_div av-zero-column-padding first  avia-builder-el-2  el_after_av_one_full  el_before_av_one_full  column-top-margin\" style='border-radius:0px; '><section class=\"av_textblock_section \"  itemscope=\"itemscope\" itemtype=\"https:\/\/schema.org\/BlogPosting\" itemprop=\"blogPost\" ><div class='avia_textblock  '   itemprop=\"text\" ><p style=\"text-align: center;\"><strong><span style=\"font-size: 18pt;\">Senadora \u00d3rdenes manifest\u00f3 preocupaci\u00f3n por medidas de seguridad anunciadas por el Gobierno: \u201cNo debe dejarse de lado a regiones como Ays\u00e9n\u201d<\/span><\/strong><\/p>\n<div id=\"gtx-trans\" style=\"position: absolute; left: -50px; top: 4.31534px;\">\n<div class=\"gtx-trans-icon\"><\/div>\n<\/div>\n<\/div><\/section><\/div><div class=\"flex_column av_one_full  flex_column_div av-zero-column-padding first  avia-builder-el-4  el_after_av_one_full  el_before_av_hr  column-top-margin\" style='border-radius:0px; '><section class=\"av_textblock_section \"  itemscope=\"itemscope\" itemtype=\"https:\/\/schema.org\/BlogPosting\" itemprop=\"blogPost\" ><div class='avia_textblock  '   itemprop=\"text\" ><p style=\"text-align: justify;\">Luego de la conmoci\u00f3n social por los homicidios registrados durante el \u00faltimo fin de semana largo, el Ejecutivo dio a conocer una serie de medidas de reforzamiento de seguridad para la regi\u00f3n Metropolitana, sin embargo, a nivel nacional el escenario no deja de ser preocupante. En esta l\u00ednea, la senadora por la regi\u00f3n de Ays\u00e9n, Ximena \u00d3rdenes Neira, valor\u00f3 el esfuerzo, pero se\u00f1al\u00f3 que \u201cno debe dejarse de lado a regiones como Ays\u00e9n\u201d, donde las cifras muestran que ha habido un incremento, por ejemplo, de casos de robo con violencia e intimidaci\u00f3n y de homicidios.<\/p>\n<p style=\"text-align: justify;\">\u201cMi preocupaci\u00f3n es que se tenga una l\u00f3gica espejo en las regiones, que no se concentre todas las medidas de seguridad solo en Santiago, por eso espero que se adopten medidas en regiones como Ays\u00e9n, donde se ha registrado un incremento gradual de los delitos con violencia, con la misma energ\u00eda que en la Regi\u00f3n Metropolitana\u201d, indic\u00f3 la parlamentaria, a\u00f1adiendo: \u201cpor ejemplo, se ha anunciado que el programa Calle sin Violencia se va a extender a toda la Regi\u00f3n Metropolitana. Bueno que eso tenga tambi\u00e9n un reflejo en todas las regiones\u201d<\/p>\n<p style=\"text-align: justify;\">\u201cLos \u00faltimos informes dan cuenta que 5 regiones, entre ellas Ays\u00e9n, han mostrado un aumentado en delitos con intimidaci\u00f3n o violencia, lo que para nosotros es un escenario del que no se tiene registros y el dato m\u00e1s preocupante es que en contraste con el 2023 hemos aumentado los homicidios registrados en la regi\u00f3n\u201d, recalc\u00f3 \u00d3rdenes, quien dando cuenta de las alarmantes cifras, asegur\u00f3 que esta alza en delitos de mayor connotaci\u00f3n social es algo nuevo para los aiseninos y aiseninas.<\/p>\n<p style=\"text-align: justify;\">\u201cMe parece que este es un dato a tener a la vista, adem\u00e1s de los sucesos que han ocurrido los \u00faltimos d\u00edas, hechos que dan cuenta de que hay una preocupante cifra respecto a la tenencia y uso de armas\u201d, recalc\u00f3 la representante de la regi\u00f3n.<\/p>\n<p style=\"text-align: justify;\">Finalmente, la senadora \u00d3rdenes recalc\u00f3 que se debe poner \u00e9nfasis en frenar esta tendencia a nivel nacional, pero hizo un llamado a que \u201csi bien es necesario reforzar la seguridad en la regi\u00f3n Metropolitana, donde se ha visto un evidente deterioro en las condiciones de seguridad y un alza en los delitos m\u00e1s violentos, hay que evitar que estos cr\u00edmenes se desplace a las regiones\u201d.<\/p>\n<p style=\"text-align: justify;\">Cabe destacar que las cifras entregadas por Carabineros en los \u00faltimos informes del STOP dan cuenta de que hay una tendencia al alza en los delitos de mayor connotaci\u00f3n social, donde Ays\u00e9n registra m\u00e1s de 5 semanas -hasta la semana 28-, cifras superiores al 2023.<\/p>\n<\/div><\/section><\/div><div  style='height:50px' class='hr hr-invisible   avia-builder-el-6  el_after_av_one_full  el_before_av_social_share '><span class='hr-inner ' ><span class='hr-inner-style'><\/span><\/span><\/div><\/p>\n<div  class='av-social-sharing-box  avia-builder-el-7  el_after_av_hr  el_before_av_hr  '><div class='av-share-box'><h5 class='av-share-link-description av-no-toc '>Compartir esta noticia<\/h5><ul class='av-share-box-list noLightbox'><li class='av-share-link av-social-link-facebook' ><a target=\"_blank\" aria-label=\"Compartir en Facebook\" href='https:\/\/www.facebook.com\/sharer.php?u=https:\/\/radiorevelacionfm.cl\/?p=44426&#038;t=Senadora%20%C3%93rdenes%20manifest%C3%B3%20preocupaci%C3%B3n%20por%20medidas%20de%20seguridad%20anunciadas%20por%20el%20Gobierno%3A%20%E2%80%9CNo%20debe%20dejarse%20de%20lado%20a%20regiones%20como%20Ays%C3%A9n%E2%80%9D' aria-hidden='false' data-av_icon='\ue8f3' data-av_iconfont='entypo-fontello' title='' data-avia-related-tooltip='Compartir en Facebook' rel=\"noopener\"><span class='avia_hidden_link_text'>Compartir en Facebook<\/span><\/a><\/li><li class='av-share-link av-social-link-twitter' ><a target=\"_blank\" aria-label=\"Compartir en Twitter\" href='https:\/\/twitter.com\/share?text=Senadora%20%C3%93rdenes%20manifest%C3%B3%20preocupaci%C3%B3n%20por%20medidas%20de%20seguridad%20anunciadas%20por%20el%20Gobierno%3A%20%E2%80%9CNo%20debe%20dejarse%20de%20lado%20a%20regiones%20como%20Ays%C3%A9n%E2%80%9D&#038;url=https:\/\/radiorevelacionfm.cl\/?p=44426' aria-hidden='false' data-av_icon='\ue8f1' data-av_iconfont='entypo-fontello' title='' data-avia-related-tooltip='Compartir en Twitter' rel=\"noopener\"><span class='avia_hidden_link_text'>Compartir en Twitter<\/span><\/a><\/li><li class='av-share-link av-social-link-whatsapp' ><a target=\"_blank\" aria-label=\"Compartir en Whatsapp\" href='https:\/\/api.whatsapp.com\/send?text=https:\/\/radiorevelacionfm.cl\/?p=44426' aria-hidden='false' data-av_icon='\uf232' data-av_iconfont='entypo-fontello' title='' data-avia-related-tooltip='Compartir en Whatsapp' rel=\"noopener\"><span class='avia_hidden_link_text'>Compartir en Whatsapp<\/span><\/a><\/li><li class='av-share-link av-social-link-linkedin' ><a target=\"_blank\" aria-label=\"Compartir en LinkedIn\" href='https:\/\/linkedin.com\/shareArticle?mini=true&#038;title=Senadora%20%C3%93rdenes%20manifest%C3%B3%20preocupaci%C3%B3n%20por%20medidas%20de%20seguridad%20anunciadas%20por%20el%20Gobierno%3A%20%E2%80%9CNo%20debe%20dejarse%20de%20lado%20a%20regiones%20como%20Ays%C3%A9n%E2%80%9D&#038;url=https:\/\/radiorevelacionfm.cl\/?p=44426' aria-hidden='false' data-av_icon='\ue8fc' data-av_iconfont='entypo-fontello' title='' data-avia-related-tooltip='Compartir en LinkedIn' rel=\"noopener\"><span class='avia_hidden_link_text'>Compartir en LinkedIn<\/span><\/a><\/li><li class='av-share-link av-social-link-mail' ><a  aria-label=\"Compartir por correo\" href='mailto:?subject=Senadora%20%C3%93rdenes%20manifest%C3%B3%20preocupaci%C3%B3n%20por%20medidas%20de%20seguridad%20anunciadas%20por%20el%20Gobierno%3A%20%E2%80%9CNo%20debe%20dejarse%20de%20lado%20a%20regiones%20como%20Ays%C3%A9n%E2%80%9D&#038;body=https:\/\/radiorevelacionfm.cl\/?p=44426' aria-hidden='false' data-av_icon='\ue805' data-av_iconfont='entypo-fontello' title='' data-avia-related-tooltip='Compartir por correo'><span class='avia_hidden_link_text'>Compartir por correo<\/span><\/a><\/li><\/ul><\/div><\/div>\n<div  style='height:50px' class='hr hr-invisible   avia-builder-el-8  el_after_av_social_share  el_before_av_comments_list '><span class='hr-inner ' ><span class='hr-inner-style'><\/span><\/span><\/div>\n<div  class='av-buildercomment  av-blog-meta-html-info-disabled av-blog-meta-tag-disabled  '><\/div>\n","protected":false},"excerpt":{"rendered":"","protected":false},"author":1,"featured_media":44427,"comment_status":"open","ping_status":"open","sticky":false,"template":"","format":"standard","meta":{"footnotes":""},"categories":[35],"tags":[],"class_list":["post-44426","post","type-post","status-publish","format-standard","has-post-thumbnail","hentry","category-politica"],"jetpack_featured_media_url":"https:\/\/radiorevelacionfm.cl\/wp-content\/uploads\/2024\/07\/FOTO-1-7-1-1.jpeg","_links":{"self":[{"href":"https:\/\/radiorevelacionfm.cl\/index.php?rest_route=\/wp\/v2\/posts\/44426","targetHints":{"allow":["GET"]}}],"collection":[{"href":"https:\/\/radiorevelacionfm.cl\/index.php?rest_route=\/wp\/v2\/posts"}],"about":[{"href":"https:\/\/radiorevelacionfm.cl\/index.php?rest_route=\/wp\/v2\/types\/post"}],"author":[{"embeddable":true,"href":"https:\/\/radiorevelacionfm.cl\/index.php?rest_route=\/wp\/v2\/users\/1"}],"replies":[{"embeddable":true,"href":"https:\/\/radiorevelacionfm.cl\/index.php?rest_route=%2Fwp%2Fv2%2Fcomments&post=44426"}],"version-history":[{"count":1,"href":"https:\/\/radiorevelacionfm.cl\/index.php?rest_route=\/wp\/v2\/posts\/44426\/revisions"}],"predecessor-version":[{"id":44428,"href":"https:\/\/radiorevelacionfm.cl\/index.php?rest_route=\/wp\/v2\/posts\/44426\/revisions\/44428"}],"wp:featuredmedia":[{"embeddable":true,"href":"https:\/\/radiorevelacionfm.cl\/index.php?rest_route=\/wp\/v2\/media\/44427"}],"wp:attachment":[{"href":"https:\/\/radiorevelacionfm.cl\/index.php?rest_route=%2Fwp%2Fv2%2Fmedia&parent=44426"}],"wp:term":[{"taxonomy":"category","embeddable":true,"href":"https:\/\/radiorevelacionfm.cl\/index.php?rest_route=%2Fwp%2Fv2%2Fcategories&post=44426"},{"taxonomy":"post_tag","embeddable":true,"href":"https:\/\/radiorevelacionfm.cl\/index.php?rest_route=%2Fwp%2Fv2%2Ftags&post=44426"}],"curies":[{"name":"wp","href":"https:\/\/api.w.org\/{rel}","templated":true}]}}