{"id":44424,"date":"2024-07-24T11:28:54","date_gmt":"2024-07-24T14:28:54","guid":{"rendered":"https:\/\/radiorevelacionfm.cl\/?p=44424"},"modified":"2024-07-24T11:28:54","modified_gmt":"2024-07-24T14:28:54","slug":"fiscalia-de-puerto-aysen-solicito-la-prision-preventiva-para-imputado-por-robo","status":"publish","type":"post","link":"https:\/\/radiorevelacionfm.cl\/?p=44424","title":{"rendered":"Fiscal\u00eda de Puerto Ays\u00e9n solicit\u00f3 la prisi\u00f3n preventiva para imputado por robo"},"content":{"rendered":"<div class=\"flex_column av_one_full  flex_column_div av-zero-column-padding first  avia-builder-el-0  el_before_av_one_full  avia-builder-el-first  \" style='border-radius:0px; '><div  class='avia-image-container  av-styling-    avia-builder-el-1  avia-builder-el-no-sibling  avia-align-center '  itemprop=\"image\" itemscope=\"itemscope\" itemtype=\"https:\/\/schema.org\/ImageObject\"  ><div class='avia-image-container-inner'><div class='avia-image-overlay-wrap'><img decoding=\"async\" class='wp-image-31966 avia-img-lazy-loading-not-31966 avia_image' src=\"https:\/\/radiorevelacionfm.cl\/wp-content\/uploads\/2023\/06\/fiscalia_aysen1-2-1_optimized.jpg\" alt='' title='fiscalia_aysen1-(2)-(1)_optimized' height=\"600\" width=\"900\"  itemprop=\"thumbnailUrl\" srcset=\"https:\/\/radiorevelacionfm.cl\/wp-content\/uploads\/2023\/06\/fiscalia_aysen1-2-1_optimized.jpg 900w, https:\/\/radiorevelacionfm.cl\/wp-content\/uploads\/2023\/06\/fiscalia_aysen1-2-1_optimized-300x200.jpg 300w, https:\/\/radiorevelacionfm.cl\/wp-content\/uploads\/2023\/06\/fiscalia_aysen1-2-1_optimized-768x512.jpg 768w, https:\/\/radiorevelacionfm.cl\/wp-content\/uploads\/2023\/06\/fiscalia_aysen1-2-1_optimized-705x470.jpg 705w, https:\/\/radiorevelacionfm.cl\/wp-content\/uploads\/2023\/06\/fiscalia_aysen1-2-1_optimized-450x300.jpg 450w, https:\/\/radiorevelacionfm.cl\/wp-content\/uploads\/2023\/06\/fiscalia_aysen1-2-1_optimized-600x400.jpg 600w\" sizes=\"(max-width: 900px) 100vw, 900px\" \/><\/div><\/div><\/div><\/div><div class=\"flex_column av_one_full  flex_column_div av-zero-column-padding first  avia-builder-el-2  el_after_av_one_full  el_before_av_one_full  column-top-margin\" style='border-radius:0px; '><section class=\"av_textblock_section \"  itemscope=\"itemscope\" itemtype=\"https:\/\/schema.org\/BlogPosting\" itemprop=\"blogPost\" ><div class='avia_textblock  '   itemprop=\"text\" ><p style=\"font-weight: 400; text-align: center;\"><span style=\"font-size: 18pt;\"><strong>Fiscal\u00eda de Puerto Ays\u00e9n solicit\u00f3 la prisi\u00f3n preventiva para imputado por robo<\/strong><\/span><\/p>\n<p style=\"font-weight: 400;\"><strong>\u00a0<\/strong><\/p>\n<div id=\"gtx-trans\" style=\"position: absolute; left: -50px; top: 4.31534px;\">\n<div class=\"gtx-trans-icon\"><\/div>\n<\/div>\n<\/div><\/section><\/div><div class=\"flex_column av_one_full  flex_column_div av-zero-column-padding first  avia-builder-el-4  el_after_av_one_full  el_before_av_hr  column-top-margin\" style='border-radius:0px; '><section class=\"av_textblock_section \"  itemscope=\"itemscope\" itemtype=\"https:\/\/schema.org\/BlogPosting\" itemprop=\"blogPost\" ><div class='avia_textblock  '   itemprop=\"text\" ><p style=\"font-weight: 400; text-align: justify;\">Este hecho ocurri\u00f3 a las 06:00 de la ma\u00f1ana aproximadamente en un local comercial ubicado en Sargento Aldea, sector c\u00e9ntrico de la ciudad.<\/p>\n<p style=\"font-weight: 400; text-align: justify;\">La Fiscal\u00eda Local de Ays\u00e9n solicit\u00f3 la prisi\u00f3n preventiva para un imputado de 19 a\u00f1os, quien fue formalizado como autor del delito de robo en lugar no habitado ocurrido en horas de la madrugada de este martes y el cual afect\u00f3 a un restaurant de la comuna.<\/p>\n<p style=\"font-weight: 400; text-align: justify;\">Seg\u00fan explic\u00f3 el fiscal jefe de Ays\u00e9n y Cisnes, Pedro Poblete Viejo, \u201cla Fiscal\u00eda de Puerto Ays\u00e9n formaliz\u00f3 hoy a un sujeto por su participaci\u00f3n en un delito de robo en lugar no habitado. Este hecho ocurri\u00f3 a las 06:00 de la ma\u00f1ana aproximadamente en el local comercial Cantaria, ubicado en Sargento Aldea, sector c\u00e9ntrico de la ciudad, concurriendo Carabineros al sector, luego de recibir un llamado de parte de un vecino, quien presenci\u00f3 a esta persona cuando estaba ingresando al local a trav\u00e9s de una ventana del establecimiento\u201d.<\/p>\n<p style=\"font-weight: 400; text-align: justify;\">El fiscal Poblete a\u00f1adi\u00f3 que producto de las diligencias, el sujeto fue detenido, \u201cpuesto a disposici\u00f3n del Tribunal, siendo formalizado como autor de este delito, solicit\u00e1ndose al Tribunal la medida cautelar de prisi\u00f3n preventiva, a la cual accedi\u00f3 el tribunal fij\u00e1ndose un plazo de 90 d\u00edas de investigaci\u00f3n\u201d.<\/p>\n<p style=\"font-weight: 400; text-align: justify;\">En este caso, a\u00f1adi\u00f3 el persecutor penal, \u201cse dispusieron diligencias investigativas a personal especializado de la Secci\u00f3n de Investigaciones Policiales SIP de la Segunda Comisar\u00eda, como tambi\u00e9n al Laboratorio de Criminal\u00edstica Institucional de Carabineros de Chile\u201d. El imputado fue derivado por personal de Gendarmer\u00eda al recinto penitenciario de Puerto Ays\u00e9n.<\/p>\n<\/div><\/section><\/div><div  style='height:50px' class='hr hr-invisible   avia-builder-el-6  el_after_av_one_full  el_before_av_social_share '><span class='hr-inner ' ><span class='hr-inner-style'><\/span><\/span><\/div><\/p>\n<div  class='av-social-sharing-box  avia-builder-el-7  el_after_av_hr  el_before_av_hr  '><div class='av-share-box'><h5 class='av-share-link-description av-no-toc '>Compartir esta noticia<\/h5><ul class='av-share-box-list noLightbox'><li class='av-share-link av-social-link-facebook' ><a target=\"_blank\" aria-label=\"Compartir en Facebook\" href='https:\/\/www.facebook.com\/sharer.php?u=https:\/\/radiorevelacionfm.cl\/?p=44424&#038;t=Fiscal%C3%ADa%20de%20Puerto%20Ays%C3%A9n%20solicit%C3%B3%20la%20prisi%C3%B3n%20preventiva%20para%20imputado%20por%20robo' aria-hidden='false' data-av_icon='\ue8f3' data-av_iconfont='entypo-fontello' title='' data-avia-related-tooltip='Compartir en Facebook' rel=\"noopener\"><span class='avia_hidden_link_text'>Compartir en Facebook<\/span><\/a><\/li><li class='av-share-link av-social-link-twitter' ><a target=\"_blank\" aria-label=\"Compartir en Twitter\" href='https:\/\/twitter.com\/share?text=Fiscal%C3%ADa%20de%20Puerto%20Ays%C3%A9n%20solicit%C3%B3%20la%20prisi%C3%B3n%20preventiva%20para%20imputado%20por%20robo&#038;url=https:\/\/radiorevelacionfm.cl\/?p=44424' aria-hidden='false' data-av_icon='\ue8f1' data-av_iconfont='entypo-fontello' title='' data-avia-related-tooltip='Compartir en Twitter' rel=\"noopener\"><span class='avia_hidden_link_text'>Compartir en Twitter<\/span><\/a><\/li><li class='av-share-link av-social-link-whatsapp' ><a target=\"_blank\" aria-label=\"Compartir en Whatsapp\" href='https:\/\/api.whatsapp.com\/send?text=https:\/\/radiorevelacionfm.cl\/?p=44424' aria-hidden='false' data-av_icon='\uf232' data-av_iconfont='entypo-fontello' title='' data-avia-related-tooltip='Compartir en Whatsapp' rel=\"noopener\"><span class='avia_hidden_link_text'>Compartir en Whatsapp<\/span><\/a><\/li><li class='av-share-link av-social-link-linkedin' ><a target=\"_blank\" aria-label=\"Compartir en LinkedIn\" href='https:\/\/linkedin.com\/shareArticle?mini=true&#038;title=Fiscal%C3%ADa%20de%20Puerto%20Ays%C3%A9n%20solicit%C3%B3%20la%20prisi%C3%B3n%20preventiva%20para%20imputado%20por%20robo&#038;url=https:\/\/radiorevelacionfm.cl\/?p=44424' aria-hidden='false' data-av_icon='\ue8fc' data-av_iconfont='entypo-fontello' title='' data-avia-related-tooltip='Compartir en LinkedIn' rel=\"noopener\"><span class='avia_hidden_link_text'>Compartir en LinkedIn<\/span><\/a><\/li><li class='av-share-link av-social-link-mail' ><a  aria-label=\"Compartir por correo\" href='mailto:?subject=Fiscal%C3%ADa%20de%20Puerto%20Ays%C3%A9n%20solicit%C3%B3%20la%20prisi%C3%B3n%20preventiva%20para%20imputado%20por%20robo&#038;body=https:\/\/radiorevelacionfm.cl\/?p=44424' aria-hidden='false' data-av_icon='\ue805' data-av_iconfont='entypo-fontello' title='' data-avia-related-tooltip='Compartir por correo'><span class='avia_hidden_link_text'>Compartir por correo<\/span><\/a><\/li><\/ul><\/div><\/div>\n<div  style='height:50px' class='hr hr-invisible   avia-builder-el-8  el_after_av_social_share  el_before_av_comments_list '><span class='hr-inner ' ><span class='hr-inner-style'><\/span><\/span><\/div>\n<div  class='av-buildercomment  av-blog-meta-html-info-disabled av-blog-meta-tag-disabled  '><\/div>\n","protected":false},"excerpt":{"rendered":"","protected":false},"author":1,"featured_media":31966,"comment_status":"open","ping_status":"open","sticky":false,"template":"","format":"standard","meta":{"footnotes":""},"categories":[55],"tags":[],"class_list":["post-44424","post","type-post","status-publish","format-standard","has-post-thumbnail","hentry","category-justicia"],"jetpack_featured_media_url":"https:\/\/radiorevelacionfm.cl\/wp-content\/uploads\/2023\/06\/fiscalia_aysen1-2-1_optimized.jpg","_links":{"self":[{"href":"https:\/\/radiorevelacionfm.cl\/index.php?rest_route=\/wp\/v2\/posts\/44424","targetHints":{"allow":["GET"]}}],"collection":[{"href":"https:\/\/radiorevelacionfm.cl\/index.php?rest_route=\/wp\/v2\/posts"}],"about":[{"href":"https:\/\/radiorevelacionfm.cl\/index.php?rest_route=\/wp\/v2\/types\/post"}],"author":[{"embeddable":true,"href":"https:\/\/radiorevelacionfm.cl\/index.php?rest_route=\/wp\/v2\/users\/1"}],"replies":[{"embeddable":true,"href":"https:\/\/radiorevelacionfm.cl\/index.php?rest_route=%2Fwp%2Fv2%2Fcomments&post=44424"}],"version-history":[{"count":1,"href":"https:\/\/radiorevelacionfm.cl\/index.php?rest_route=\/wp\/v2\/posts\/44424\/revisions"}],"predecessor-version":[{"id":44425,"href":"https:\/\/radiorevelacionfm.cl\/index.php?rest_route=\/wp\/v2\/posts\/44424\/revisions\/44425"}],"wp:featuredmedia":[{"embeddable":true,"href":"https:\/\/radiorevelacionfm.cl\/index.php?rest_route=\/wp\/v2\/media\/31966"}],"wp:attachment":[{"href":"https:\/\/radiorevelacionfm.cl\/index.php?rest_route=%2Fwp%2Fv2%2Fmedia&parent=44424"}],"wp:term":[{"taxonomy":"category","embeddable":true,"href":"https:\/\/radiorevelacionfm.cl\/index.php?rest_route=%2Fwp%2Fv2%2Fcategories&post=44424"},{"taxonomy":"post_tag","embeddable":true,"href":"https:\/\/radiorevelacionfm.cl\/index.php?rest_route=%2Fwp%2Fv2%2Ftags&post=44424"}],"curies":[{"name":"wp","href":"https:\/\/api.w.org\/{rel}","templated":true}]}}