{"id":44421,"date":"2024-07-24T11:03:43","date_gmt":"2024-07-24T14:03:43","guid":{"rendered":"https:\/\/radiorevelacionfm.cl\/?p=44421"},"modified":"2024-07-24T11:03:43","modified_gmt":"2024-07-24T14:03:43","slug":"registro-civil-celebro-140-anos-de-existencia","status":"publish","type":"post","link":"https:\/\/radiorevelacionfm.cl\/?p=44421","title":{"rendered":"Registro Civil celebr\u00f3 140 a\u00f1os de existencia"},"content":{"rendered":"<div class=\"flex_column av_one_full  flex_column_div av-zero-column-padding first  avia-builder-el-0  el_before_av_one_full  avia-builder-el-first  \" style='border-radius:0px; '><div  class='avia-image-container  av-styling-    avia-builder-el-1  avia-builder-el-no-sibling  avia-align-center '  itemprop=\"image\" itemscope=\"itemscope\" itemtype=\"https:\/\/schema.org\/ImageObject\"  ><div class='avia-image-container-inner'><div class='avia-image-overlay-wrap'><img decoding=\"async\" class='wp-image-44422 avia-img-lazy-loading-not-44422 avia_image' src=\"https:\/\/radiorevelacionfm.cl\/wp-content\/uploads\/2024\/07\/registro-civil-3-1-1_optimized.jpg\" alt='' title='registro-civil-(3)-(1)-(1)_optimized' height=\"600\" width=\"994\"  itemprop=\"thumbnailUrl\" srcset=\"https:\/\/radiorevelacionfm.cl\/wp-content\/uploads\/2024\/07\/registro-civil-3-1-1_optimized.jpg 994w, https:\/\/radiorevelacionfm.cl\/wp-content\/uploads\/2024\/07\/registro-civil-3-1-1_optimized-300x181.jpg 300w, https:\/\/radiorevelacionfm.cl\/wp-content\/uploads\/2024\/07\/registro-civil-3-1-1_optimized-768x464.jpg 768w, https:\/\/radiorevelacionfm.cl\/wp-content\/uploads\/2024\/07\/registro-civil-3-1-1_optimized-705x426.jpg 705w, https:\/\/radiorevelacionfm.cl\/wp-content\/uploads\/2024\/07\/registro-civil-3-1-1_optimized-450x272.jpg 450w, https:\/\/radiorevelacionfm.cl\/wp-content\/uploads\/2024\/07\/registro-civil-3-1-1_optimized-600x362.jpg 600w\" sizes=\"(max-width: 994px) 100vw, 994px\" \/><\/div><\/div><\/div><\/div><div class=\"flex_column av_one_full  flex_column_div av-zero-column-padding first  avia-builder-el-2  el_after_av_one_full  el_before_av_one_full  column-top-margin\" style='border-radius:0px; '><section class=\"av_textblock_section \"  itemscope=\"itemscope\" itemtype=\"https:\/\/schema.org\/BlogPosting\" itemprop=\"blogPost\" ><div class='avia_textblock  '   itemprop=\"text\" ><p style=\"text-align: center;\"><span style=\"font-size: 18pt;\"><strong>Registro Civil celebr\u00f3 140 a\u00f1os de existencia<\/strong><\/span><\/p>\n<div id=\"gtx-trans\" style=\"position: absolute; left: -50px; top: 4.31534px;\">\n<div class=\"gtx-trans-icon\"><\/div>\n<\/div>\n<\/div><\/section><\/div><div class=\"flex_column av_one_full  flex_column_div av-zero-column-padding first  avia-builder-el-4  el_after_av_one_full  el_before_av_hr  column-top-margin\" style='border-radius:0px; '><section class=\"av_textblock_section \"  itemscope=\"itemscope\" itemtype=\"https:\/\/schema.org\/BlogPosting\" itemprop=\"blogPost\" ><div class='avia_textblock  '   itemprop=\"text\" ><p style=\"text-align: justify;\">En un acto realizado en el frontis de la direcci\u00f3n regional del Servicio de Registro Civil e Identificaci\u00f3n, y con la participaci\u00f3n de funcionarios y funcionarias de la regi\u00f3n, junto a autoridades regionales, se celebraron los 140 a\u00f1os de Servicio, instancia que cont\u00f3 con el saludo de la Banda Instrumental de Carabineros de Puerto Ays\u00e9n.<\/p>\n<p style=\"text-align: justify;\">El Servicio de Registro Civil e Identificaci\u00f3n, es una instituci\u00f3n que desde la direcci\u00f3n regional trabaja en conjunto con las 17 oficinas de la regi\u00f3n, adem\u00e1s cuenta con un equipo diverso de Atenci\u00f3n en Terreno, cuyo objetivo es realizar operativos y atenciones a las\/los usuarias\/os que solicitan c\u00e9dulas, pasaportes, certificados, entre otras actuaciones a la comunidad de la regi\u00f3n de Ays\u00e9n.<\/p>\n<p style=\"text-align: justify;\">El Seremi de Justicia y DD.HH Samuel Navarro Castro, se refiri\u00f3 al aniversario de este importante servicio p\u00fablico se\u00f1alando que: \u201cfue una ceremonia muy solemne donde participaron distintas autoridades encabezadas por el Delegado Presidencial Regional Don Rodrigo Araya, y gran parte de los funcionarios del Registro Civil, esto habla de un servicio que est\u00e1 a la vanguardia tecnol\u00f3gica, con una presencia importante a nivel regional donde adem\u00e1s cumple un rol muy destacado que se encuentra desde Guaitecas hasta en Villa O&#8217;Higgins, y en las localidades m\u00e1s peque\u00f1as hay una oficina o un funcionario del Registro Civil que participa de la vida de cada una de esas localidades, donde se registran las etapas vitales de los vecinos y vecinas, desde el nacimiento hasta la defunci\u00f3n pasando incluso por las posesiones efectivas que tramita el servicio de registro civil e identificaci\u00f3n, es muy importante relevar esta fecha m\u00e1s que centenaria tradici\u00f3n registral y de identificaci\u00f3n\u201d.<\/p>\n<p style=\"text-align: justify;\">Por su parte, la directora regional (S) Patricia Verdugo Sazo, destac\u00f3 los avances del servicio en estos 140 a\u00f1os, relevando a los y las funcionarios\/as, quienes desde su creaci\u00f3n han sido una pieza fundamental en la gesti\u00f3n, trayectoria y consolidaci\u00f3n de esta respetada y s\u00f3lida Instituci\u00f3n \u201clas Instituciones operan en base a procedimientos, normas y un marco legal, pero sin las personas esta u otra Instituci\u00f3n no operar\u00eda, por ello hoy a nombre del director nacional, don Omar Morales M\u00e1rquez y en el m\u00edo propio, les agradezco su labor y su compromiso a cada uno de ustedes\u201d.<\/p>\n<p style=\"text-align: justify;\">Finalmente, Patricia Verdugo agreg\u00f3 que en un par de meses \u201cse nos viene la puesta en marcha del Nuevo Sistema de Identificaci\u00f3n, pero s\u00e9 y estoy consciente que, como hace 10 a\u00f1os lo llevaremos a cabo de manera ejemplar, porque las y los funcionarios\/as del Registro Civil, entienden su relevancia e importancia para nuestros vecinos y vecinas de la regi\u00f3n de Ays\u00e9n y del pa\u00eds\u201d.<\/p>\n<\/div><\/section><\/div><div  style='height:50px' class='hr hr-invisible   avia-builder-el-6  el_after_av_one_full  el_before_av_social_share '><span class='hr-inner ' ><span class='hr-inner-style'><\/span><\/span><\/div><\/p>\n<div  class='av-social-sharing-box  avia-builder-el-7  el_after_av_hr  el_before_av_hr  '><div class='av-share-box'><h5 class='av-share-link-description av-no-toc '>Compartir esta noticia<\/h5><ul class='av-share-box-list noLightbox'><li class='av-share-link av-social-link-facebook' ><a target=\"_blank\" aria-label=\"Compartir en Facebook\" href='https:\/\/www.facebook.com\/sharer.php?u=https:\/\/radiorevelacionfm.cl\/?p=44421&#038;t=Registro%20Civil%20celebr%C3%B3%20140%20a%C3%B1os%20de%20existencia' aria-hidden='false' data-av_icon='\ue8f3' data-av_iconfont='entypo-fontello' title='' data-avia-related-tooltip='Compartir en Facebook' rel=\"noopener\"><span class='avia_hidden_link_text'>Compartir en Facebook<\/span><\/a><\/li><li class='av-share-link av-social-link-twitter' ><a target=\"_blank\" aria-label=\"Compartir en Twitter\" href='https:\/\/twitter.com\/share?text=Registro%20Civil%20celebr%C3%B3%20140%20a%C3%B1os%20de%20existencia&#038;url=https:\/\/radiorevelacionfm.cl\/?p=44421' aria-hidden='false' data-av_icon='\ue8f1' data-av_iconfont='entypo-fontello' title='' data-avia-related-tooltip='Compartir en Twitter' rel=\"noopener\"><span class='avia_hidden_link_text'>Compartir en Twitter<\/span><\/a><\/li><li class='av-share-link av-social-link-whatsapp' ><a target=\"_blank\" aria-label=\"Compartir en Whatsapp\" href='https:\/\/api.whatsapp.com\/send?text=https:\/\/radiorevelacionfm.cl\/?p=44421' aria-hidden='false' data-av_icon='\uf232' data-av_iconfont='entypo-fontello' title='' data-avia-related-tooltip='Compartir en Whatsapp' rel=\"noopener\"><span class='avia_hidden_link_text'>Compartir en Whatsapp<\/span><\/a><\/li><li class='av-share-link av-social-link-linkedin' ><a target=\"_blank\" aria-label=\"Compartir en LinkedIn\" href='https:\/\/linkedin.com\/shareArticle?mini=true&#038;title=Registro%20Civil%20celebr%C3%B3%20140%20a%C3%B1os%20de%20existencia&#038;url=https:\/\/radiorevelacionfm.cl\/?p=44421' aria-hidden='false' data-av_icon='\ue8fc' data-av_iconfont='entypo-fontello' title='' data-avia-related-tooltip='Compartir en LinkedIn' rel=\"noopener\"><span class='avia_hidden_link_text'>Compartir en LinkedIn<\/span><\/a><\/li><li class='av-share-link av-social-link-mail' ><a  aria-label=\"Compartir por correo\" href='mailto:?subject=Registro%20Civil%20celebr%C3%B3%20140%20a%C3%B1os%20de%20existencia&#038;body=https:\/\/radiorevelacionfm.cl\/?p=44421' aria-hidden='false' data-av_icon='\ue805' data-av_iconfont='entypo-fontello' title='' data-avia-related-tooltip='Compartir por correo'><span class='avia_hidden_link_text'>Compartir por correo<\/span><\/a><\/li><\/ul><\/div><\/div>\n<div  style='height:50px' class='hr hr-invisible   avia-builder-el-8  el_after_av_social_share  el_before_av_comments_list '><span class='hr-inner ' ><span class='hr-inner-style'><\/span><\/span><\/div>\n<div  class='av-buildercomment  av-blog-meta-html-info-disabled av-blog-meta-tag-disabled  '><\/div>\n","protected":false},"excerpt":{"rendered":"","protected":false},"author":1,"featured_media":44422,"comment_status":"open","ping_status":"open","sticky":false,"template":"","format":"standard","meta":{"footnotes":""},"categories":[38],"tags":[],"class_list":["post-44421","post","type-post","status-publish","format-standard","has-post-thumbnail","hentry","category-regional"],"jetpack_featured_media_url":"https:\/\/radiorevelacionfm.cl\/wp-content\/uploads\/2024\/07\/registro-civil-3-1-1_optimized.jpg","_links":{"self":[{"href":"https:\/\/radiorevelacionfm.cl\/index.php?rest_route=\/wp\/v2\/posts\/44421","targetHints":{"allow":["GET"]}}],"collection":[{"href":"https:\/\/radiorevelacionfm.cl\/index.php?rest_route=\/wp\/v2\/posts"}],"about":[{"href":"https:\/\/radiorevelacionfm.cl\/index.php?rest_route=\/wp\/v2\/types\/post"}],"author":[{"embeddable":true,"href":"https:\/\/radiorevelacionfm.cl\/index.php?rest_route=\/wp\/v2\/users\/1"}],"replies":[{"embeddable":true,"href":"https:\/\/radiorevelacionfm.cl\/index.php?rest_route=%2Fwp%2Fv2%2Fcomments&post=44421"}],"version-history":[{"count":1,"href":"https:\/\/radiorevelacionfm.cl\/index.php?rest_route=\/wp\/v2\/posts\/44421\/revisions"}],"predecessor-version":[{"id":44423,"href":"https:\/\/radiorevelacionfm.cl\/index.php?rest_route=\/wp\/v2\/posts\/44421\/revisions\/44423"}],"wp:featuredmedia":[{"embeddable":true,"href":"https:\/\/radiorevelacionfm.cl\/index.php?rest_route=\/wp\/v2\/media\/44422"}],"wp:attachment":[{"href":"https:\/\/radiorevelacionfm.cl\/index.php?rest_route=%2Fwp%2Fv2%2Fmedia&parent=44421"}],"wp:term":[{"taxonomy":"category","embeddable":true,"href":"https:\/\/radiorevelacionfm.cl\/index.php?rest_route=%2Fwp%2Fv2%2Fcategories&post=44421"},{"taxonomy":"post_tag","embeddable":true,"href":"https:\/\/radiorevelacionfm.cl\/index.php?rest_route=%2Fwp%2Fv2%2Ftags&post=44421"}],"curies":[{"name":"wp","href":"https:\/\/api.w.org\/{rel}","templated":true}]}}