{"id":44414,"date":"2024-07-24T11:14:31","date_gmt":"2024-07-24T14:14:31","guid":{"rendered":"https:\/\/radiorevelacionfm.cl\/?p=44414"},"modified":"2024-07-24T11:14:31","modified_gmt":"2024-07-24T14:14:31","slug":"ips-llama-a-participar-en-las-elecciones-de-su-consejo-de-la-sociedad-civil","status":"publish","type":"post","link":"https:\/\/radiorevelacionfm.cl\/?p=44414","title":{"rendered":"IPS llama a participar en las elecciones de su Consejo de la Sociedad Civil"},"content":{"rendered":"<div class=\"flex_column av_one_full  flex_column_div av-zero-column-padding first  avia-builder-el-0  el_before_av_one_full  avia-builder-el-first  \" style='border-radius:0px; '><div  class='avia-image-container  av-styling-    avia-builder-el-1  avia-builder-el-no-sibling  avia-align-center '  itemprop=\"image\" itemscope=\"itemscope\" itemtype=\"https:\/\/schema.org\/ImageObject\"  ><div class='avia-image-container-inner'><div class='avia-image-overlay-wrap'><img decoding=\"async\" class='wp-image-44415 avia-img-lazy-loading-not-44415 avia_image' src=\"https:\/\/radiorevelacionfm.cl\/wp-content\/uploads\/2024\/07\/grafica-prensa_elecciones-cosoc-ips_26_optimized.06.24-1-1.jpg\" alt='' title='gr\u00e1fica-prensa_elecciones-cosoc-ips_26_optimized.06.24-(1) (1)' height=\"600\" width=\"1066\"  itemprop=\"thumbnailUrl\" srcset=\"https:\/\/radiorevelacionfm.cl\/wp-content\/uploads\/2024\/07\/grafica-prensa_elecciones-cosoc-ips_26_optimized.06.24-1-1.jpg 1066w, https:\/\/radiorevelacionfm.cl\/wp-content\/uploads\/2024\/07\/grafica-prensa_elecciones-cosoc-ips_26_optimized.06.24-1-1-300x169.jpg 300w, https:\/\/radiorevelacionfm.cl\/wp-content\/uploads\/2024\/07\/grafica-prensa_elecciones-cosoc-ips_26_optimized.06.24-1-1-1030x580.jpg 1030w, https:\/\/radiorevelacionfm.cl\/wp-content\/uploads\/2024\/07\/grafica-prensa_elecciones-cosoc-ips_26_optimized.06.24-1-1-768x432.jpg 768w, https:\/\/radiorevelacionfm.cl\/wp-content\/uploads\/2024\/07\/grafica-prensa_elecciones-cosoc-ips_26_optimized.06.24-1-1-705x397.jpg 705w, https:\/\/radiorevelacionfm.cl\/wp-content\/uploads\/2024\/07\/grafica-prensa_elecciones-cosoc-ips_26_optimized.06.24-1-1-450x253.jpg 450w, https:\/\/radiorevelacionfm.cl\/wp-content\/uploads\/2024\/07\/grafica-prensa_elecciones-cosoc-ips_26_optimized.06.24-1-1-600x338.jpg 600w\" sizes=\"(max-width: 1066px) 100vw, 1066px\" \/><\/div><\/div><\/div><\/div><div class=\"flex_column av_one_full  flex_column_div av-zero-column-padding first  avia-builder-el-2  el_after_av_one_full  el_before_av_one_full  column-top-margin\" style='border-radius:0px; '><section class=\"av_textblock_section \"  itemscope=\"itemscope\" itemtype=\"https:\/\/schema.org\/BlogPosting\" itemprop=\"blogPost\" ><div class='avia_textblock  '   itemprop=\"text\" ><p style=\"text-align: center;\"><strong><span style=\"font-size: 18pt;\">IPS llama a participar en las elecciones de su Consejo de la Sociedad Civil<\/span><\/strong><\/p>\n<div id=\"gtx-trans\" style=\"position: absolute; left: -50px; top: 4.31534px;\">\n<div class=\"gtx-trans-icon\"><\/div>\n<\/div>\n<\/div><\/section><\/div><div class=\"flex_column av_one_full  flex_column_div av-zero-column-padding first  avia-builder-el-4  el_after_av_one_full  el_before_av_hr  column-top-margin\" style='border-radius:0px; '><section class=\"av_textblock_section \"  itemscope=\"itemscope\" itemtype=\"https:\/\/schema.org\/BlogPosting\" itemprop=\"blogPost\" ><div class='avia_textblock  '   itemprop=\"text\" ><p style=\"text-align: justify;\"><em>Las inscripciones de agrupaciones y candidaturas pueden realizarse en cualquier sucursal del Instituto de Previsi\u00f3n Social en nuestra regi\u00f3n. <\/em><\/p>\n<p style=\"text-align: justify;\">Hasta el viernes 26 de julio estar\u00e1n abiertas las inscripciones para participar de las pr\u00f3ximas elecciones del Consejo de la Sociedad Civil (COSOC) del Instituto de Previsi\u00f3n Social &#8211; IPS Ays\u00e9n<\/p>\n<p style=\"text-align: justify;\">El Consejo Consultivo de la Sociedad Civil es una instancia de participaci\u00f3n ciudadana, basada en la representatividad y diversidad de sus integrantes, que permite el acompa\u00f1amiento a la Direcci\u00f3n Regional del IPS.<\/p>\n<p style=\"text-align: justify;\">A este organismo participativo pueden postular organizaciones sin fines de lucro, tales como asociaciones de personas pensionadas y exoneradas pol\u00edticas, sindicatos de trabajadores y asociaciones gremiales de empleadores y empleadoras, adem\u00e1s de centros de estudio o fundaciones y organizaciones de la sociedad civil, en tem\u00e1ticas relacionadas con pueblos ind\u00edgenas, g\u00e9nero, minor\u00edas sexuales, uniones comunales de adultos mayores y migrantes, entre otros. Deben tener al menos un a\u00f1o de antig\u00fcedad, y pueden presentar candidaturas.<\/p>\n<p style=\"text-align: justify;\">El seremi del Trabajo y Previsi\u00f3n Social, Rodrigo D\u00edaz Cordaro, invit\u00f3 a las organizaciones a ser parte de este importante ente y detall\u00f3 los requisitos que deben cumplir. \u201cPara el Gobierno del Presidente Boric y para el Ministerio del Trabajo y Previsi\u00f3n Social, es fundamental la participaci\u00f3n ciudadana en nuestro Gobierno. Hoy d\u00eda, el IPS y su red ChileAtiende est\u00e1 haciendo un llamado para postular a su Cosoc. Para ello, lo pueden hacer instituciones que ya est\u00e1n conformadas. Y lo importante es que las personas que quieran participar <em>como candidatas<\/em>, deben ser parte de la directiva. Entonces, les invitamos a participar en el Cosoc, porque ayuda a apoyar el gran trabajo que hace el IPS con su red ChileAtiende\u201d, precis\u00f3.<\/p>\n<p style=\"text-align: justify;\">La inscripci\u00f3n de las organizaciones y sus candidaturas puede realizarse de manera presencial o por v\u00eda electr\u00f3nica, completando los formularios que se encuentran en la p\u00e1gina www.ips.gob.cl, secci\u00f3n \u201cCon\u00f3zcanos\u201d y clic en \u201cParticipaci\u00f3n Ciudadana\u201d. Tambi\u00e9n se puede consultar directamente en las sucursales ChileAtiende del IPS.<\/p>\n<p style=\"text-align: justify;\">La votaci\u00f3n podr\u00e1 realizarse de forma presencial o electr\u00f3nica. Los detalles del proceso de votaci\u00f3n ser\u00e1n informados oportunamente a las organizaciones que se hayan inscrito y que cumplan con los requisitos establecidos.<\/p>\n<p style=\"text-align: justify;\">Los nuevos COSOC quedar\u00e1n constituidos en septiembre del presente a\u00f1o y ejercer\u00e1n durante el per\u00edodo comprendido entre los a\u00f1os 2024 a 2026.<\/p>\n<p style=\"text-align: justify;\">Todas las consultas sobre este proceso eleccionario ser\u00e1n recibidas y contestadas oportunamente, a trav\u00e9s del correo electr\u00f3nico <a href=\"mailto:participacion.ciudadana@ips.gob.cl\">participacion.ciudadana@ips.gob.cl<\/a>.<\/p>\n<p style=\"text-align: justify;\"><strong><em>\u00bfQu\u00e9 es un Consejo de la Sociedad Civil? <\/em><\/strong><\/p>\n<p style=\"text-align: justify;\"><em>Se trata de una asamblea, de car\u00e1cter consultivo, cuyo objetivo es acompa\u00f1ar y aportar en las diferentes tem\u00e1ticas que aborda la Direcci\u00f3n Nacional del IPS y cada una de las direcciones regionales. Esto abarca \u00e1mbitos tan importantes como las atenciones vinculadas a la previsi\u00f3n y seguridad social, entre otras que son propias del quehacer de la instituci\u00f3n. Es uno de los cuatro mecanismos de participaci\u00f3n ciudadana que establece la Ley N\u00b0 20.500.<\/em><\/p>\n<p style=\"text-align: justify;\"><strong><em>Fechas claves del proceso eleccionario:<\/em><\/strong><\/p>\n<ul style=\"text-align: justify;\">\n<li><em>26 de julio: cierre de la inscripci\u00f3n de organizaciones y candidaturas.<\/em><\/li>\n<li><em>12 de agosto: publicaci\u00f3n de organizaciones acreditadas y candidaturas.<\/em><\/li>\n<li><em>29 de agosto: elecciones del COSOC IPS 2024.<\/em><\/li>\n<li><em>9 de septiembre: publicaci\u00f3n de resultados.<\/em><\/li>\n<\/ul>\n<\/div><\/section><\/div><div  style='height:50px' class='hr hr-invisible   avia-builder-el-6  el_after_av_one_full  el_before_av_social_share '><span class='hr-inner ' ><span class='hr-inner-style'><\/span><\/span><\/div><\/p>\n<div  class='av-social-sharing-box  avia-builder-el-7  el_after_av_hr  el_before_av_hr  '><div class='av-share-box'><h5 class='av-share-link-description av-no-toc '>Compartir esta noticia<\/h5><ul class='av-share-box-list noLightbox'><li class='av-share-link av-social-link-facebook' ><a target=\"_blank\" aria-label=\"Compartir en Facebook\" href='https:\/\/www.facebook.com\/sharer.php?u=https:\/\/radiorevelacionfm.cl\/?p=44414&#038;t=IPS%20llama%20a%20participar%20en%20las%20elecciones%20de%20su%20Consejo%20de%20la%20Sociedad%20Civil' aria-hidden='false' data-av_icon='\ue8f3' data-av_iconfont='entypo-fontello' title='' data-avia-related-tooltip='Compartir en Facebook' rel=\"noopener\"><span class='avia_hidden_link_text'>Compartir en Facebook<\/span><\/a><\/li><li class='av-share-link av-social-link-twitter' ><a target=\"_blank\" aria-label=\"Compartir en Twitter\" href='https:\/\/twitter.com\/share?text=IPS%20llama%20a%20participar%20en%20las%20elecciones%20de%20su%20Consejo%20de%20la%20Sociedad%20Civil&#038;url=https:\/\/radiorevelacionfm.cl\/?p=44414' aria-hidden='false' data-av_icon='\ue8f1' data-av_iconfont='entypo-fontello' title='' data-avia-related-tooltip='Compartir en Twitter' rel=\"noopener\"><span class='avia_hidden_link_text'>Compartir en Twitter<\/span><\/a><\/li><li class='av-share-link av-social-link-whatsapp' ><a target=\"_blank\" aria-label=\"Compartir en Whatsapp\" href='https:\/\/api.whatsapp.com\/send?text=https:\/\/radiorevelacionfm.cl\/?p=44414' aria-hidden='false' data-av_icon='\uf232' data-av_iconfont='entypo-fontello' title='' data-avia-related-tooltip='Compartir en Whatsapp' rel=\"noopener\"><span class='avia_hidden_link_text'>Compartir en Whatsapp<\/span><\/a><\/li><li class='av-share-link av-social-link-linkedin' ><a target=\"_blank\" aria-label=\"Compartir en LinkedIn\" href='https:\/\/linkedin.com\/shareArticle?mini=true&#038;title=IPS%20llama%20a%20participar%20en%20las%20elecciones%20de%20su%20Consejo%20de%20la%20Sociedad%20Civil&#038;url=https:\/\/radiorevelacionfm.cl\/?p=44414' aria-hidden='false' data-av_icon='\ue8fc' data-av_iconfont='entypo-fontello' title='' data-avia-related-tooltip='Compartir en LinkedIn' rel=\"noopener\"><span class='avia_hidden_link_text'>Compartir en LinkedIn<\/span><\/a><\/li><li class='av-share-link av-social-link-mail' ><a  aria-label=\"Compartir por correo\" href='mailto:?subject=IPS%20llama%20a%20participar%20en%20las%20elecciones%20de%20su%20Consejo%20de%20la%20Sociedad%20Civil&#038;body=https:\/\/radiorevelacionfm.cl\/?p=44414' aria-hidden='false' data-av_icon='\ue805' data-av_iconfont='entypo-fontello' title='' data-avia-related-tooltip='Compartir por correo'><span class='avia_hidden_link_text'>Compartir por correo<\/span><\/a><\/li><\/ul><\/div><\/div>\n<div  style='height:50px' class='hr hr-invisible   avia-builder-el-8  el_after_av_social_share  el_before_av_comments_list '><span class='hr-inner ' ><span class='hr-inner-style'><\/span><\/span><\/div>\n<div  class='av-buildercomment  av-blog-meta-html-info-disabled av-blog-meta-tag-disabled  '><\/div>\n","protected":false},"excerpt":{"rendered":"","protected":false},"author":1,"featured_media":44415,"comment_status":"open","ping_status":"open","sticky":false,"template":"","format":"standard","meta":{"footnotes":""},"categories":[38],"tags":[],"class_list":["post-44414","post","type-post","status-publish","format-standard","has-post-thumbnail","hentry","category-regional"],"jetpack_featured_media_url":"https:\/\/radiorevelacionfm.cl\/wp-content\/uploads\/2024\/07\/grafica-prensa_elecciones-cosoc-ips_26_optimized.06.24-1-1.jpg","_links":{"self":[{"href":"https:\/\/radiorevelacionfm.cl\/index.php?rest_route=\/wp\/v2\/posts\/44414","targetHints":{"allow":["GET"]}}],"collection":[{"href":"https:\/\/radiorevelacionfm.cl\/index.php?rest_route=\/wp\/v2\/posts"}],"about":[{"href":"https:\/\/radiorevelacionfm.cl\/index.php?rest_route=\/wp\/v2\/types\/post"}],"author":[{"embeddable":true,"href":"https:\/\/radiorevelacionfm.cl\/index.php?rest_route=\/wp\/v2\/users\/1"}],"replies":[{"embeddable":true,"href":"https:\/\/radiorevelacionfm.cl\/index.php?rest_route=%2Fwp%2Fv2%2Fcomments&post=44414"}],"version-history":[{"count":1,"href":"https:\/\/radiorevelacionfm.cl\/index.php?rest_route=\/wp\/v2\/posts\/44414\/revisions"}],"predecessor-version":[{"id":44416,"href":"https:\/\/radiorevelacionfm.cl\/index.php?rest_route=\/wp\/v2\/posts\/44414\/revisions\/44416"}],"wp:featuredmedia":[{"embeddable":true,"href":"https:\/\/radiorevelacionfm.cl\/index.php?rest_route=\/wp\/v2\/media\/44415"}],"wp:attachment":[{"href":"https:\/\/radiorevelacionfm.cl\/index.php?rest_route=%2Fwp%2Fv2%2Fmedia&parent=44414"}],"wp:term":[{"taxonomy":"category","embeddable":true,"href":"https:\/\/radiorevelacionfm.cl\/index.php?rest_route=%2Fwp%2Fv2%2Fcategories&post=44414"},{"taxonomy":"post_tag","embeddable":true,"href":"https:\/\/radiorevelacionfm.cl\/index.php?rest_route=%2Fwp%2Fv2%2Ftags&post=44414"}],"curies":[{"name":"wp","href":"https:\/\/api.w.org\/{rel}","templated":true}]}}