{"id":44411,"date":"2024-07-24T13:08:34","date_gmt":"2024-07-24T16:08:34","guid":{"rendered":"https:\/\/radiorevelacionfm.cl\/?p=44411"},"modified":"2024-07-24T13:08:34","modified_gmt":"2024-07-24T16:08:34","slug":"en-region-de-aysen-se-implementara-la-iniciativa-fortalezas-del-caracter-en-la-patagonia","status":"publish","type":"post","link":"https:\/\/radiorevelacionfm.cl\/?p=44411","title":{"rendered":"En Regi\u00f3n de Ays\u00e9n se implementar\u00e1 la iniciativa \u201cFortalezas del Car\u00e1cter en la Patagonia\u201d"},"content":{"rendered":"<div class=\"flex_column av_one_full  flex_column_div av-zero-column-padding first  avia-builder-el-0  el_before_av_one_full  avia-builder-el-first  \" style='border-radius:0px; '><div  class='avia-image-container  av-styling-    avia-builder-el-1  avia-builder-el-no-sibling  avia-align-center '  itemprop=\"image\" itemscope=\"itemscope\" itemtype=\"https:\/\/schema.org\/ImageObject\"  ><div class='avia-image-container-inner'><div class='avia-image-overlay-wrap'><img decoding=\"async\" class='wp-image-44412 avia-img-lazy-loading-not-44412 avia_image' src=\"https:\/\/radiorevelacionfm.cl\/wp-content\/uploads\/2024\/07\/unnamed-43-1-1.jpg\" alt='' title='unnamed (43) (1) (1)' height=\"600\" width=\"1043\"  itemprop=\"thumbnailUrl\" srcset=\"https:\/\/radiorevelacionfm.cl\/wp-content\/uploads\/2024\/07\/unnamed-43-1-1.jpg 1043w, https:\/\/radiorevelacionfm.cl\/wp-content\/uploads\/2024\/07\/unnamed-43-1-1-300x173.jpg 300w, https:\/\/radiorevelacionfm.cl\/wp-content\/uploads\/2024\/07\/unnamed-43-1-1-1030x593.jpg 1030w, https:\/\/radiorevelacionfm.cl\/wp-content\/uploads\/2024\/07\/unnamed-43-1-1-768x442.jpg 768w, https:\/\/radiorevelacionfm.cl\/wp-content\/uploads\/2024\/07\/unnamed-43-1-1-705x406.jpg 705w, https:\/\/radiorevelacionfm.cl\/wp-content\/uploads\/2024\/07\/unnamed-43-1-1-450x259.jpg 450w, https:\/\/radiorevelacionfm.cl\/wp-content\/uploads\/2024\/07\/unnamed-43-1-1-600x345.jpg 600w\" sizes=\"(max-width: 1043px) 100vw, 1043px\" \/><\/div><\/div><\/div><\/div><div class=\"flex_column av_one_full  flex_column_div av-zero-column-padding first  avia-builder-el-2  el_after_av_one_full  el_before_av_one_full  column-top-margin\" style='border-radius:0px; '><section class=\"av_textblock_section \"  itemscope=\"itemscope\" itemtype=\"https:\/\/schema.org\/BlogPosting\" itemprop=\"blogPost\" ><div class='avia_textblock  '   itemprop=\"text\" ><p style=\"text-align: center;\"><strong><span style=\"font-size: 18pt;\">En Regi\u00f3n de Ays\u00e9n se implementar\u00e1 la iniciativa \u201cFortalezas del Car\u00e1cter en la Patagonia\u201d<\/span><\/strong><\/p>\n<div id=\"gtx-trans\" style=\"position: absolute; left: -50px; top: 4.31534px;\">\n<div class=\"gtx-trans-icon\"><\/div>\n<\/div>\n<\/div><\/section><\/div><div class=\"flex_column av_one_full  flex_column_div av-zero-column-padding first  avia-builder-el-4  el_after_av_one_full  el_before_av_hr  column-top-margin\" style='border-radius:0px; '><section class=\"av_textblock_section \"  itemscope=\"itemscope\" itemtype=\"https:\/\/schema.org\/BlogPosting\" itemprop=\"blogPost\" ><div class='avia_textblock  '   itemprop=\"text\" ><p style=\"text-align: justify;\"><em>En una instancia de di\u00e1logo y colaboraci\u00f3n, se realiz\u00f3 el lanzamiento de la aceleradora de impacto educativo de Efecto Colectivo a trav\u00e9s de las ocho iniciativas galardonadas y se reunieron para definir una agenda com\u00fan de trabajo con mirada a futuro.<\/em><\/p>\n<p style=\"text-align: justify;\">Con talleres de co-dise\u00f1o de innovaci\u00f3n colaborativa, se dio inicio al trabajo de implementaci\u00f3n de los\u00a0proyectos ganadores de Efecto Colectivo, alianza colaborativa impulsada por Fundaci\u00f3n Reimagina con el apoyo de BHP Foundation,\u00a0que busca\u00a0transformar la educaci\u00f3n del pa\u00eds para responder con \u00e9xito a los desaf\u00edos de hoy y ma\u00f1ana.<\/p>\n<p style=\"text-align: justify;\">La directora de Fundaci\u00f3n Reimagina, Ana Mar\u00eda Raad, destac\u00f3 la importancia de este hito inicial y su relevancia como un espacio para construir una visi\u00f3n en com\u00fan de los proyectos que se desarrollar\u00e1n en distintas regiones de Chile. \u201cCada uno de ellos tiene el potencial de transformar la experiencia educativa, enfoc\u00e1ndose en distintas \u00e1reas y estamentos de la comunidad escolar.\u00a0Nuestra visi\u00f3n es que si a ese potencial le entregamos acompa\u00f1amiento y las herramientas necesarias para que puedan cumplir sus objetivos y escalar, lograremos el efecto colectivo al que aspiramos,\u00a0para que los estudiantes puedan lograr los aprendizajes que necesitan para un mejor futuro\u2019\u2019, dijo.<\/p>\n<p style=\"text-align: justify;\">Del mismo modo,\u00a0Alejandra Garc\u00e9s, directora del Programa Chile BHP Foundation,\u00a0plante\u00f3 que \u201ca trav\u00e9s de Efecto Colectivo buscamos impactar positivamente en el sistema educativo articulando colaboraciones valiosas con diferentes organizaciones y poniendo en valor las variables que inciden en el desarrollo escolar. Es por ello que\u00a0trabajamos para reducir las brechas de aprendizaje, centr\u00e1ndonos en impulsar habilidades del siglo XXI, cognitivas y socioemocionales e incorporando el buen uso de tecnolog\u00edas.\u00a0Es mucho m\u00e1s que la suma de las partes, es la convicci\u00f3n de que unidos podemos mejorar las oportunidades de estudiantes y generar un cambio\u201d.<\/p>\n<p style=\"text-align: justify;\">Uno de los proyectos ganadores fue la iniciativa\u00a0\u201cFortalezas del Car\u00e1cter Astoreca en la Patagonia\u201d, de la Fundaci\u00f3n Social Astoreca, en alianza con KommPakt, Comunicaci\u00f3n en Educaci\u00f3n y Fundaci\u00f3n Cuenca Viva, que se implementar\u00e1 en los Servicios Locales de Educaci\u00f3n P\u00fablica Llanquihue y\u00a0 Ays\u00e9n, buscando educar para disminuir conductas de riesgo, mejorar la convivencia escolar, el bienestar socioemocional, entre otras.<\/p>\n<p style=\"text-align: justify;\">Este programa, que abarca desde prekinder a 4\u00b0 medio, se basa en la noci\u00f3n de que, si bien todas las personas nacen con un temperamento, es posible educar el car\u00e1cter a trav\u00e9s del desarrollo de fortalezas. Al respecto,\u00a0Mat\u00edas Moller, jefe de Formaci\u00f3n de la Fundaci\u00f3n Astoreca,\u00a0plante\u00f3 que \u201ctanto en la Regi\u00f3n de Los Lagos como en Ays\u00e9n se ha observado la necesidad de trabajar en temas de\u00a0convivencia y de habilidades socioemocionales\u00a0de un modo m\u00e1s sist\u00e9mico, el cual englobe a toda la escuela y a todos los actores.<\/p>\n<p style=\"text-align: justify;\">En ese sentido, Moller agreg\u00f3 que \u201cAstoreca llega a trabajar a estas localidades luego de hacer un procedimiento y un match con ciertas escuelas focalizadas que necesitaban ayuda, en un escenario en el que las denuncias de convivencia escolar en Los Lagos aument\u00f3 desde el 40% al 60%, y de serios problemas de salud mental en Ays\u00e9n, de acuerdo a las cifras de la Superintendencia de Educaci\u00f3n\u201d.<\/p>\n<p style=\"text-align: justify;\">Esta iniciativa, seg\u00fan plantean sus impulsores, tiene dos grados de intervenci\u00f3n: una instrucci\u00f3n directa en la clase de orientaci\u00f3n, y otra que es la transformaci\u00f3n de la cultura escolar, que requiere de soporte y de liderazgo. Por lo tanto, los equipos directivos y los profesores son quienes gestionan esta cultura escolar, la cual va a promover las fortalezas y\u00a0el car\u00e1cter que la iniciativa Fortalezas del Car\u00e1cter en la Patagonia espera que los estudiantes puedan desarrollar.<\/p>\n<\/div><\/section><\/div><div  style='height:50px' class='hr hr-invisible   avia-builder-el-6  el_after_av_one_full  el_before_av_social_share '><span class='hr-inner ' ><span class='hr-inner-style'><\/span><\/span><\/div><\/p>\n<div  class='av-social-sharing-box  avia-builder-el-7  el_after_av_hr  el_before_av_hr  '><div class='av-share-box'><h5 class='av-share-link-description av-no-toc '>Compartir esta noticia<\/h5><ul class='av-share-box-list noLightbox'><li class='av-share-link av-social-link-facebook' ><a target=\"_blank\" aria-label=\"Compartir en Facebook\" href='https:\/\/www.facebook.com\/sharer.php?u=https:\/\/radiorevelacionfm.cl\/?p=44411&#038;t=En%20Regi%C3%B3n%20de%20Ays%C3%A9n%20se%20implementar%C3%A1%20la%20iniciativa%20%E2%80%9CFortalezas%20del%20Car%C3%A1cter%20en%20la%20Patagonia%E2%80%9D' aria-hidden='false' data-av_icon='\ue8f3' data-av_iconfont='entypo-fontello' title='' data-avia-related-tooltip='Compartir en Facebook' rel=\"noopener\"><span class='avia_hidden_link_text'>Compartir en Facebook<\/span><\/a><\/li><li class='av-share-link av-social-link-twitter' ><a target=\"_blank\" aria-label=\"Compartir en Twitter\" href='https:\/\/twitter.com\/share?text=En%20Regi%C3%B3n%20de%20Ays%C3%A9n%20se%20implementar%C3%A1%20la%20iniciativa%20%E2%80%9CFortalezas%20del%20Car%C3%A1cter%20en%20la%20Patagonia%E2%80%9D&#038;url=https:\/\/radiorevelacionfm.cl\/?p=44411' aria-hidden='false' data-av_icon='\ue8f1' data-av_iconfont='entypo-fontello' title='' data-avia-related-tooltip='Compartir en Twitter' rel=\"noopener\"><span class='avia_hidden_link_text'>Compartir en Twitter<\/span><\/a><\/li><li class='av-share-link av-social-link-whatsapp' ><a target=\"_blank\" aria-label=\"Compartir en Whatsapp\" href='https:\/\/api.whatsapp.com\/send?text=https:\/\/radiorevelacionfm.cl\/?p=44411' aria-hidden='false' data-av_icon='\uf232' data-av_iconfont='entypo-fontello' title='' data-avia-related-tooltip='Compartir en Whatsapp' rel=\"noopener\"><span class='avia_hidden_link_text'>Compartir en Whatsapp<\/span><\/a><\/li><li class='av-share-link av-social-link-linkedin' ><a target=\"_blank\" aria-label=\"Compartir en LinkedIn\" href='https:\/\/linkedin.com\/shareArticle?mini=true&#038;title=En%20Regi%C3%B3n%20de%20Ays%C3%A9n%20se%20implementar%C3%A1%20la%20iniciativa%20%E2%80%9CFortalezas%20del%20Car%C3%A1cter%20en%20la%20Patagonia%E2%80%9D&#038;url=https:\/\/radiorevelacionfm.cl\/?p=44411' aria-hidden='false' data-av_icon='\ue8fc' data-av_iconfont='entypo-fontello' title='' data-avia-related-tooltip='Compartir en LinkedIn' rel=\"noopener\"><span class='avia_hidden_link_text'>Compartir en LinkedIn<\/span><\/a><\/li><li class='av-share-link av-social-link-mail' ><a  aria-label=\"Compartir por correo\" href='mailto:?subject=En%20Regi%C3%B3n%20de%20Ays%C3%A9n%20se%20implementar%C3%A1%20la%20iniciativa%20%E2%80%9CFortalezas%20del%20Car%C3%A1cter%20en%20la%20Patagonia%E2%80%9D&#038;body=https:\/\/radiorevelacionfm.cl\/?p=44411' aria-hidden='false' data-av_icon='\ue805' data-av_iconfont='entypo-fontello' title='' data-avia-related-tooltip='Compartir por correo'><span class='avia_hidden_link_text'>Compartir por correo<\/span><\/a><\/li><\/ul><\/div><\/div>\n<div  style='height:50px' class='hr hr-invisible   avia-builder-el-8  el_after_av_social_share  el_before_av_comments_list '><span class='hr-inner ' ><span class='hr-inner-style'><\/span><\/span><\/div>\n<div  class='av-buildercomment  av-blog-meta-html-info-disabled av-blog-meta-tag-disabled  '><\/div>\n","protected":false},"excerpt":{"rendered":"","protected":false},"author":1,"featured_media":44412,"comment_status":"open","ping_status":"open","sticky":false,"template":"","format":"standard","meta":{"footnotes":""},"categories":[38],"tags":[],"class_list":["post-44411","post","type-post","status-publish","format-standard","has-post-thumbnail","hentry","category-regional"],"jetpack_featured_media_url":"https:\/\/radiorevelacionfm.cl\/wp-content\/uploads\/2024\/07\/unnamed-43-1-1.jpg","_links":{"self":[{"href":"https:\/\/radiorevelacionfm.cl\/index.php?rest_route=\/wp\/v2\/posts\/44411","targetHints":{"allow":["GET"]}}],"collection":[{"href":"https:\/\/radiorevelacionfm.cl\/index.php?rest_route=\/wp\/v2\/posts"}],"about":[{"href":"https:\/\/radiorevelacionfm.cl\/index.php?rest_route=\/wp\/v2\/types\/post"}],"author":[{"embeddable":true,"href":"https:\/\/radiorevelacionfm.cl\/index.php?rest_route=\/wp\/v2\/users\/1"}],"replies":[{"embeddable":true,"href":"https:\/\/radiorevelacionfm.cl\/index.php?rest_route=%2Fwp%2Fv2%2Fcomments&post=44411"}],"version-history":[{"count":1,"href":"https:\/\/radiorevelacionfm.cl\/index.php?rest_route=\/wp\/v2\/posts\/44411\/revisions"}],"predecessor-version":[{"id":44413,"href":"https:\/\/radiorevelacionfm.cl\/index.php?rest_route=\/wp\/v2\/posts\/44411\/revisions\/44413"}],"wp:featuredmedia":[{"embeddable":true,"href":"https:\/\/radiorevelacionfm.cl\/index.php?rest_route=\/wp\/v2\/media\/44412"}],"wp:attachment":[{"href":"https:\/\/radiorevelacionfm.cl\/index.php?rest_route=%2Fwp%2Fv2%2Fmedia&parent=44411"}],"wp:term":[{"taxonomy":"category","embeddable":true,"href":"https:\/\/radiorevelacionfm.cl\/index.php?rest_route=%2Fwp%2Fv2%2Fcategories&post=44411"},{"taxonomy":"post_tag","embeddable":true,"href":"https:\/\/radiorevelacionfm.cl\/index.php?rest_route=%2Fwp%2Fv2%2Ftags&post=44411"}],"curies":[{"name":"wp","href":"https:\/\/api.w.org\/{rel}","templated":true}]}}